{"id":28949,"date":"2026-05-01T23:13:14","date_gmt":"2026-05-02T02:13:14","guid":{"rendered":"https:\/\/diarioalagoas.com.br\/?p=28949"},"modified":"2026-05-01T23:13:14","modified_gmt":"2026-05-02T02:13:14","slug":"lauro-chaman-e-ouro-em-etapa-a-copa-do-mundo-de-ciclismo-de-estrada","status":"publish","type":"post","link":"https:\/\/diarioalagoas.com.br\/?p=28949","title":{"rendered":"Lauro Chaman \u00e9 ouro em etapa a Copa do Mundo de ciclismo de estrada"},"content":{"rendered":"<p> <br \/>\n<\/p>\n<div>\n<p>O \u00faltimo dia da etapa da Copa do Mundo de ciclismo de estada em Gistel (B\u00e9lgica) terminou em grande estilo para o Brasil. O paulista Lauro Chaman foi campe\u00e3o na prova de 80,4 quil\u00f4metros &#8211; divididos em oito voltas \u2013 da classe MC5 (atletas que utilizam bicicletas convencionais). Representante brasileiro nos Jogos de Paris 2024, Chaman cruzou a linha de chegada em 1h48min09s, deixando para tr\u00e1s o holand\u00eas Daniel Abraham Gebru e o ucraniano Yehor Dementyev, prata e o bronze, respectivamente.<img decoding=\"async\" src=\"https:\/\/agenciabrasil.ebc.com.br\/ebc.png?id=1688171&amp;o=node\" style=\"width:1px; height:1px; display:inline;\"\/><img decoding=\"async\" src=\"https:\/\/agenciabrasil.ebc.com.br\/ebc.gif?id=1688171&amp;o=node\" style=\"width:1px; height:1px; display:inline;\"\/><\/p>\n<p>Quem tamb\u00e9m subiu ao p\u00f3dio nesta sexta (1\u00ba) foi a paranaense Vict\u00f3ria Barbosa, que faturou a prata na classe C1 feminina (atletas com bicicletas convencionais) da prova dos 49,8 km em quatro voltas. O ouro ficou com a chinesa Wangwei Qian.<\/p>\n<p>Com as conquistas de hoje, o Brasil fechou a competi\u00e7\u00e3o com sete medalhas (um ouro e seis pratas). Na ter\u00e7a (28), primeiro dia de disputas, as paulistas Gilmara do Ros\u00e1rio e J\u00e9ssica Ferreira foram vice-campe\u00e3s nas provas de contrarrel\u00f3gio das classes H2 e H3, para ciclistas que utilizam <em>handbikes<\/em> (bicicletas impulsionadas com as m\u00e3os).<\/p>\n<div class=\"dnd-widget-wrapper context-cheio_8colunas type-image\">\n<div class=\"dnd-atom-rendered\"><!-- scald=461461:cheio_8colunas --><br \/>\n            <img decoding=\"async\" src=\"https:\/\/imagens.ebc.com.br\/Cl6NOD1g-noIDmxbwEyC-8BhWfs=\/754x0\/smart\/https:\/\/agenciabrasil.ebc.com.br\/sites\/default\/files\/thumbnails\/image\/2026\/05\/01\/gilmara_ciclismo_etapa_copa_do_mundo_belgica_2026.jpg?itok=lJwP9OkU\" alt=\"Gilmara do Ros\u00e1rio em disputa na etapa de Copa do Mundo em Gistel, na B\u00e9lgica, em 30\/04\/2026\" title=\"JB Benavent\/CBC\/Direitos Reservados\"\/><br \/>\n        <img decoding=\"async\" src=\"https:\/\/imagens.ebc.com.br\/Cl6NOD1g-noIDmxbwEyC-8BhWfs=\/754x0\/smart\/https:\/\/agenciabrasil.ebc.com.br\/sites\/default\/files\/thumbnails\/image\/2026\/05\/01\/gilmara_ciclismo_etapa_copa_do_mundo_belgica_2026.jpg?itok=lJwP9OkU\" alt=\"Gilmara do Ros\u00e1rio em disputa na etapa de Copa do Mundo em Gistel, na B\u00e9lgica, em 30\/04\/2026\" title=\"JB Benavent\/CBC\/Direitos Reservados\"\/><br \/>\n    <!-- END scald=461461 --><\/div>\n<div class=\"dnd-caption-wrapper\">\n<p><!--copyright=461461-->A paulista Gilmara do Ros\u00e1rio arrematou duas pratas na quinta-feira (30): a prmeira na prova contrarrel\u00f3gico e depois na dispua de resist\u00eancia em percurso de 29,4 km &#8211; <strong>JB Benavent\/CBC\/Direitos Reservados<\/strong><!--END copyright=461461--><\/p>\n<\/div>\n<\/div>\n<p>As brasileiras voltaram a subir ao p\u00f3dio no dia seguinte. Gilmara chegou em segundo lugar na prova de resist\u00eancia em percurso de 29,4 km (dividido em tr\u00eas voltas), com o tempo 1h30min34s, atr\u00e1s apenas da tailandesa Patcharapha Seesen, que levou o ouro. O bronze ficou com a brit\u00e2nica Marina Logacheva (1h31min44s). A compatriota J\u00e9ssica tamb\u00e9m foi vice-campe\u00e3 no percurso de 49,8 km (dividido em cinco voltas), com o tempo de 1h29min24s. O ouro ficou com a francesa Ana\u00efs Vincent (1h26min32s) e o bronze com a norte-americana Jenna Rollman (1h41min01s).<\/p>\n<p>Ao todo, 14 atletas e um piloto competiram na etapa da Copa na B\u00e9lgica. A pr\u00f3xima ser\u00e1 em Abruzzo (It\u00e1lia), com in\u00edcio na quinta (7).<\/p>\n<p>      <!-- Relacionada --><\/p>\n<p>            <!-- Relacionada -->\n    <\/div>\n<p><br \/>\n<br \/><a href=\"https:\/\/agenciabrasil.ebc.com.br\/esportes\/noticia\/2026-05\/lauro-chaman-e-ouro-em-etapa-copa-do-mundo-de-ciclismo-de-estrada\">Ag\u00eancia Brasil<\/a><\/p>\n","protected":false},"excerpt":{"rendered":"<p>O \u00faltimo dia da etapa da Copa do Mundo de ciclismo de estada em Gistel (B\u00e9lgica) terminou em grande estilo para o Brasil. O paulista Lauro Chaman foi campe\u00e3o na prova de 80,4 quil\u00f4metros &#8211; divididos em oito voltas \u2013 da classe MC5 (atletas que utilizam bicicletas convencionais). Representante brasileiro nos Jogos de Paris 2024, [&hellip;]<\/p>\n","protected":false},"author":1,"featured_media":28950,"comment_status":"closed","ping_status":"","sticky":false,"template":"","format":"standard","meta":{"footnotes":""},"categories":[14],"tags":[],"class_list":["post-28949","post","type-post","status-publish","format-standard","has-post-thumbnail","hentry","category-esportes"],"_links":{"self":[{"href":"https:\/\/diarioalagoas.com.br\/index.php?rest_route=\/wp\/v2\/posts\/28949","targetHints":{"allow":["GET"]}}],"collection":[{"href":"https:\/\/diarioalagoas.com.br\/index.php?rest_route=\/wp\/v2\/posts"}],"about":[{"href":"https:\/\/diarioalagoas.com.br\/index.php?rest_route=\/wp\/v2\/types\/post"}],"author":[{"embeddable":true,"href":"https:\/\/diarioalagoas.com.br\/index.php?rest_route=\/wp\/v2\/users\/1"}],"replies":[{"embeddable":true,"href":"https:\/\/diarioalagoas.com.br\/index.php?rest_route=%2Fwp%2Fv2%2Fcomments&post=28949"}],"version-history":[{"count":0,"href":"https:\/\/diarioalagoas.com.br\/index.php?rest_route=\/wp\/v2\/posts\/28949\/revisions"}],"wp:featuredmedia":[{"embeddable":true,"href":"https:\/\/diarioalagoas.com.br\/index.php?rest_route=\/wp\/v2\/media\/28950"}],"wp:attachment":[{"href":"https:\/\/diarioalagoas.com.br\/index.php?rest_route=%2Fwp%2Fv2%2Fmedia&parent=28949"}],"wp:term":[{"taxonomy":"category","embeddable":true,"href":"https:\/\/diarioalagoas.com.br\/index.php?rest_route=%2Fwp%2Fv2%2Fcategories&post=28949"},{"taxonomy":"post_tag","embeddable":true,"href":"https:\/\/diarioalagoas.com.br\/index.php?rest_route=%2Fwp%2Fv2%2Ftags&post=28949"}],"curies":[{"name":"wp","href":"https:\/\/api.w.org\/{rel}","templated":true}]}}