{"id":28951,"date":"2026-05-01T23:26:38","date_gmt":"2026-05-02T02:26:38","guid":{"rendered":"https:\/\/diarioalagoas.com.br\/?p=28951"},"modified":"2026-05-01T23:26:38","modified_gmt":"2026-05-02T02:26:38","slug":"ato-em-sao-bernardo-mobiliza-sindicatos-e-pede-fim-da-escala-6x1","status":"publish","type":"post","link":"https:\/\/diarioalagoas.com.br\/?p=28951","title":{"rendered":"Ato em S\u00e3o Bernardo mobiliza sindicatos e pede fim da escala 6&#215;1"},"content":{"rendered":"<p> <br \/>\n<\/p>\n<div>\n<p><strong>Alguns milhares de trabalhadores e moradores da regi\u00e3o do ABC paulista se reuniram, neste 1\u00b0 de maio, no Pa\u00e7o Municipal de S\u00e3o Bernardo do Campo, onde acompanharam a festa promovida pelos sindicatos da regi\u00e3o, em comemora\u00e7\u00e3o ao Dia do Trabalhador.<\/strong><img decoding=\"async\" src=\"https:\/\/agenciabrasil.ebc.com.br\/ebc.png?id=1688165&amp;o=node\" style=\"width:1px; height:1px; display:inline;\"\/><img decoding=\"async\" src=\"https:\/\/agenciabrasil.ebc.com.br\/ebc.gif?id=1688165&amp;o=node\" style=\"width:1px; height:1px; display:inline;\"\/><\/p>\n<p>As 26 agremia\u00e7\u00f5es, filiadas \u00e0 Central \u00danica dos Trabalhadores (CUT), se revezaram em discursos e programa\u00e7\u00e3o musical.<\/p>\n<p><strong>As principais pautas pediam o fim da escala de seis dias de trabalho para um de descanso (6&#215;1) e a expans\u00e3o das pol\u00edticas de combate ao feminic\u00eddio, com falas que discutiam a necessidade da participa\u00e7\u00e3o popular para superar o machismo.<\/strong><\/p>\n<p>O evento contou com a participa\u00e7\u00e3o de tr\u00eas ministros do governo federal: Luiz Marinho (Minist\u00e9rio do Trabalho e Emprego), Alexandre Padilha (da Sa\u00fade) e Leonardo Sarchini (da Educa\u00e7\u00e3o).\u00a0<\/p>\n<p>\u201cToda vez que o presidente Lula governa o pa\u00eds, o 1\u00b0 de maio costuma ser o dia da celebra\u00e7\u00e3o mas tamb\u00e9m \u00e9 o dia da consci\u00eancia do trabalhador e da trabalhadora em rela\u00e7\u00e3o ao que falta fazer. A batalha do ano \u00e9 fazer o Congresso aprovar, antes das elei\u00e7\u00f5es [de outubro], a revis\u00e3o da jornada 6&#215;1\u201d, discursou Fernando Haddad, ex-ministro da Fazenda.<\/p>\n<p><strong>Haddad falou ainda sobre a import\u00e2ncia da participa\u00e7\u00e3o popular para a conquista de outros avan\u00e7os, como a isen\u00e7\u00e3o do Imposto de Renda nas participa\u00e7\u00f5es de lucros (PLR).<\/strong><\/p>\n<p>Representando o Sindicato dos Metal\u00fargicos do ABC, o presidente da entidade Mois\u00e9s Selerges comemorou o bom momento para a categoria.<\/p>\n<blockquote>\n<p>\u201cTivemos conquistas e hoje as taxas de desemprego s\u00e3o as melhores da hist\u00f3ria. Essas conquistas ser\u00e3o importantes porque somos os trabalhadores e trabalhadoras que produzem a riqueza do nosso pa\u00eds. Agora queremos, precisamos reduzir a jornada de trabalho. A nossa miss\u00e3o \u00e9 pressionar, l\u00e1 em Bras\u00edlia, pra acabar com a jornada 6&#215;1.\u201d<\/p>\n<\/blockquote>\n<h2>M\u00fasica ao vivo<\/h2>\n<p>A programa\u00e7\u00e3o da festa contou com apresenta\u00e7\u00f5es musicais desde a manh\u00e3 dessa sexta-feira. Os destaques foram o MC IG e Gl\u00f3ria Groove, que se apresentaram no come\u00e7o da noite.\u00a0<\/p>\n<h2>Seguran\u00e7a\u00a0<\/h2>\n<div class=\"dnd-widget-wrapper context-medio_4colunas type-image atom-align-left\">\n<div class=\"dnd-atom-rendered\"><!-- scald=461444:medio_4colunas {\"additionalClasses\":\"\"} --><br \/>\n            <img decoding=\"async\" src=\"https:\/\/imagens.ebc.com.br\/UDVow9akiOpRQJL0TQCkdHLbVts=\/365x0\/smart\/https:\/\/agenciabrasil.ebc.com.br\/sites\/default\/files\/thumbnails\/image\/2026\/05\/01\/_int0288.jpg.jpg?itok=AL-XrZuG\" alt=\"S\u00e3o Bernardo do Campo (SP), 01\/05\/2026 - Guarda Civil de S\u00e3o Bernardo durante ato em comemora\u00e7\u00e3o ao dia do Trabalhador.&#13;&#10;Foto: Paulo Pinto\/Ag\u00eancia Brasil\" title=\"Paulo Pinto\/Ag\u00eancia Brasil\"\/><br \/>\n        <img decoding=\"async\" src=\"https:\/\/imagens.ebc.com.br\/UDVow9akiOpRQJL0TQCkdHLbVts=\/365x0\/smart\/https:\/\/agenciabrasil.ebc.com.br\/sites\/default\/files\/thumbnails\/image\/2026\/05\/01\/_int0288.jpg.jpg?itok=AL-XrZuG\" alt=\"S\u00e3o Bernardo do Campo (SP), 01\/05\/2026 - Guarda Civil de S\u00e3o Bernardo durante ato em comemora\u00e7\u00e3o ao dia do Trabalhador.&#13;&#10;Foto: Paulo Pinto\/Ag\u00eancia Brasil\" title=\"Paulo Pinto\/Ag\u00eancia Brasil\"\/><br \/>\n    <!-- END scald=461444 --><\/div>\n<p><h6 class=\"meta\">Guarda Civil de S\u00e3o Bernardo durante ato em comemora\u00e7\u00e3o ao Dia do Trabalhador &#8211; <strong>Paulo Pinto\/Ag\u00eancia Brasil<\/strong><!--END copyright=461444--><\/h6>\n<\/p>\n<\/div>\n<p>A Guarda Municipal de S\u00e3o Bernardo fez a seguran\u00e7a do evento, a partir de sua base no pr\u00f3prio Pa\u00e7o. Por volta das 16h interferiu em um confronto localizado, \u00e0 esquerda do palco, removendo um homem a quem atribu\u00edram ter iniciado uma confus\u00e3o. No processo afastaram com viol\u00eancia o fot\u00f3grafo da <strong>Ag\u00eancia Brasil<\/strong>, Paulo Pinto.<\/p>\n<p>\u00a0<\/p>\n<p>      <!-- Relacionada --><\/p>\n<p>            <!-- Relacionada -->\n    <\/div>\n<p><br \/>\n<br \/><a href=\"https:\/\/agenciabrasil.ebc.com.br\/geral\/noticia\/2026-05\/ato-em-sao-bernardo-mobiliza-sindicatos-e-pede-fim-da-escala-6x1\">Ag\u00eancia Brasil<\/a><\/p>\n","protected":false},"excerpt":{"rendered":"<p>Alguns milhares de trabalhadores e moradores da regi\u00e3o do ABC paulista se reuniram, neste 1\u00b0 de maio, no Pa\u00e7o Municipal de S\u00e3o Bernardo do Campo, onde acompanharam a festa promovida pelos sindicatos da regi\u00e3o, em comemora\u00e7\u00e3o ao Dia do Trabalhador. As 26 agremia\u00e7\u00f5es, filiadas \u00e0 Central \u00danica dos Trabalhadores (CUT), se revezaram em discursos e [&hellip;]<\/p>\n","protected":false},"author":1,"featured_media":28952,"comment_status":"closed","ping_status":"","sticky":false,"template":"","format":"standard","meta":{"footnotes":""},"categories":[15],"tags":[],"class_list":["post-28951","post","type-post","status-publish","format-standard","has-post-thumbnail","hentry","category-geral"],"_links":{"self":[{"href":"https:\/\/diarioalagoas.com.br\/index.php?rest_route=\/wp\/v2\/posts\/28951","targetHints":{"allow":["GET"]}}],"collection":[{"href":"https:\/\/diarioalagoas.com.br\/index.php?rest_route=\/wp\/v2\/posts"}],"about":[{"href":"https:\/\/diarioalagoas.com.br\/index.php?rest_route=\/wp\/v2\/types\/post"}],"author":[{"embeddable":true,"href":"https:\/\/diarioalagoas.com.br\/index.php?rest_route=\/wp\/v2\/users\/1"}],"replies":[{"embeddable":true,"href":"https:\/\/diarioalagoas.com.br\/index.php?rest_route=%2Fwp%2Fv2%2Fcomments&post=28951"}],"version-history":[{"count":0,"href":"https:\/\/diarioalagoas.com.br\/index.php?rest_route=\/wp\/v2\/posts\/28951\/revisions"}],"wp:featuredmedia":[{"embeddable":true,"href":"https:\/\/diarioalagoas.com.br\/index.php?rest_route=\/wp\/v2\/media\/28952"}],"wp:attachment":[{"href":"https:\/\/diarioalagoas.com.br\/index.php?rest_route=%2Fwp%2Fv2%2Fmedia&parent=28951"}],"wp:term":[{"taxonomy":"category","embeddable":true,"href":"https:\/\/diarioalagoas.com.br\/index.php?rest_route=%2Fwp%2Fv2%2Fcategories&post=28951"},{"taxonomy":"post_tag","embeddable":true,"href":"https:\/\/diarioalagoas.com.br\/index.php?rest_route=%2Fwp%2Fv2%2Ftags&post=28951"}],"curies":[{"name":"wp","href":"https:\/\/api.w.org\/{rel}","templated":true}]}}