{"id":28955,"date":"2026-05-02T00:11:19","date_gmt":"2026-05-02T03:11:19","guid":{"rendered":"https:\/\/diarioalagoas.com.br\/?p=28955"},"modified":"2026-05-02T00:11:19","modified_gmt":"2026-05-02T03:11:19","slug":"prefeitura-de-maceio-acao-da-semana-do-trabalhador-leva-servicos","status":"publish","type":"post","link":"https:\/\/diarioalagoas.com.br\/?p=28955","title":{"rendered":"Prefeitura de Macei\u00f3 | A\u00e7\u00e3o da Semana do Trabalhador leva servi\u00e7os\u2026"},"content":{"rendered":"<p> <br \/>\n<\/p>\n<div id=\"\">\n<p><span>A Secretaria de Trabalho, Emprego e Economia Solid\u00e1ria de Macei\u00f3 (Semtes) realizou, nesta quinta-feira (30), no Parque Centen\u00e1rio, uma a\u00e7\u00e3o em alus\u00e3o \u00e0 Semana do Trabalhador, com oferta de servi\u00e7os gratuitos voltados \u00e0 sa\u00fade, bem-estar, orienta\u00e7\u00e3o jur\u00eddica e qualifica\u00e7\u00e3o profissional. A iniciativa teve como objetivo facilitar o acesso da popula\u00e7\u00e3o a atendimentos em um \u00fanico espa\u00e7o.<\/span><\/p>\n<p><span>Durante a programa\u00e7\u00e3o, foram ofertados atendimentos de massoterapia, ventosaterapia, vacina\u00e7\u00e3o e testes r\u00e1pidos, oferecidos pela Secretaria Municipal de Sa\u00fade (SMS), al\u00e9m de servi\u00e7os como aferi\u00e7\u00e3o de press\u00e3o e orienta\u00e7\u00e3o nutricional. O p\u00fablico tamb\u00e9m teve acesso a manicure, pedicure, corte de cabelo feminino e escova, bem como assessoria jur\u00eddica, atendimento ao consumidor por meio do Procon e divulga\u00e7\u00e3o de cursos nas \u00e1reas de marketing, vendas e marketing digital.<\/span><\/p>\n<p>Para o prefeito Rodrigo Cunha, a a\u00e7\u00e3o refor\u00e7a o empenho da gest\u00e3o com a valoriza\u00e7\u00e3o de quem move a cidade todos os dias.<\/p>\n<p>\u201cReconhecemos a import\u00e2ncia de cada pessoa que contribui para o desenvolvimento da nossa cidade. Quando levamos servi\u00e7os gratuitos para perto da popula\u00e7\u00e3o, estamos garantindo mais cuidado e oportunidades. Nosso compromisso \u00e9 seguir ampliando essas a\u00e7\u00f5es, aproximando o poder p\u00fablico das pessoas e facilitando o acesso a direitos essenciais no dia a dia\u201d, afirmou.<\/p>\n<p>O secret\u00e1rio Trabalho, Emprego e Economia Solid\u00e1ria de Macei\u00f3, Jarbinhas Barros, destacou a import\u00e2ncia do evento e refor\u00e7ou que outros eventos como esses ir\u00e3o acontecer ao longo do ano.<\/p>\n<p><span>\u201cEssa a\u00e7\u00e3o re\u00fane servi\u00e7os importantes em um \u00fanico espa\u00e7o, facilitando o acesso da popula\u00e7\u00e3o a atendimentos que fazem parte do dia a dia do trabalhador. Estamos trabalhado para ampliar esse acesso ao longo do ano e levar servi\u00e7os p\u00fablicos para mais perto das pessoas, com foco nas demandas reais da popula\u00e7\u00e3o\u201d, afirmou.<\/span><\/p>\n<p><span>A programa\u00e7\u00e3o incluiu ainda atividades de integra\u00e7\u00e3o, como aula de zumba, palestra sobre sa\u00fade mental e apresenta\u00e7\u00e3o musical com voz e viol\u00e3o com o m\u00fasico Uilliam Gabriel.<\/span><\/p>\n<p><span>Moradora da regi\u00e3o h\u00e1 cerca de dois anos, a modelista Rosemary Fagundes avaliou a iniciativa. \u201cEu viajo o Brasil ensinando modelagem de roupas e achei o evento muito bom. A gente precisa desse tipo de a\u00e7\u00e3o, que chega mais perto das pessoas e facilita o acesso a servi\u00e7os no dia a dia\u201d, afirmou.<\/span><\/p>\n<p><span>Quem tamb\u00e9m participou foi Sioneide Albuquerque, que mora pr\u00f3ximo ao Parque Centen\u00e1rio. \u201cEstou gostando muito do evento. Aproveitei a vacina\u00e7\u00e3o e acompanhei a palestra da psic\u00f3loga, que trouxe reflex\u00f5es importantes sobre comunica\u00e7\u00e3o e conviv\u00eancia. Tamb\u00e9m tem v\u00e1rios outros servi\u00e7os dispon\u00edveis. \u00c9 muito bom ter esse tipo de a\u00e7\u00e3o perto da gente\u201d, destacou.<\/span><\/p>\n<div class=\"gallery-item\">\n<span class=\"gallery-item__legend\">Foto: Neno Canuto\/Secom Macei\u00f3<\/span><\/div>\n<div class=\"gabinate\">\n<a href=\"https:\/\/maceio.al.gov.br\/secretarias-e-orgaos\/semtes\">SEMTES<\/a><\/p>\n<h2>Secretaria Municipal de Trabalho, Emprego e Economia Solid\u00e1ria<\/h2>\n<p><span><\/p>\n<p><strong>Secretaria Municipal do Trabalho, Emprego e Economia Solid\u00e1ria<\/strong><br \/>Rua do Livramento, 468 &#8211; Centro (Shopping Popular). CEP: 57020-030<\/p>\n<p><\/span><\/div>\n<\/div>\n<p><script async defer crossorigin=\"anonymous\" src=\"https:\/\/connect.facebook.net\/pt_BR\/sdk.js#xfbml=1&#038;version=v12.0\" nonce=\"0pFl3y7T\"><\/script><br \/>\n<br \/><br \/>\n<br \/><a href=\"https:\/\/maceio.al.gov.br\/noticias\/semtes\/acao-da-semana-do-trabalhador-leva-servicos-gratuitos-ao-parque-centenario\">Prefeitura de Macei\u00f3 <\/a><\/p>\n","protected":false},"excerpt":{"rendered":"<p>A Secretaria de Trabalho, Emprego e Economia Solid\u00e1ria de Macei\u00f3 (Semtes) realizou, nesta quinta-feira (30), no Parque Centen\u00e1rio, uma a\u00e7\u00e3o em alus\u00e3o \u00e0 Semana do Trabalhador, com oferta de servi\u00e7os gratuitos voltados \u00e0 sa\u00fade, bem-estar, orienta\u00e7\u00e3o jur\u00eddica e qualifica\u00e7\u00e3o profissional. A iniciativa teve como objetivo facilitar o acesso da popula\u00e7\u00e3o a atendimentos em um \u00fanico [&hellip;]<\/p>\n","protected":false},"author":1,"featured_media":28956,"comment_status":"closed","ping_status":"","sticky":false,"template":"","format":"standard","meta":{"footnotes":""},"categories":[9],"tags":[],"class_list":["post-28955","post","type-post","status-publish","format-standard","has-post-thumbnail","hentry","category-maceio"],"_links":{"self":[{"href":"https:\/\/diarioalagoas.com.br\/index.php?rest_route=\/wp\/v2\/posts\/28955","targetHints":{"allow":["GET"]}}],"collection":[{"href":"https:\/\/diarioalagoas.com.br\/index.php?rest_route=\/wp\/v2\/posts"}],"about":[{"href":"https:\/\/diarioalagoas.com.br\/index.php?rest_route=\/wp\/v2\/types\/post"}],"author":[{"embeddable":true,"href":"https:\/\/diarioalagoas.com.br\/index.php?rest_route=\/wp\/v2\/users\/1"}],"replies":[{"embeddable":true,"href":"https:\/\/diarioalagoas.com.br\/index.php?rest_route=%2Fwp%2Fv2%2Fcomments&post=28955"}],"version-history":[{"count":0,"href":"https:\/\/diarioalagoas.com.br\/index.php?rest_route=\/wp\/v2\/posts\/28955\/revisions"}],"wp:featuredmedia":[{"embeddable":true,"href":"https:\/\/diarioalagoas.com.br\/index.php?rest_route=\/wp\/v2\/media\/28956"}],"wp:attachment":[{"href":"https:\/\/diarioalagoas.com.br\/index.php?rest_route=%2Fwp%2Fv2%2Fmedia&parent=28955"}],"wp:term":[{"taxonomy":"category","embeddable":true,"href":"https:\/\/diarioalagoas.com.br\/index.php?rest_route=%2Fwp%2Fv2%2Fcategories&post=28955"},{"taxonomy":"post_tag","embeddable":true,"href":"https:\/\/diarioalagoas.com.br\/index.php?rest_route=%2Fwp%2Fv2%2Ftags&post=28955"}],"curies":[{"name":"wp","href":"https:\/\/api.w.org\/{rel}","templated":true}]}}