{"id":28961,"date":"2026-05-02T04:16:30","date_gmt":"2026-05-02T07:16:30","guid":{"rendered":"https:\/\/diarioalagoas.com.br\/?p=28961"},"modified":"2026-05-02T04:16:30","modified_gmt":"2026-05-02T07:16:30","slug":"prefeitura-de-maceio-veja-como-sera-o-funcionamento-do-comite","status":"publish","type":"post","link":"https:\/\/diarioalagoas.com.br\/?p=28961","title":{"rendered":"Prefeitura de Macei\u00f3 | Veja como ser\u00e1 o funcionamento do Comit\u00ea\u2026"},"content":{"rendered":"<p> <br \/>\n<\/p>\n<div id=\"\">\n<p>O Comit\u00ea Gestor do Centro de Macei\u00f3 tomou posse nesta quinta-feira (30) e inicia suas atividades com a miss\u00e3o de coordenar a\u00e7\u00f5es estrat\u00e9gicas voltadas ao fortalecimento econ\u00f4mico e \u00e0 requalifica\u00e7\u00e3o urbana da regi\u00e3o central.<\/p>\n<p>Criado por meio da Portaria n\u00ba 1341\/2026, o colegiado funcionar\u00e1 como uma inst\u00e2ncia permanente de articula\u00e7\u00e3o entre poder p\u00fablico e setor produtivo. Entre suas principais atribui\u00e7\u00f5es est\u00e3o integrar institui\u00e7\u00f5es, propor medidas e acompanhar a execu\u00e7\u00e3o de projetos voltados \u00e0 melhoria da infraestrutura, mobilidade, seguran\u00e7a e ordenamento urbano do Centro.<\/p>\n<p>Na pr\u00e1tica, o comit\u00ea ser\u00e1 respons\u00e1vel por alinhar estrat\u00e9gias, estimular o di\u00e1logo entre os diferentes setores envolvidos e contribuir para a formula\u00e7\u00e3o de pol\u00edticas p\u00fablicas voltadas \u00e0 regi\u00e3o. Tamb\u00e9m caber\u00e1 ao grupo monitorar iniciativas j\u00e1 em andamento e sugerir novas a\u00e7\u00f5es para impulsionar o com\u00e9rcio e a din\u00e2mica urbana.<\/p>\n<p>A coordena\u00e7\u00e3o ficar\u00e1 a cargo da Secretaria Extraordin\u00e1ria de Ind\u00fastria, Com\u00e9rcio e Servi\u00e7os (Seminc), que ser\u00e1 respons\u00e1vel por convocar reuni\u00f5es e organizar os trabalhos. A participa\u00e7\u00e3o dos integrantes ser\u00e1 considerada servi\u00e7o p\u00fablico relevante e n\u00e3o ser\u00e1 remunerada.<\/p>\n<p>Durante a solenidade de posse, o secret\u00e1rio Carlos Pinheiro Junior, da Seminc, destacou o papel estrat\u00e9gico do comit\u00ea para o futuro da cidade. \u201cA gente tem que sentar na mesa para construir juntos as solu\u00e7\u00f5es e entender e contribuir de forma efetiva com todas essas pol\u00edticas p\u00fablicas que a Prefeitura de Macei\u00f3 j\u00e1 est\u00e1 desenvolvendo no centro da cidade\u201d, afirmou.<\/p>\n<div class=\"single-section-box single-section-img single-box-center\">\n<figure>\n<a href=\"https:\/\/cdnpm.dhost.cloud\/imagens\/30-04-26-Posse-Do-Comite-Gestor-do-Centro-De-Maceio-Rodrigo-Cunha-Foto-Felipe-Sostenes-55.jpg\" data-fancybox=\"images\"><br \/>\n<img decoding=\"async\" src=\"https:\/\/maceio.al.gov.br\/transform\/imagens\/_845xAUTO_crop_center-center_none\/30-04-26-Posse-Do-Comite-Gestor-do-Centro-De-Maceio-Rodrigo-Cunha-Foto-Felipe-Sostenes-55.jpg\" alt=\"Secret\u00e1rio municipal de Ind\u00fastria, Com\u00e9rcio e Servi\u00e7os, Carlos Pinheiro Junior. Foto: Felipe Sostenes\/Secom Macei\u00f3\"\/><br \/>\n<\/a><figcaption><small class=\"img-credits\">Secret\u00e1rio municipal de Ind\u00fastria, Com\u00e9rcio e Servi\u00e7os, Carlos Pinheiro Junior. Foto: Felipe Sostenes\/Secom Macei\u00f3<\/small><\/figcaption><\/figure>\n<\/div>\n<p>O comit\u00ea \u00e9 formado por 14 institui\u00e7\u00f5es, incluindo \u00f3rg\u00e3os municipais e entidades representativas como Fecom\u00e9rcio, Associa\u00e7\u00e3o Comercial, Alian\u00e7a Comercial, FIEA, Abrasel e Sebrae, al\u00e9m de secretarias e autarquias que atuam diretamente na gest\u00e3o urbana.<\/p>\n<p>A atua\u00e7\u00e3o integrada entre os membros deve permitir maior efici\u00eancia na implementa\u00e7\u00e3o de projetos e na resolu\u00e7\u00e3o de demandas do Centro, contribuindo para a atra\u00e7\u00e3o de investimentos, aumento do fluxo de pessoas e fortalecimento das atividades econ\u00f4micas da regi\u00e3o.<\/p>\n<div class=\"gabinate\">\n<a href=\"https:\/\/maceio.al.gov.br\/secretarias-e-orgaos\/seminc\">SEMINC<\/a><\/p>\n<h2>Secretaria Extraordin\u00e1ria de Ind\u00fastria, Com\u00e9rcio e Servi\u00e7os<\/h2>\n<p><span><\/p>\n<p>Avenida Paulo Falc\u00e3o, 1589, Jatiuca, Macei\u00f3 AL, 57036-390<\/p>\n<p><\/span><\/div>\n<\/div>\n<p><script async defer crossorigin=\"anonymous\" src=\"https:\/\/connect.facebook.net\/pt_BR\/sdk.js#xfbml=1&#038;version=v12.0\" nonce=\"0pFl3y7T\"><\/script><br \/>\n<br \/><br \/>\n<br \/><a href=\"https:\/\/maceio.al.gov.br\/noticias\/seminc\/veja-como-sera-o-funcionamento-do-comite-gestor-do-centro-de-maceio\">Prefeitura de Macei\u00f3 <\/a><\/p>\n","protected":false},"excerpt":{"rendered":"<p>O Comit\u00ea Gestor do Centro de Macei\u00f3 tomou posse nesta quinta-feira (30) e inicia suas atividades com a miss\u00e3o de coordenar a\u00e7\u00f5es estrat\u00e9gicas voltadas ao fortalecimento econ\u00f4mico e \u00e0 requalifica\u00e7\u00e3o urbana da regi\u00e3o central. Criado por meio da Portaria n\u00ba 1341\/2026, o colegiado funcionar\u00e1 como uma inst\u00e2ncia permanente de articula\u00e7\u00e3o entre poder p\u00fablico e setor [&hellip;]<\/p>\n","protected":false},"author":1,"featured_media":28962,"comment_status":"closed","ping_status":"","sticky":false,"template":"","format":"standard","meta":{"footnotes":""},"categories":[9],"tags":[],"class_list":["post-28961","post","type-post","status-publish","format-standard","has-post-thumbnail","hentry","category-maceio"],"_links":{"self":[{"href":"https:\/\/diarioalagoas.com.br\/index.php?rest_route=\/wp\/v2\/posts\/28961","targetHints":{"allow":["GET"]}}],"collection":[{"href":"https:\/\/diarioalagoas.com.br\/index.php?rest_route=\/wp\/v2\/posts"}],"about":[{"href":"https:\/\/diarioalagoas.com.br\/index.php?rest_route=\/wp\/v2\/types\/post"}],"author":[{"embeddable":true,"href":"https:\/\/diarioalagoas.com.br\/index.php?rest_route=\/wp\/v2\/users\/1"}],"replies":[{"embeddable":true,"href":"https:\/\/diarioalagoas.com.br\/index.php?rest_route=%2Fwp%2Fv2%2Fcomments&post=28961"}],"version-history":[{"count":0,"href":"https:\/\/diarioalagoas.com.br\/index.php?rest_route=\/wp\/v2\/posts\/28961\/revisions"}],"wp:featuredmedia":[{"embeddable":true,"href":"https:\/\/diarioalagoas.com.br\/index.php?rest_route=\/wp\/v2\/media\/28962"}],"wp:attachment":[{"href":"https:\/\/diarioalagoas.com.br\/index.php?rest_route=%2Fwp%2Fv2%2Fmedia&parent=28961"}],"wp:term":[{"taxonomy":"category","embeddable":true,"href":"https:\/\/diarioalagoas.com.br\/index.php?rest_route=%2Fwp%2Fv2%2Fcategories&post=28961"},{"taxonomy":"post_tag","embeddable":true,"href":"https:\/\/diarioalagoas.com.br\/index.php?rest_route=%2Fwp%2Fv2%2Ftags&post=28961"}],"curies":[{"name":"wp","href":"https:\/\/api.w.org\/{rel}","templated":true}]}}