{"id":28971,"date":"2026-05-02T12:21:18","date_gmt":"2026-05-02T15:21:18","guid":{"rendered":"https:\/\/diarioalagoas.com.br\/?p=28971"},"modified":"2026-05-02T12:21:18","modified_gmt":"2026-05-02T15:21:18","slug":"prefeitura-de-maceio-bicicletas-e-patinetes-eletricos-viram","status":"publish","type":"post","link":"https:\/\/diarioalagoas.com.br\/?p=28971","title":{"rendered":"Prefeitura de Macei\u00f3 | Bicicletas e patinetes el\u00e9tricos viram\u2026"},"content":{"rendered":"<p> <br \/>\n<\/p>\n<div id=\"\">\n<p>Uma alternativa sustent\u00e1vel e pr\u00e1tica para deslocamentos curtos come\u00e7a a ganhar espa\u00e7o em Macei\u00f3. Bicicletas e patinetes el\u00e9tricos fazem parte do plano de micromobilidade da Prefeitura, que busca integrar novos modais ao transporte p\u00fablico, reduzir o tr\u00e2nsito e diminuir a emiss\u00e3o de poluentes.<\/p>\n<p>Ao todo, foram disponibilizados 70 bicicletas e 150 patinetes el\u00e9tricos, por meio de parceria entre o Departamento Municipal de Transportes e Tr\u00e2nsito (DMTT) e a empresa JET. Para incentivar o uso, a malha ciclovi\u00e1ria da cidade tamb\u00e9m foi ampliada, passando de 30 quil\u00f4metros, em 2020, para 98 quil\u00f4metros em 2026.<\/p>\n<p>A t\u00e9cnica de edifica\u00e7\u00f5es Elisane Teixeira testou o servi\u00e7o na orla do Riacho Salgadinho e aprovou a experi\u00eancia. Adepta de meios alternativos de transporte, ela destacou a praticidade do sistema, mesmo ap\u00f3s uma dificuldade inicial.<\/p>\n<div class=\"single-section-box single-section-img single-box-center\">\n<figure>\n<a href=\"https:\/\/cdnpm.dhost.cloud\/imagens\/IMG-20260423-WA0001.jpg\" data-fancybox=\"images\"><br \/>\n<img decoding=\"async\" src=\"https:\/\/maceio.al.gov.br\/transform\/imagens\/_845xAUTO_crop_center-center_none\/IMG-20260423-WA0001.jpg\" alt=\"Elisiane testou e aprovou o servi\u00e7o. Foto: Alisson Fraz\u00e3o\"\/><br \/>\n<\/a><figcaption><small class=\"img-credits\">Elisiane testou e aprovou o servi\u00e7o. Foto: Alisson Fraz\u00e3o<\/small><\/figcaption><\/figure>\n<\/div>\n<p>\u201cDemorei um pouco para desbloquear, mas o suporte me ajudou rapidamente. Depois disso, foi bem f\u00e1cil\u201d, contou.<\/p>\n<p>Moradora da parte alta, Elisane pretende incluir o patinete no trajeto at\u00e9 o trabalho, em Jacarecica. Para ela, al\u00e9m da sustentabilidade, o novo meio de transporte proporciona mais qualidade de vida.<\/p>\n<p>\u201cPosso deixar o carro e aproveitar melhor a cidade, o movimento e a paisagem de Macei\u00f3, que \u00e9 linda\u201d, disse.<\/p>\n<p>Com o crescimento da frota de ve\u00edculos na capital, a proposta \u00e9 estimular uma cultura de micromobilidade, com deslocamentos de at\u00e9 15 minutos.<\/p>\n<p>\u201cQueremos otimizar o tempo e reduzir o uso de ve\u00edculos particulares, consolidando essa pol\u00edtica p\u00fablica para moradores e visitantes\u201d, afirmou o diretor-presidente do DMTT, Andr\u00e9 Costa.<\/p>\n<p>O servi\u00e7o pode ser acessado por aplicativo, dispon\u00edvel nas plataformas digitais, com cobran\u00e7a por ativa\u00e7\u00e3o e tempo de uso. Os valores variam entre R$ 1,90 e R$ 3,00 para desbloqueio, e de R$ 0,59 a R$ 0,89 por minuto, conforme o hor\u00e1rio.<\/p>\n<p>Durante o uso, o DMTT recomenda a utiliza\u00e7\u00e3o de equipamentos de seguran\u00e7a, como capacete, joelheiras e tornozeleiras.<\/p>\n<div class=\"gabinate\">\n<a href=\"https:\/\/maceio.al.gov.br\/secretarias-e-orgaos\/dmtt\">DMTT<\/a><\/p>\n<h2>Departamento Municipal de Transportes e Tr\u00e2nsito<\/h2>\n<p><span><\/p>\n<p>Avenida Durval de G\u00f3es Monteiro, 829 &#8211; Tabuleiro do Martins<br \/>CEP 57061-000 \/\/ Telefone: (82) 3312-5330.<br \/>Hor\u00e1rio de atendimento: segunda a sexta, de 8h \u00e0s 14h.<br \/>Disque DMTT: 118<br \/>Hor\u00e1rio de atendimento: segunda a sexta, de 7h \u00e0s 19h<\/p>\n<p>Para an\u00e1lise de implanta\u00e7\u00e3o ou modifica\u00e7\u00e3o de sinaliza\u00e7\u00e3o vi\u00e1ria, instala\u00e7\u00e3o ou reprograma\u00e7\u00e3o de sem\u00e1foros, demandas de engenharia de tr\u00e1fego, recursos de multa e abertura de protocolos em geral: <a href=\"http:\/\/maceio.al.gov.br\/cdn-cgi\/l\/email-protection#9ebbacaeffeafbf0faf7f3fbf0eaf1defaf3eaeab0f3fffdfbf7f1b0fff2b0f9f1e8b0fcec\" target=\"_blank\" rel=\"noreferrer noopener\"><span class=\"__cf_email__\" data-cfemail=\"6f0e1b0a010b06020a011b002f0b021b1b41020e0c0a0600410e0341080019410d1d\">[email\u00a0protected]<\/span><\/a><\/p>\n<p><\/span><\/div>\n<\/div>\n<p><script async defer crossorigin=\"anonymous\" src=\"https:\/\/connect.facebook.net\/pt_BR\/sdk.js#xfbml=1&#038;version=v12.0\" nonce=\"0pFl3y7T\"><\/script><br \/>\n<br \/><br \/>\n<br \/><a href=\"https:\/\/maceio.al.gov.br\/noticias\/dmtt\/bicicletas-e-patinetes-eletricos-viram-alternativa-de-transporte-para-maceioenses\">Prefeitura de Macei\u00f3 <\/a><\/p>\n","protected":false},"excerpt":{"rendered":"<p>Uma alternativa sustent\u00e1vel e pr\u00e1tica para deslocamentos curtos come\u00e7a a ganhar espa\u00e7o em Macei\u00f3. Bicicletas e patinetes el\u00e9tricos fazem parte do plano de micromobilidade da Prefeitura, que busca integrar novos modais ao transporte p\u00fablico, reduzir o tr\u00e2nsito e diminuir a emiss\u00e3o de poluentes. Ao todo, foram disponibilizados 70 bicicletas e 150 patinetes el\u00e9tricos, por meio [&hellip;]<\/p>\n","protected":false},"author":1,"featured_media":28972,"comment_status":"closed","ping_status":"","sticky":false,"template":"","format":"standard","meta":{"footnotes":""},"categories":[9],"tags":[],"class_list":["post-28971","post","type-post","status-publish","format-standard","has-post-thumbnail","hentry","category-maceio"],"_links":{"self":[{"href":"https:\/\/diarioalagoas.com.br\/index.php?rest_route=\/wp\/v2\/posts\/28971","targetHints":{"allow":["GET"]}}],"collection":[{"href":"https:\/\/diarioalagoas.com.br\/index.php?rest_route=\/wp\/v2\/posts"}],"about":[{"href":"https:\/\/diarioalagoas.com.br\/index.php?rest_route=\/wp\/v2\/types\/post"}],"author":[{"embeddable":true,"href":"https:\/\/diarioalagoas.com.br\/index.php?rest_route=\/wp\/v2\/users\/1"}],"replies":[{"embeddable":true,"href":"https:\/\/diarioalagoas.com.br\/index.php?rest_route=%2Fwp%2Fv2%2Fcomments&post=28971"}],"version-history":[{"count":0,"href":"https:\/\/diarioalagoas.com.br\/index.php?rest_route=\/wp\/v2\/posts\/28971\/revisions"}],"wp:featuredmedia":[{"embeddable":true,"href":"https:\/\/diarioalagoas.com.br\/index.php?rest_route=\/wp\/v2\/media\/28972"}],"wp:attachment":[{"href":"https:\/\/diarioalagoas.com.br\/index.php?rest_route=%2Fwp%2Fv2%2Fmedia&parent=28971"}],"wp:term":[{"taxonomy":"category","embeddable":true,"href":"https:\/\/diarioalagoas.com.br\/index.php?rest_route=%2Fwp%2Fv2%2Fcategories&post=28971"},{"taxonomy":"post_tag","embeddable":true,"href":"https:\/\/diarioalagoas.com.br\/index.php?rest_route=%2Fwp%2Fv2%2Ftags&post=28971"}],"curies":[{"name":"wp","href":"https:\/\/api.w.org\/{rel}","templated":true}]}}