{"id":28977,"date":"2026-05-02T15:43:37","date_gmt":"2026-05-02T18:43:37","guid":{"rendered":"https:\/\/diarioalagoas.com.br\/?p=28977"},"modified":"2026-05-02T15:43:37","modified_gmt":"2026-05-02T18:43:37","slug":"marinha-alerta-para-mar-com-ressaca-e-ondas-de-3-metros-na-orla-do-rio","status":"publish","type":"post","link":"https:\/\/diarioalagoas.com.br\/?p=28977","title":{"rendered":"Marinha alerta para mar com ressaca e ondas de 3 metros na orla do Rio"},"content":{"rendered":"<p> <br \/>\n<\/p>\n<div>\n<p><strong>A Marinha do Brasil emitiu um alerta de ressaca para a cidade do Rio de Janeiro, com in\u00edcio \u00e0s 18h de domingo (3) e final previsto para as 15h da pr\u00f3xima ter\u00e7a-feira (5).\u00a0<\/strong><img decoding=\"async\" src=\"https:\/\/agenciabrasil.ebc.com.br\/ebc.png?id=1688188&amp;o=node\" style=\"width:1px; height:1px; display:inline;\"\/><img decoding=\"async\" src=\"https:\/\/agenciabrasil.ebc.com.br\/ebc.gif?id=1688188&amp;o=node\" style=\"width:1px; height:1px; display:inline;\"\/><\/p>\n<p><strong>O aviso cita ondas entre 2,5 metros e 3 metros de altura podem atingir a orla da cidade. <\/strong>As ondas s\u00e3o altas e trazem valas e fortes correntezas.<\/p>\n<p><strong>Com o <em>show<\/em> da cantora Shakira, na praia de Copacabana, na noite deste s\u00e1bado (2), o Corpo de Bombeiros j\u00e1 est\u00e1 com efetivo refor\u00e7ado na orla.<\/strong><\/p>\n<p>O Corpo de Bombeiros vai atuar com 176 militares em Copacabana.\u00a0O efetivo ser\u00e1 distribu\u00eddo em seis grupos de interven\u00e7\u00e3o r\u00e1pida, sendo quatro terrestres e dois mar\u00edtimos.<\/p>\n<p>A opera\u00e7\u00e3o ter\u00e1 tamb\u00e9m 20 postos de guarda-vidas, com 54 militares ao longo da orla. <strong>Equipes de combate a inc\u00eandios, salvamento, socorro mar\u00edtimo e atendimento pr\u00e9-hospitalar ficar\u00e3o nas \u00e1reas de maior concentra\u00e7\u00e3o de p\u00fablico.<\/strong><\/p>\n<p>A estrutura contar\u00e1 com sete viaturas de salvamento, drones, embarca\u00e7\u00f5es e motocicletas para agilizar o deslocamento das equipes.<\/p>\n<p><strong>M\u00e9dicos em motos aqu\u00e1ticas v\u00e3o refor\u00e7ar a resposta a emerg\u00eancias no mar e na faixa de areia, reduzindo o tempo de atendimento em \u00e1reas de dif\u00edcil acesso.<\/strong><\/p>\n<p>Para a seguran\u00e7a de todos durante o per\u00edodo de ressaca, o Centro de Opera\u00e7\u00f5es Rio (COR-Rio) faz as seguintes orienta\u00e7\u00f5es:<\/p>\n<ul>\n<li>Evite banho de mar e a pr\u00e1tica de esportes aqu\u00e1ticos em \u00e1reas com condi\u00e7\u00f5es de ressaca;<\/li>\n<li>n\u00e3o permane\u00e7a em mirantes na orla ou em locais pr\u00f3ximos ao mar durante o per\u00edodo do aviso;<\/li>\n<li>os frequentadores de praias devem seguir rigorosamente as orienta\u00e7\u00f5es das equipes do Corpo de Bombeiros;<\/li>\n<li>pescadores devem evitar navegar enquanto a ressaca estiver ativa;<\/li>\n<li>evite pedalar de bicicleta na orla se as ondas estiverem alcan\u00e7ando a ciclovia;<\/li>\n<li>em caso de acidentes no mar, n\u00e3o tente resgatar v\u00edtimas por conta pr\u00f3pria. Acione imediatamente o Corpo de Bombeiros pelo telefone 193.<\/li>\n<\/ul>\n<p>\u00a0<\/p>\n<p>      <!-- Relacionada --><\/p>\n<p>            <!-- Relacionada -->\n    <\/div>\n<p><br \/>\n<br \/><a href=\"https:\/\/agenciabrasil.ebc.com.br\/geral\/noticia\/2026-05\/marinha-alerta-para-mar-com-ressaca-e-ondas-de-3-metros-na-orla-do-rio\">Ag\u00eancia Brasil<\/a><\/p>\n","protected":false},"excerpt":{"rendered":"<p>A Marinha do Brasil emitiu um alerta de ressaca para a cidade do Rio de Janeiro, com in\u00edcio \u00e0s 18h de domingo (3) e final previsto para as 15h da pr\u00f3xima ter\u00e7a-feira (5).\u00a0 O aviso cita ondas entre 2,5 metros e 3 metros de altura podem atingir a orla da cidade. As ondas s\u00e3o altas [&hellip;]<\/p>\n","protected":false},"author":1,"featured_media":28978,"comment_status":"closed","ping_status":"","sticky":false,"template":"","format":"standard","meta":{"footnotes":""},"categories":[15],"tags":[],"class_list":["post-28977","post","type-post","status-publish","format-standard","has-post-thumbnail","hentry","category-geral"],"_links":{"self":[{"href":"https:\/\/diarioalagoas.com.br\/index.php?rest_route=\/wp\/v2\/posts\/28977","targetHints":{"allow":["GET"]}}],"collection":[{"href":"https:\/\/diarioalagoas.com.br\/index.php?rest_route=\/wp\/v2\/posts"}],"about":[{"href":"https:\/\/diarioalagoas.com.br\/index.php?rest_route=\/wp\/v2\/types\/post"}],"author":[{"embeddable":true,"href":"https:\/\/diarioalagoas.com.br\/index.php?rest_route=\/wp\/v2\/users\/1"}],"replies":[{"embeddable":true,"href":"https:\/\/diarioalagoas.com.br\/index.php?rest_route=%2Fwp%2Fv2%2Fcomments&post=28977"}],"version-history":[{"count":0,"href":"https:\/\/diarioalagoas.com.br\/index.php?rest_route=\/wp\/v2\/posts\/28977\/revisions"}],"wp:featuredmedia":[{"embeddable":true,"href":"https:\/\/diarioalagoas.com.br\/index.php?rest_route=\/wp\/v2\/media\/28978"}],"wp:attachment":[{"href":"https:\/\/diarioalagoas.com.br\/index.php?rest_route=%2Fwp%2Fv2%2Fmedia&parent=28977"}],"wp:term":[{"taxonomy":"category","embeddable":true,"href":"https:\/\/diarioalagoas.com.br\/index.php?rest_route=%2Fwp%2Fv2%2Fcategories&post=28977"},{"taxonomy":"post_tag","embeddable":true,"href":"https:\/\/diarioalagoas.com.br\/index.php?rest_route=%2Fwp%2Fv2%2Ftags&post=28977"}],"curies":[{"name":"wp","href":"https:\/\/api.w.org\/{rel}","templated":true}]}}