{"id":28981,"date":"2026-05-02T16:22:49","date_gmt":"2026-05-02T19:22:49","guid":{"rendered":"https:\/\/diarioalagoas.com.br\/?p=28981"},"modified":"2026-05-02T16:22:49","modified_gmt":"2026-05-02T19:22:49","slug":"bolsonaro-apresenta-boa-evolucao-de-cirurgia-no-ombro","status":"publish","type":"post","link":"https:\/\/diarioalagoas.com.br\/?p=28981","title":{"rendered":"Bolsonaro apresenta boa evolu\u00e7\u00e3o de cirurgia no ombro"},"content":{"rendered":"<p> <br \/>\n<\/p>\n<div>\n<p><strong>O ex-presidente Jair Bolsonaro segue internado em um quarto do Hospital DF Star, neste s\u00e1bado (2), depois de ter sido <a href=\"https:\/\/agenciabrasil.ebc.com.br\/politica\/noticia\/2026-05\/cirurgia-no-ombro-de-bolsonaro-ocorreu-sem-intercorrencias-diz-equipe\" target=\"_blank\">submetido a uma cirurgia no ombro<\/a>, em Bras\u00edlia no dia anterior, sem intercorr\u00eancias.<\/strong><img decoding=\"async\" src=\"https:\/\/agenciabrasil.ebc.com.br\/ebc.png?id=1688189&amp;o=node\" style=\"width:1px; height:1px; display:inline;\"\/><img decoding=\"async\" src=\"https:\/\/agenciabrasil.ebc.com.br\/ebc.gif?id=1688189&amp;o=node\" style=\"width:1px; height:1px; display:inline;\"\/><\/p>\n<p>De acordo com o novo boletim m\u00e9dico divulgado ao meio dia deste s\u00e1bado, o Bolsonaro \u201capresentou boa evolu\u00e7\u00e3o e bom controle \u00e1lgico [da dor]\u201d.<\/p>\n<p>Ainda de acordo com a equipe m\u00e9dica,<strong> o ex-presidente seguir\u00e1 internado com medidas de preven\u00e7\u00e3o de trombose e iniciar\u00e1 um protocolo de reabilita\u00e7\u00e3o motora e funcional<\/strong>.<\/p>\n<p>A publica\u00e7\u00e3o \u00e9 assinada pelo ortopedista e cirurgi\u00e3o de ombro, Alexandre Firmino Paniago; o cirurgi\u00e3o geral, Claudio Birolin; os cardiologistas Leandro Echenique e Brasil Caiado; e o diretor geral do hospital privado, Allisson B. Barcelos Borges.<\/p>\n<h2>Pris\u00e3o domiciliar<\/h2>\n<p>A <a href=\"https:\/\/portal.stf.jus.br\/processos\/detalhe.asp?incidente=7447709\" target=\"_blank\">autoriza\u00e7\u00e3o para o procedimento cir\u00fargico<\/a> foi concedida pelo ministro do Supremo Tribunal Federal (STF) Alexandre de Moraes \u2013 respons\u00e1vel pela execu\u00e7\u00e3o penal do ex-presidente.<\/p>\n<p><strong>O ex-presidente <a href=\"https:\/\/agenciabrasil.ebc.com.br\/justica\/noticia\/2025-09\/stf-condena-bolsonaro-27-anos-e-tres-meses-de-prisao\" target=\"_blank\">foi condenado<\/a> pela Primeira Turma do Supremo Tribunal Federal (STF), em setembro de 2025, a 27 anos e 3 meses de pris\u00e3o na a\u00e7\u00e3o penal da trama golpista.<\/strong><\/p>\n<p>Por decis\u00e3o do ministro Alexandre de Moraes, de 24 de mar\u00e7o, Bolsonaro est\u00e1 em pris\u00e3o domiciliar humanit\u00e1ria, ap\u00f3s deixar o mesmo hospital privado da capital federal, onde esteve internado para tratar um quadro de pneumonia bacteriana.<\/p>\n<p>Conforme a decis\u00e3o de Moraes, a domiciliar tem prazo inicial de 90 dias. Ap\u00f3s o prazo, a manuten\u00e7\u00e3o do benef\u00edcio dever\u00e1 ser reanalisada pelo ministro, que poder\u00e1 solicitar nova per\u00edcia m\u00e9dica.<\/p>\n<p>Antes da <a href=\"https:\/\/agenciabrasil.ebc.com.br\/politica\/noticia\/2026-03\/bolsonaro-recebe-alta-e-chega-em-casa-para-cumprir-prisao-domiciliar\" target=\"_blank\">decis\u00e3o que autorizou a pris\u00e3o domiciliar<\/a>, Bolsonaro cumpria pena no 19\u00b0 Batalh\u00e3o da Pol\u00edcia Militar, no Complexo Penitenci\u00e1rio da Papuda, no Distrito Federal. O local \u00e9 conhecido como Papudinha.<\/p>\n<p>      <!-- Relacionada --><\/p>\n<p>            <!-- Relacionada -->\n    <\/div>\n<p><br \/>\n<br \/><a href=\"https:\/\/agenciabrasil.ebc.com.br\/politica\/noticia\/2026-05\/bolsonaro-apresenta-boa-evolucao-de-cirurgia-no-ombro\">Ag\u00eancia Brasil <\/a><\/p>\n","protected":false},"excerpt":{"rendered":"<p>O ex-presidente Jair Bolsonaro segue internado em um quarto do Hospital DF Star, neste s\u00e1bado (2), depois de ter sido submetido a uma cirurgia no ombro, em Bras\u00edlia no dia anterior, sem intercorr\u00eancias. De acordo com o novo boletim m\u00e9dico divulgado ao meio dia deste s\u00e1bado, o Bolsonaro \u201capresentou boa evolu\u00e7\u00e3o e bom controle \u00e1lgico [&hellip;]<\/p>\n","protected":false},"author":1,"featured_media":28982,"comment_status":"closed","ping_status":"","sticky":false,"template":"","format":"standard","meta":{"footnotes":""},"categories":[10],"tags":[],"class_list":["post-28981","post","type-post","status-publish","format-standard","has-post-thumbnail","hentry","category-politica"],"_links":{"self":[{"href":"https:\/\/diarioalagoas.com.br\/index.php?rest_route=\/wp\/v2\/posts\/28981","targetHints":{"allow":["GET"]}}],"collection":[{"href":"https:\/\/diarioalagoas.com.br\/index.php?rest_route=\/wp\/v2\/posts"}],"about":[{"href":"https:\/\/diarioalagoas.com.br\/index.php?rest_route=\/wp\/v2\/types\/post"}],"author":[{"embeddable":true,"href":"https:\/\/diarioalagoas.com.br\/index.php?rest_route=\/wp\/v2\/users\/1"}],"replies":[{"embeddable":true,"href":"https:\/\/diarioalagoas.com.br\/index.php?rest_route=%2Fwp%2Fv2%2Fcomments&post=28981"}],"version-history":[{"count":0,"href":"https:\/\/diarioalagoas.com.br\/index.php?rest_route=\/wp\/v2\/posts\/28981\/revisions"}],"wp:featuredmedia":[{"embeddable":true,"href":"https:\/\/diarioalagoas.com.br\/index.php?rest_route=\/wp\/v2\/media\/28982"}],"wp:attachment":[{"href":"https:\/\/diarioalagoas.com.br\/index.php?rest_route=%2Fwp%2Fv2%2Fmedia&parent=28981"}],"wp:term":[{"taxonomy":"category","embeddable":true,"href":"https:\/\/diarioalagoas.com.br\/index.php?rest_route=%2Fwp%2Fv2%2Fcategories&post=28981"},{"taxonomy":"post_tag","embeddable":true,"href":"https:\/\/diarioalagoas.com.br\/index.php?rest_route=%2Fwp%2Fv2%2Ftags&post=28981"}],"curies":[{"name":"wp","href":"https:\/\/api.w.org\/{rel}","templated":true}]}}