{"id":28983,"date":"2026-05-02T16:28:41","date_gmt":"2026-05-02T19:28:41","guid":{"rendered":"https:\/\/diarioalagoas.com.br\/?p=28983"},"modified":"2026-05-02T16:28:41","modified_gmt":"2026-05-02T19:28:41","slug":"prefeitura-de-maceio-ponta-verde-e-eleita-uma-das-melhores-praias","status":"publish","type":"post","link":"https:\/\/diarioalagoas.com.br\/?p=28983","title":{"rendered":"Prefeitura de Macei\u00f3 | Ponta Verde \u00e9 eleita uma das melhores praias\u2026"},"content":{"rendered":"<p> <br \/>\n<\/p>\n<div id=\"\">\n<p><span>A Praia de Ponta Verde, em Macei\u00f3, foi eleita a 12\u00aa melhor praia da Am\u00e9rica do Sul no Pr\u00eamio Travellers\u2019 Choice 2026, promovido pelo TripAdvisor, uma das maiores plataformas de turismo do mundo. O reconhecimento refor\u00e7a o posicionamento estrat\u00e9gico de Macei\u00f3 como um dos destinos mais desejados do Brasil e evidencia a for\u00e7a do seu principal cart\u00e3o-postal, que combina \u00e1guas cristalinas, faixa de areia convidativa, excelente infraestrutura e uma orla urbana em constante requalifica\u00e7\u00e3o.<\/span><\/p>\n<p class=\"text-justify\"><span>A premia\u00e7\u00e3o \u00e9 baseada em milh\u00f5es de avalia\u00e7\u00f5es e opini\u00f5es de viajantes do mundo inteiro, coletadas entre novembro de 2024 e dezembro de 2025. O ranking considera crit\u00e9rios como qualidade da experi\u00eancia, volume e consist\u00eancia das avalia\u00e7\u00f5es, al\u00e9m do n\u00edvel de satisfa\u00e7\u00e3o dos visitantes em rela\u00e7\u00e3o \u00e0 beleza natural, servi\u00e7os e infraestrutura oferecida.<\/span><\/p>\n<p class=\"text-justify\"><span>Para o secret\u00e1rio municipal de Turismo de Macei\u00f3, Eduardo Monteiro, o reconhecimento internacional chancela o trabalho cont\u00ednuo de valoriza\u00e7\u00e3o do destino.<\/span><\/p>\n<p class=\"text-justify\"><span>\u201cEsse resultado refor\u00e7a aquilo que j\u00e1 sentimos na pr\u00e1tica: Macei\u00f3 vive um dos seus melhores momentos no turismo. A Praia de Ponta Verde \u00e9 um s\u00edmbolo desse sucesso, resultado de investimentos em infraestrutura, promo\u00e7\u00e3o e qualifica\u00e7\u00e3o do destino. Estar entre as melhores praias da Am\u00e9rica do Sul, a partir da percep\u00e7\u00e3o dos pr\u00f3prios turistas, \u00e9 uma conquista extremamente significativa\u201d, destacou o secret\u00e1rio.<\/span><\/p>\n<p class=\"text-justify\"><span>Al\u00e9m da beleza natural, a regi\u00e3o de Ponta Verde se destaca pela diversidade de experi\u00eancias, que v\u00e3o desde passeios nas piscinas naturais at\u00e9 uma ampla rede de bares, restaurantes e equipamentos tur\u00edsticos, como por exemplo a cadeira gigante, consolidando-se como um dos principais polos tur\u00edsticos da capital alagoana.<\/span><\/p>\n<div class=\"single-section-box single-section-img single-box-full\">\n<figure>\n<a href=\"https:\/\/cdnpm.dhost.cloud\/imagens\/06-06-24-ponta-verde-praia-com-mare-zero-semtur-foto-itawi-albuquerque-23.JPEG\" data-fancybox=\"images\"><br \/>\n<img decoding=\"async\" src=\"https:\/\/maceio.al.gov.br\/transform\/imagens\/_845x560_crop_center-center_none\/878157\/06-06-24-ponta-verde-praia-com-mare-zero-semtur-foto-itawi-albuquerque-23.jpeg\" alt=\"Imagens a\u00e9reas da Praia da Ponta Verde na mar\u00e9 zero. Foto: Itawi Albuquerque - Secom\"\/><br \/>\n<\/a><figcaption><small class=\"img-credits\">Imagens a\u00e9reas da Praia da Ponta Verde na mar\u00e9 zero. Foto: Itawi Albuquerque &#8211; Secom<\/small><\/figcaption><\/figure>\n<\/div>\n<p class=\"text-justify\"><span>Para o trade tur\u00edstico, o reconhecimento fortalece ainda mais a competitividade do destino nos mercados nacional e internacional. \u201cO turista hoje busca experi\u00eancias completas, e Macei\u00f3 entrega exatamente isso. A Ponta Verde re\u00fane paisagem, estrutura, seguran\u00e7a e servi\u00e7os de alto padr\u00e3o. Esse tipo de reconhecimento do TripAdvisor tem impacto direto na decis\u00e3o de compra e posiciona ainda mais o destino nas prateleiras internacionais\u201d, ressaltou Pietro Coelho do Grupo Ritz, representante do setor hoteleiro.<\/span><\/p>\n<p class=\"text-justify\"><span>A percep\u00e7\u00e3o positiva tamb\u00e9m \u00e9 confirmada por quem visita a cidade. \u201cEu j\u00e1 viajei para v\u00e1rios destinos de praia, mas o que encontrei aqui em Macei\u00f3 \u00e9 diferente. A \u00e1gua \u00e9 incr\u00edvel, a cidade \u00e9 organizada e a orla \u00e9 linda. D\u00e1 vontade de ficar muito mais tempo\u201d, comentou a turista do Paran\u00e1 Karen, visitante que conheceu a capital alagoana recentemente.<\/span><\/p>\n<p class=\"text-justify\"><span>Com resultados expressivos em rankings nacionais e internacionais, crescimento cont\u00ednuo no fluxo tur\u00edstico e investimentos estruturantes em andamento, Macei\u00f3 segue consolidando sua imagem como um destino protagonista no cen\u00e1rio do turismo sul-americano, e a Praia de Ponta Verde como um de seus maiores s\u00edmbolos.<\/span><\/p>\n<div class=\"gabinate\">\n<a href=\"https:\/\/maceio.al.gov.br\/secretarias-e-orgaos\/semtur\">SEMTUR<\/a><\/p>\n<h2>Secretaria Municipal de Turismo<\/h2>\n<p><span><\/p>\n<p>R. Godofredo Ferro, 53 &#8211; Centro, Macei\u00f3 &#8211; AL, 57020-575<br \/>Telefone: (82) 3312-5803 Hor\u00e1rio de atendimento: segunda a sexta, de 8h \u00e0s 14h<br \/>E-mail: <a href=\"http:\/\/maceio.al.gov.br\/cdn-cgi\/l\/email-protection#95f3f4f9f0f6fafbfae6f6fad5e6f0f8e1f0f9b8f4f9bbf6faf8bbf7e7\" target=\"_blank\" rel=\"noreferrer noopener\"><span class=\"__cf_email__\" data-cfemail=\"dcbabdb0b9bfb3b2b3afbfb39cafb9b1a8b9b0f1bdb0f2bfb3b1f2beae\">[email\u00a0protected]<\/span><\/a><\/p>\n<p><\/span><\/div>\n<\/div>\n<p><script async defer crossorigin=\"anonymous\" src=\"https:\/\/connect.facebook.net\/pt_BR\/sdk.js#xfbml=1&#038;version=v12.0\" nonce=\"0pFl3y7T\"><\/script><br \/>\n<br \/><br \/>\n<br \/><a href=\"https:\/\/maceio.al.gov.br\/noticias\/semtur\/ponta-verde-e-eleita-uma-das-melhores-praias-da-america-do-sul\">Prefeitura de Macei\u00f3 <\/a><\/p>\n","protected":false},"excerpt":{"rendered":"<p>A Praia de Ponta Verde, em Macei\u00f3, foi eleita a 12\u00aa melhor praia da Am\u00e9rica do Sul no Pr\u00eamio Travellers\u2019 Choice 2026, promovido pelo TripAdvisor, uma das maiores plataformas de turismo do mundo. O reconhecimento refor\u00e7a o posicionamento estrat\u00e9gico de Macei\u00f3 como um dos destinos mais desejados do Brasil e evidencia a for\u00e7a do seu [&hellip;]<\/p>\n","protected":false},"author":1,"featured_media":28984,"comment_status":"closed","ping_status":"","sticky":false,"template":"","format":"standard","meta":{"footnotes":""},"categories":[9],"tags":[],"class_list":["post-28983","post","type-post","status-publish","format-standard","has-post-thumbnail","hentry","category-maceio"],"_links":{"self":[{"href":"https:\/\/diarioalagoas.com.br\/index.php?rest_route=\/wp\/v2\/posts\/28983","targetHints":{"allow":["GET"]}}],"collection":[{"href":"https:\/\/diarioalagoas.com.br\/index.php?rest_route=\/wp\/v2\/posts"}],"about":[{"href":"https:\/\/diarioalagoas.com.br\/index.php?rest_route=\/wp\/v2\/types\/post"}],"author":[{"embeddable":true,"href":"https:\/\/diarioalagoas.com.br\/index.php?rest_route=\/wp\/v2\/users\/1"}],"replies":[{"embeddable":true,"href":"https:\/\/diarioalagoas.com.br\/index.php?rest_route=%2Fwp%2Fv2%2Fcomments&post=28983"}],"version-history":[{"count":0,"href":"https:\/\/diarioalagoas.com.br\/index.php?rest_route=\/wp\/v2\/posts\/28983\/revisions"}],"wp:featuredmedia":[{"embeddable":true,"href":"https:\/\/diarioalagoas.com.br\/index.php?rest_route=\/wp\/v2\/media\/28984"}],"wp:attachment":[{"href":"https:\/\/diarioalagoas.com.br\/index.php?rest_route=%2Fwp%2Fv2%2Fmedia&parent=28983"}],"wp:term":[{"taxonomy":"category","embeddable":true,"href":"https:\/\/diarioalagoas.com.br\/index.php?rest_route=%2Fwp%2Fv2%2Fcategories&post=28983"},{"taxonomy":"post_tag","embeddable":true,"href":"https:\/\/diarioalagoas.com.br\/index.php?rest_route=%2Fwp%2Fv2%2Ftags&post=28983"}],"curies":[{"name":"wp","href":"https:\/\/api.w.org\/{rel}","templated":true}]}}