{"id":28991,"date":"2026-05-02T20:29:15","date_gmt":"2026-05-02T23:29:15","guid":{"rendered":"https:\/\/diarioalagoas.com.br\/?p=28991"},"modified":"2026-05-02T20:29:15","modified_gmt":"2026-05-02T23:29:15","slug":"prefeitura-de-maceio-saude-oferece-tratamento-para-varizes-e","status":"publish","type":"post","link":"https:\/\/diarioalagoas.com.br\/?p=28991","title":{"rendered":"Prefeitura de Macei\u00f3 | Sa\u00fade oferece tratamento para varizes e\u2026"},"content":{"rendered":"<p> <br \/>\n<\/p>\n<div id=\"\">\n<p><span>A Secretaria de Sa\u00fade de Macei\u00f3 oferece, desde agosto de 2025, o procedimento de escleroterapia para o tratamento de varizes e microvasos no Pam Salgadinho, localizado no Po\u00e7o. O servi\u00e7o \u00e9 realizado no Bloco E da unidade, um dos principais centros de especialidades da capital alagoana. <\/span>Os atendimentos s\u00e3o realizados \u00e0s segundas-feiras, com oferta de seis vagas por dia.<\/p>\n<p class=\"text-justify\"><span>Antes dispon\u00edvel apenas na rede privada, o procedimento agora \u00e9 acess\u00edvel pelo Sistema \u00danico de Sa\u00fade (SUS). Para realizar o tratamento, o usu\u00e1rio deve buscar a Aten\u00e7\u00e3o Prim\u00e1ria e solicitar encaminhamento para angiologia. A consulta com o especialista \u00e9 marcada pelo Sistema Pronto de Marca\u00e7\u00e3o, que direciona o paciente para atendimento no Bloco E.<\/span><\/p>\n<p class=\"text-justify\"><span>De acordo com a enfermeira respons\u00e1vel pelo agendamento, Vanuza Pereira, o processo come\u00e7a com uma avalia\u00e7\u00e3o cl\u00ednica. Em seguida, o m\u00e9dico pode solicitar exames, como a ultrassonografia com Doppler venoso, al\u00e9m do uso de meia compressiva. \u201cAp\u00f3s a realiza\u00e7\u00e3o dos exames, o paciente retorna para agendar o procedimento diretamente no Bloco E. O atendimento s\u00f3 acontece com indica\u00e7\u00e3o m\u00e9dica, garantindo mais seguran\u00e7a e efic\u00e1cia no tratamento\u201d, explicou.<\/span><\/p>\n<div class=\"gabinate\">\n<a href=\"https:\/\/maceio.al.gov.br\/secretarias-e-orgaos\/sms\">SMS<\/a><\/p>\n<h2>Secretaria Municipal de Sa\u00fade<\/h2>\n<p><span><\/p>\n<p>Rua Dias Cabral, 569 &#8211; Centro<br \/>CEP 57020-250 \/\/ Telefone: 82 3312-5400<br \/>Hor\u00e1rio de atendimento: segunda a sexta, de 8h \u00e0s 14h.<\/p>\n<p><\/span><\/div>\n<\/div>\n<p><script async defer crossorigin=\"anonymous\" src=\"https:\/\/connect.facebook.net\/pt_BR\/sdk.js#xfbml=1&#038;version=v12.0\" nonce=\"0pFl3y7T\"><\/script><br \/>\n<br \/><br \/>\n<br \/><a href=\"https:\/\/maceio.al.gov.br\/noticias\/sms\/saude-oferece-tratamento-para-varizes-e-microvasos-no-pam-salgadinho\">Prefeitura de Macei\u00f3 <\/a><\/p>\n","protected":false},"excerpt":{"rendered":"<p>A Secretaria de Sa\u00fade de Macei\u00f3 oferece, desde agosto de 2025, o procedimento de escleroterapia para o tratamento de varizes e microvasos no Pam Salgadinho, localizado no Po\u00e7o. O servi\u00e7o \u00e9 realizado no Bloco E da unidade, um dos principais centros de especialidades da capital alagoana. Os atendimentos s\u00e3o realizados \u00e0s segundas-feiras, com oferta de [&hellip;]<\/p>\n","protected":false},"author":1,"featured_media":28992,"comment_status":"closed","ping_status":"","sticky":false,"template":"","format":"standard","meta":{"footnotes":""},"categories":[9],"tags":[],"class_list":["post-28991","post","type-post","status-publish","format-standard","has-post-thumbnail","hentry","category-maceio"],"_links":{"self":[{"href":"https:\/\/diarioalagoas.com.br\/index.php?rest_route=\/wp\/v2\/posts\/28991","targetHints":{"allow":["GET"]}}],"collection":[{"href":"https:\/\/diarioalagoas.com.br\/index.php?rest_route=\/wp\/v2\/posts"}],"about":[{"href":"https:\/\/diarioalagoas.com.br\/index.php?rest_route=\/wp\/v2\/types\/post"}],"author":[{"embeddable":true,"href":"https:\/\/diarioalagoas.com.br\/index.php?rest_route=\/wp\/v2\/users\/1"}],"replies":[{"embeddable":true,"href":"https:\/\/diarioalagoas.com.br\/index.php?rest_route=%2Fwp%2Fv2%2Fcomments&post=28991"}],"version-history":[{"count":0,"href":"https:\/\/diarioalagoas.com.br\/index.php?rest_route=\/wp\/v2\/posts\/28991\/revisions"}],"wp:featuredmedia":[{"embeddable":true,"href":"https:\/\/diarioalagoas.com.br\/index.php?rest_route=\/wp\/v2\/media\/28992"}],"wp:attachment":[{"href":"https:\/\/diarioalagoas.com.br\/index.php?rest_route=%2Fwp%2Fv2%2Fmedia&parent=28991"}],"wp:term":[{"taxonomy":"category","embeddable":true,"href":"https:\/\/diarioalagoas.com.br\/index.php?rest_route=%2Fwp%2Fv2%2Fcategories&post=28991"},{"taxonomy":"post_tag","embeddable":true,"href":"https:\/\/diarioalagoas.com.br\/index.php?rest_route=%2Fwp%2Fv2%2Ftags&post=28991"}],"curies":[{"name":"wp","href":"https:\/\/api.w.org\/{rel}","templated":true}]}}