{"id":28995,"date":"2026-05-02T22:13:12","date_gmt":"2026-05-03T01:13:12","guid":{"rendered":"https:\/\/diarioalagoas.com.br\/?p=28995"},"modified":"2026-05-02T22:13:12","modified_gmt":"2026-05-03T01:13:12","slug":"iniciativa-aposta-no-protagonismo-social-em-escolas-de-petropolis","status":"publish","type":"post","link":"https:\/\/diarioalagoas.com.br\/?p=28995","title":{"rendered":"Iniciativa aposta no protagonismo social em escolas de Petr\u00f3polis"},"content":{"rendered":"<p> <br \/>\n<\/p>\n<div>\n<p>Cerca de 100 alunos de escolas p\u00fablicas da regi\u00e3o do Alto da Independ\u00eancia, em Petr\u00f3polis, est\u00e3o participando de um projeto educacional que busca estimular a a\u00e7\u00e3o e a coopera\u00e7\u00e3o de crian\u00e7as e adolescentes em suas comunidades.<img decoding=\"async\" src=\"https:\/\/agenciabrasil.ebc.com.br\/ebc.png?id=1687525&amp;o=node\" style=\"width:1px; height:1px; display:inline;\"\/><img decoding=\"async\" src=\"https:\/\/agenciabrasil.ebc.com.br\/ebc.gif?id=1687525&amp;o=node\" style=\"width:1px; height:1px; display:inline;\"\/><\/p>\n<p>O projeto conta com\u00a0tr\u00eas frentes principais: educa\u00e7\u00e3o ambiental;\u00a0leitura e escrita;\u00a0e est\u00edmulo criativo.\u00a0<\/p>\n<p>A iniciativa se baseia na autonomia dos estudantes para pensar e desenvolver a\u00e7\u00f5es pr\u00e1ticas com o aux\u00edlio de professores. A\u00a0primeira fase do projeto, que teve in\u00edcio no dia 10 de mar\u00e7o, \u00e9 voltada para tr\u00eas turmas. A expectativa \u00e9 que o projeto alcance at\u00e9 1,8 mil alunos.\u00a0<\/p>\n<p>O idealizador da iniciativa, Victor Prado, enxerga no programa uma oportunidade de ampliar a perspectiva dos jovens sobre temas normalmente estigmatizados.\u00a0\u00a0<\/p>\n<blockquote>\n<p>\u201cSustentabilidade n\u00e3o \u00e9 custo, \u00e9 oportunidade, assim como os games. Mas, antes de tudo, \u00e9 fundamental que os estudantes se enxerguem como capazes e saibam comunicar suas ideias, da\u00ed a import\u00e2ncia da leitura e da escrita diante das ferramentas digitais\u201d, disse.\u00a0<\/p>\n<\/blockquote>\n<p>Prado conta que o projeto surgiu a partir de\u00a0anos de atua\u00e7\u00e3o com escolas p\u00fablicas, sem perder de vista discuss\u00f5es atuais sobre tecnologia na educa\u00e7\u00e3o.\u00a0<\/p>\n<p>\u00a0<\/p>\n<div class=\"dnd-widget-wrapper context-cheio_8colunas type-image\">\n<div class=\"dnd-atom-rendered\"><!-- scald=460866:cheio_8colunas --><br \/>\n            <img decoding=\"async\" src=\"https:\/\/imagens.ebc.com.br\/BbjD6fh8iuk5m4c4xVH7P3mSVmk=\/754x0\/smart\/https:\/\/agenciabrasil.ebc.com.br\/sites\/default\/files\/thumbnails\/image\/2026\/04\/28\/victor_dando_aula_de_games_copy.jpg?itok=9DFB81W1\" alt=\"28\/04\/2026 - Iniciativa aposta no protagonismo social em escolas de Petr\u00f3polis. O idealizador da iniciativa, Victor Prado, enxerga no programa uma oportunidade de ampliar a perspectiva dos jovens sobre temas normalmente estigmatizados.  &#13;&#10;Foto: Divulga\u00e7\u00e3o\/Leia Brasil\" title=\"Divulga\u00e7\u00e3o\/Leia Brasil\"\/><br \/>\n        <img decoding=\"async\" src=\"https:\/\/imagens.ebc.com.br\/BbjD6fh8iuk5m4c4xVH7P3mSVmk=\/754x0\/smart\/https:\/\/agenciabrasil.ebc.com.br\/sites\/default\/files\/thumbnails\/image\/2026\/04\/28\/victor_dando_aula_de_games_copy.jpg?itok=9DFB81W1\" alt=\"28\/04\/2026 - Iniciativa aposta no protagonismo social em escolas de Petr\u00f3polis. O idealizador da iniciativa, Victor Prado, enxerga no programa uma oportunidade de ampliar a perspectiva dos jovens sobre temas normalmente estigmatizados.  &#13;&#10;Foto: Divulga\u00e7\u00e3o\/Leia Brasil\" title=\"Divulga\u00e7\u00e3o\/Leia Brasil\"\/><br \/>\n    <!-- END scald=460866 --><\/div>\n<p><h6 class=\"meta\">\u00a0O idealizador da iniciativa, Victor Prado, enxerga no programa uma oportunidade de ampliar a perspectiva dos jovens sobre temas normalmente estigmatizados. Foto: <strong>Divulga\u00e7\u00e3o\/Leia Brasil<\/strong><!--END copyright=460866--><\/h6>\n<\/p>\n<\/div>\n<h2>Atividades<\/h2>\n<p>A primeira parte do projeto \u00e9 o Desafio Verde, plano de educa\u00e7\u00e3o ambiental que aposta em oficinas, din\u00e2micas colaborativas e mobiliza\u00e7\u00e3o comunit\u00e1ria para transformar os estudantes em protagonistas de solu\u00e7\u00f5es socioambientais no territ\u00f3rio.<\/p>\n<p>A segunda parte, Vozes do Alto, voltado \u00e0 leitura, escrita e produ\u00e7\u00e3o de conte\u00fado, convida os jovens a observar o lugar onde vivem e transformar experi\u00eancias locais em narrativas autorais.<\/p>\n<p>J\u00e1 a \u00faltima, Arquitetura de Games, apresenta os jogos como linguagem cultural, campo tecnol\u00f3gico e porta de entrada para temas como criatividade, design, trabalho em equipe e caminho profissional.\u00a0<\/p>\n<p>Criador de conte\u00fado sobre games h\u00e1 mais dez anos no YouTube\u00a0e residente do Alto da Independ\u00eancia, Samuel Barros \u00e9 professor do projeto e um dos respons\u00e1veis pelo \u201cTorneio Intercolegial de Games\u201d. Ele conta que o engajamento dos alunos foi uma grata surpresa.\u00a0<\/p>\n<p>\u201cNo princ\u00edpio, eu pensei que apenas o projeto de games seria o que mais despertaria interesse dos alunos, por\u00e9m, os tr\u00eas projetos foram muito bem recebidos\u201d, disse.\u00a0<\/p>\n<p>\u201cApesar de darmos recompensas para os projetos mais criativos apresentados, n\u00f3s percebemos que o interesse deles pelo projeto est\u00e1 muito al\u00e9m de quererem receber algo em troca. Isso foi uma das coisas que mais me chamou aten\u00e7\u00e3o\u201d, completou.\u00a0<\/p>\n<p>Duas escolas fazem\u00a0parte da iniciativa, a Escola Municipal Alto Independ\u00eancia e o Centro\u00a0Integrado\u00a0de Educa\u00e7\u00e3o P\u00fablica (Ciep)\u00a0Santos Dumont. Segundo Victor Prado, a inten\u00e7\u00e3o \u00e9 abrir novas turmas ainda na pr\u00f3xima semana por conta da demanda dos alunos.\u00a0<\/p>\n<p>\u00a0<\/p>\n<div class=\"dnd-widget-wrapper context-cheio_8colunas type-image\">\n<div class=\"dnd-atom-rendered\"><!-- scald=460863:cheio_8colunas --><br \/>\n            <img decoding=\"async\" src=\"https:\/\/imagens.ebc.com.br\/NdVLFJfv0frqCcXsdrAjaAXoPu0=\/754x0\/smart\/https:\/\/agenciabrasil.ebc.com.br\/sites\/default\/files\/thumbnails\/image\/2026\/04\/28\/divulgacao_leia_brasil_2.jpg.jpeg?itok=BsCYri5N\" alt=\"28\/04\/2026 - Iniciativa aposta no protagonismo social em escolas de Petr\u00f3polis. Foto: Divulga\u00e7\u00e3o\/Leia Brasil\" title=\"Divulga\u00e7\u00e3o\/Leia Brasil\"\/><br \/>\n        <img decoding=\"async\" src=\"https:\/\/imagens.ebc.com.br\/NdVLFJfv0frqCcXsdrAjaAXoPu0=\/754x0\/smart\/https:\/\/agenciabrasil.ebc.com.br\/sites\/default\/files\/thumbnails\/image\/2026\/04\/28\/divulgacao_leia_brasil_2.jpg.jpeg?itok=BsCYri5N\" alt=\"28\/04\/2026 - Iniciativa aposta no protagonismo social em escolas de Petr\u00f3polis. Foto: Divulga\u00e7\u00e3o\/Leia Brasil\" title=\"Divulga\u00e7\u00e3o\/Leia Brasil\"\/><br \/>\n    <!-- END scald=460863 --><\/div>\n<p><h6 class=\"meta\">Iniciativa aposta no protagonismo social em escolas de Petr\u00f3polis. Foto: <strong>Divulga\u00e7\u00e3o\/Leia Brasil<\/strong><!--END copyright=460863--><\/h6>\n<\/p>\n<\/div>\n<h2>Participa\u00e7\u00e3o estudantil<\/h2>\n<p>Uma pesquisa divulgada pelo Minist\u00e9rio da Educa\u00e7\u00e3o (MEC) em 2025\u00a0revelou que quatro em cada dez estudantes brasileiros apontam que as aulas pr\u00e1ticas s\u00e3o necess\u00e1rias para uma \u201cescola do futuro\u201d.<\/p>\n<p>De acordo com 41% dos alunos do 6\u00ba e 7\u00ba ano, e 39% dos alunos de 8\u00ba e 9\u00ba, elas s\u00e3o t\u00e3o importantes quanto pr\u00e1ticas esportivas. Destaque tamb\u00e9m para as atividades que envolvem tecnologia e m\u00eddias digitais.<\/p>\n<p>Os dados integram o Relat\u00f3rio Nacional da Semana da Escuta das Adolesc\u00eancias nas Escolas, que re\u00fane a vis\u00e3o de 2,3 milh\u00f5es de jovens de todos os estados e \u00e9 realizado pelo MEC, em parceria com o Ita\u00fa Social, o Consed e a Undime.\u00a0\u00a0<\/p>\n<p><em>*Estagi\u00e1ria sob supervis\u00e3o da jornalista Mariana Tokarnia.<\/em><\/p>\n<p>      <!-- Relacionada --><\/p>\n<p>            <!-- Relacionada -->\n    <\/div>\n<p><br \/>\n<br \/><a href=\"https:\/\/agenciabrasil.ebc.com.br\/educacao\/noticia\/2026-04\/iniciativa-aposta-no-protagonismo-social-em-escolas-de-petropolis\">Ag\u00eancia Brasil<\/a><\/p>\n","protected":false},"excerpt":{"rendered":"<p>Cerca de 100 alunos de escolas p\u00fablicas da regi\u00e3o do Alto da Independ\u00eancia, em Petr\u00f3polis, est\u00e3o participando de um projeto educacional que busca estimular a a\u00e7\u00e3o e a coopera\u00e7\u00e3o de crian\u00e7as e adolescentes em suas comunidades. O projeto conta com\u00a0tr\u00eas frentes principais: educa\u00e7\u00e3o ambiental;\u00a0leitura e escrita;\u00a0e est\u00edmulo criativo.\u00a0 A iniciativa se baseia na autonomia dos [&hellip;]<\/p>\n","protected":false},"author":1,"featured_media":28996,"comment_status":"closed","ping_status":"","sticky":false,"template":"","format":"standard","meta":{"footnotes":""},"categories":[13],"tags":[],"class_list":["post-28995","post","type-post","status-publish","format-standard","has-post-thumbnail","hentry","category-educacao"],"_links":{"self":[{"href":"https:\/\/diarioalagoas.com.br\/index.php?rest_route=\/wp\/v2\/posts\/28995","targetHints":{"allow":["GET"]}}],"collection":[{"href":"https:\/\/diarioalagoas.com.br\/index.php?rest_route=\/wp\/v2\/posts"}],"about":[{"href":"https:\/\/diarioalagoas.com.br\/index.php?rest_route=\/wp\/v2\/types\/post"}],"author":[{"embeddable":true,"href":"https:\/\/diarioalagoas.com.br\/index.php?rest_route=\/wp\/v2\/users\/1"}],"replies":[{"embeddable":true,"href":"https:\/\/diarioalagoas.com.br\/index.php?rest_route=%2Fwp%2Fv2%2Fcomments&post=28995"}],"version-history":[{"count":0,"href":"https:\/\/diarioalagoas.com.br\/index.php?rest_route=\/wp\/v2\/posts\/28995\/revisions"}],"wp:featuredmedia":[{"embeddable":true,"href":"https:\/\/diarioalagoas.com.br\/index.php?rest_route=\/wp\/v2\/media\/28996"}],"wp:attachment":[{"href":"https:\/\/diarioalagoas.com.br\/index.php?rest_route=%2Fwp%2Fv2%2Fmedia&parent=28995"}],"wp:term":[{"taxonomy":"category","embeddable":true,"href":"https:\/\/diarioalagoas.com.br\/index.php?rest_route=%2Fwp%2Fv2%2Fcategories&post=28995"},{"taxonomy":"post_tag","embeddable":true,"href":"https:\/\/diarioalagoas.com.br\/index.php?rest_route=%2Fwp%2Fv2%2Ftags&post=28995"}],"curies":[{"name":"wp","href":"https:\/\/api.w.org\/{rel}","templated":true}]}}