{"id":28999,"date":"2026-05-03T00:30:34","date_gmt":"2026-05-03T03:30:34","guid":{"rendered":"https:\/\/diarioalagoas.com.br\/?p=28999"},"modified":"2026-05-03T00:30:34","modified_gmt":"2026-05-03T03:30:34","slug":"prefeitura-de-maceio-maceio-responde-pela-geracao-de-mais-da-metade","status":"publish","type":"post","link":"https:\/\/diarioalagoas.com.br\/?p=28999","title":{"rendered":"Prefeitura de Macei\u00f3 | Macei\u00f3 responde pela gera\u00e7\u00e3o de mais da metade\u2026"},"content":{"rendered":"<p> <br \/>\n<\/p>\n<div id=\"\">\n<p><span>Nos \u00faltimos anos, Macei\u00f3 tem diversificado os motivos que a tornam o principal polo de gera\u00e7\u00e3o de empregos em Alagoas. Segundo especialistas, o protagonismo j\u00e1 n\u00e3o se explica apenas pelo fato de a capital concentrar o maior n\u00famero de pessoas e empreendimentos do estado, mas tamb\u00e9m pelo volume crescente de novas obras impulsionadas pela Prefeitura de Macei\u00f3. <\/span><\/p>\n<p><span>De acordo com o IBGE, a cidade respondeu por 60% dos empregos com carteira assinada em Alagoas no per\u00edodo entre janeiro de 2023 e mar\u00e7o deste ano. A Constru\u00e7\u00e3o Civil apareceu como um fator determinante para o resultado positivo.<\/span><\/p>\n<p class=\"text-justify\"><span>Dos 53 mil postos de trabalho gerados no estado no per\u00edodo, mais de 32 mil foram ocupados em Macei\u00f3 pelo setor da Constru\u00e7\u00e3o Civil. A \u00e1rea foi respons\u00e1vel pela metade dos empregos gerados em Alagoas, no primeiro trimestre de 2026. <\/span><\/p>\n<p class=\"text-justify\"><span>De acordo com o economista e professor da Universidade Federal de Alagoas (Ufal), Arn\u00f3bio Cavalcanti, o desempenho est\u00e1 diretamente ligado ao volume de investimentos em obras p\u00fablicas na capital alagoana, especialmente em \u00e1reas que demandam m\u00e3o de obra intensiva.\u00a0<\/span><\/p>\n<div class=\"single-section-box single-section-img single-box-center\">\n<figure>\n<a href=\"https:\/\/cdnpm.dhost.cloud\/imagens\/itawi-alb.-secom.jpeg\" data-fancybox=\"images\"><br \/>\n<img decoding=\"async\" src=\"https:\/\/maceio.al.gov.br\/transform\/imagens\/_845xAUTO_crop_center-center_none\/itawi-alb.-secom.jpeg\" alt=\"Residencial Parque da Lagoa, no Vergel do Lago. Foto: Itawi Albuquerque\/ Secom Macei\u00f3\"\/><br \/>\n<\/a><figcaption><small class=\"img-credits\">Residencial Parque da Lagoa, no Vergel do Lago. Foto: Itawi Albuquerque\/ Secom Macei\u00f3<\/small><\/figcaption><\/figure>\n<\/div>\n<p class=\"text-justify\"><span>Entre os empreendimentos que exigiram esse intenso aparato de for\u00e7a de trabalho para serem erguidos, se destacam os conjuntos habitacionais nos bairros do Benedito Bentes, Santos Dumont, Santa Am\u00e9lia e Vergel do Lago. <\/span><\/p>\n<p class=\"text-justify\"><span>As edifica\u00e7\u00f5es somam 6.760 moradias e beneficiam mais de 20 mil pessoas com novas habita\u00e7\u00f5es populares. Quando o assunto \u00e9 a mobilidade urbana, a lista inclui a Rota do Mar, via alternativa que liga as partes alta e baixa da cidade, e a Linha Verde, que ir\u00e1 desafogar o tr\u00e1fego tamb\u00e9m na regi\u00e3o, com investimento de R$ 220 milh\u00f5es.<\/span><\/p>\n<p class=\"text-justify\"><span>No Centro da cidade, o bate-bate de m\u00e1quinas e martelos empregam centenas de trabalhadores da Constru\u00e7\u00e3o Civil, que erguem mais uma obra de grande porte da Prefeitura de Macei\u00f3, como o Complexo Administrativo. O projeto prop\u00f5e centralizar a gest\u00e3o municipal em tr\u00eas pr\u00e9dios de alto padr\u00e3o, na Pra\u00e7a dos Palmares, para racionalizar melhor os recursos p\u00fablicos. Apenas esta constru\u00e7\u00e3o gera 200 empregos com carteira assinada.\u00a0<\/span><\/p>\n<p class=\"text-justify\">O prefeito Rodrigo Cunha destacou que o avan\u00e7o na gera\u00e7\u00e3o de empregos em Macei\u00f3 est\u00e1 diretamente ligado a uma pol\u00edtica de investimentos que alia desenvolvimento urbano e oportunidade para a popula\u00e7\u00e3o.<\/p>\n<p>\u201cCada obra realizada pela Prefeitura movimenta a economia, gera empregos e transforma a cidade. S\u00f3 em 2025, Macei\u00f3 foi respons\u00e1vel por metade de todo o saldo de empregos gerados em Alagoas, resultado de um trabalho s\u00e9rio, com planejamento e compromisso com o desenvolvimento. Seguiremos investindo para ampliar ainda mais as oportunidades e garantir dignidade para a nossa gente\u201d, afirmou Rodrigo Cunha.<\/p>\n<p class=\"text-justify\"><span><strong>Pequenas obras, mais empregos<\/strong><\/span><\/p>\n<p class=\"text-justify\"><span>As obras com menor complexidade da Prefeitura de Macei\u00f3 tamb\u00e9m impactam positivamente no n\u00famero de gera\u00e7\u00e3o de empregos no setor de constru\u00e7\u00e3o civil na capital. <\/span><\/p>\n<p class=\"text-justify\"><span>Apesar de serem edifica\u00e7\u00f5es menores, elas s\u00e3o feitas em maior escala e geram valoriza\u00e7\u00e3o imobili\u00e1ria nas regi\u00f5es em que s\u00e3o erguidas. Nos \u00faltimos cinco anos, a gest\u00e3o municipal construiu 18 creches Gigantinhos, 35 Areninhas, quatro parques lineares e executou servi\u00e7os de infraestrutura em 65 pra\u00e7as que foram requalificadas com a instala\u00e7\u00e3o de equipamentos p\u00fablicos que melhoram a qualidade de vida dos maceioenses.<\/span><\/p>\n<div class=\"single-section-box single-section-img single-box-right\">\n<figure>\n<a href=\"https:\/\/cdnpm.dhost.cloud\/imagens\/alysson-frazao.jpeg\" data-fancybox=\"images\"><br \/>\n<img decoding=\"async\" src=\"https:\/\/maceio.al.gov.br\/transform\/imagens\/_300xAUTO_crop_center-center_none\/alysson-frazao.jpeg\" alt=\"Foto \u00e1erea da Areninha. Foto: Alysson Fraz\u00e3o\/ Secom Macei\u00f3\"\/><br \/>\n<\/a><figcaption><small class=\"img-credits\">Foto \u00e1erea da Areninha. Foto: Alysson Fraz\u00e3o\/ Secom Macei\u00f3<\/small><\/figcaption><\/figure>\n<\/div>\n<p class=\"text-justify\"><span>Para o economista Arn\u00f3bio Cavalcanti, os empreendimentos de menor ou maior porte n\u00e3o apenas geram mais empregos formais, como atraem n\u00e3o s\u00f3 m\u00e3o de obra para a cadeia tur\u00edstica, mas abrem novos mercados do setor hoteleiro e gastron\u00f4mico para a cidade, cujo destino se destaca pela procura de visitantes nacionais e estrangeiros.<\/span><\/p>\n<p class=\"text-justify\"><span>\u201c\u00c9 uma pol\u00edtica de desenvolvimento apostada em quatro pilares: sa\u00fade, educa\u00e7\u00e3o, mobilidade e turismo. Macei\u00f3 se tornou uma vitrine para o Brasil e isso acarretou no interesse de mais pessoas em conhecer e vivenciar a cidade. Esse cen\u00e1rio impactou significativamente a instala\u00e7\u00e3o de novos restaurantes, hot\u00e9is, pousadas e apartamentos-studios. As pessoas cada vez mais querem estar em Macei\u00f3 e o mercado acompanha esse interesse\u201d, explicou Arn\u00f3bio Carvalcanti.<\/span><\/p>\n<div class=\"gabinate\">\n<a href=\"https:\/\/maceio.al.gov.br\/secretarias-e-orgaos\/semtes\">SEMTES<\/a><\/p>\n<h2>Secretaria Municipal de Trabalho, Emprego e Economia Solid\u00e1ria<\/h2>\n<p><span><\/p>\n<p><strong>Secretaria Municipal do Trabalho, Emprego e Economia Solid\u00e1ria<\/strong><br \/>Rua do Livramento, 468 &#8211; Centro (Shopping Popular). CEP: 57020-030<\/p>\n<p><\/span><\/div>\n<\/div>\n<p><script async defer crossorigin=\"anonymous\" src=\"https:\/\/connect.facebook.net\/pt_BR\/sdk.js#xfbml=1&#038;version=v12.0\" nonce=\"0pFl3y7T\"><\/script><br \/>\n<br \/><br \/>\n<br \/><a href=\"https:\/\/maceio.al.gov.br\/noticias\/semtes\/maceio-responde-pela-geracao-de-mais-da-metade-dos-empregos-em-alagoas\">Prefeitura de Macei\u00f3 <\/a><\/p>\n","protected":false},"excerpt":{"rendered":"<p>Nos \u00faltimos anos, Macei\u00f3 tem diversificado os motivos que a tornam o principal polo de gera\u00e7\u00e3o de empregos em Alagoas. Segundo especialistas, o protagonismo j\u00e1 n\u00e3o se explica apenas pelo fato de a capital concentrar o maior n\u00famero de pessoas e empreendimentos do estado, mas tamb\u00e9m pelo volume crescente de novas obras impulsionadas pela Prefeitura [&hellip;]<\/p>\n","protected":false},"author":1,"featured_media":29000,"comment_status":"closed","ping_status":"","sticky":false,"template":"","format":"standard","meta":{"footnotes":""},"categories":[9],"tags":[],"class_list":["post-28999","post","type-post","status-publish","format-standard","has-post-thumbnail","hentry","category-maceio"],"_links":{"self":[{"href":"https:\/\/diarioalagoas.com.br\/index.php?rest_route=\/wp\/v2\/posts\/28999","targetHints":{"allow":["GET"]}}],"collection":[{"href":"https:\/\/diarioalagoas.com.br\/index.php?rest_route=\/wp\/v2\/posts"}],"about":[{"href":"https:\/\/diarioalagoas.com.br\/index.php?rest_route=\/wp\/v2\/types\/post"}],"author":[{"embeddable":true,"href":"https:\/\/diarioalagoas.com.br\/index.php?rest_route=\/wp\/v2\/users\/1"}],"replies":[{"embeddable":true,"href":"https:\/\/diarioalagoas.com.br\/index.php?rest_route=%2Fwp%2Fv2%2Fcomments&post=28999"}],"version-history":[{"count":0,"href":"https:\/\/diarioalagoas.com.br\/index.php?rest_route=\/wp\/v2\/posts\/28999\/revisions"}],"wp:featuredmedia":[{"embeddable":true,"href":"https:\/\/diarioalagoas.com.br\/index.php?rest_route=\/wp\/v2\/media\/29000"}],"wp:attachment":[{"href":"https:\/\/diarioalagoas.com.br\/index.php?rest_route=%2Fwp%2Fv2%2Fmedia&parent=28999"}],"wp:term":[{"taxonomy":"category","embeddable":true,"href":"https:\/\/diarioalagoas.com.br\/index.php?rest_route=%2Fwp%2Fv2%2Fcategories&post=28999"},{"taxonomy":"post_tag","embeddable":true,"href":"https:\/\/diarioalagoas.com.br\/index.php?rest_route=%2Fwp%2Fv2%2Ftags&post=28999"}],"curies":[{"name":"wp","href":"https:\/\/api.w.org\/{rel}","templated":true}]}}