{"id":29001,"date":"2026-05-03T02:17:25","date_gmt":"2026-05-03T05:17:25","guid":{"rendered":"https:\/\/diarioalagoas.com.br\/?p=29001"},"modified":"2026-05-03T02:17:25","modified_gmt":"2026-05-03T05:17:25","slug":"mil-convocados-no-cnu-2025-podem-escolher-local-de-trabalho-ate-terca","status":"publish","type":"post","link":"https:\/\/diarioalagoas.com.br\/?p=29001","title":{"rendered":"Mil convocados no CNU 2025 podem escolher local de trabalho at\u00e9 ter\u00e7a"},"content":{"rendered":"<p> <br \/>\n<\/p>\n<div>\n<p><strong>Os aprovados para o cargo de analista t\u00e9cnico-administrativo da segunda edi\u00e7\u00e3o do Concurso P\u00fablico Nacional Unificado podem manifestar a prefer\u00eancia pelo local de lota\u00e7\u00e3o at\u00e9 as 23 horas e 59 minutos da pr\u00f3xima ter\u00e7a-feira (5), no hor\u00e1rio de Bras\u00edlia.<\/strong><img decoding=\"async\" src=\"https:\/\/agenciabrasil.ebc.com.br\/ebc.png?id=1688182&amp;o=node\" style=\"width:1px; height:1px; display:inline;\"\/><img decoding=\"async\" src=\"https:\/\/agenciabrasil.ebc.com.br\/ebc.gif?id=1688182&amp;o=node\" style=\"width:1px; height:1px; display:inline;\"\/><\/p>\n<p>Esta semana, o Minist\u00e9rio da Gest\u00e3o e da Inova\u00e7\u00e3o em Servi\u00e7os P\u00fablicos (MGI) publicou o <a href=\"https:\/\/www.in.gov.br\/en\/web\/dou\/-\/edital-n-2\/2026-701985303\" target=\"_blank\">edital de convoca\u00e7\u00e3o<\/a>\u00a0de mais de mil candidatos no <em>Di\u00e1rio Oficial da Uni\u00e3o<\/em>.<\/p>\n<p><strong>O participante tamb\u00e9m foi convocado por e-mail no endere\u00e7o eletr\u00f4nico informado ao se inscrever no certame.<\/strong><\/p>\n<p>A pasta explica que a manifesta\u00e7\u00e3o da prefer\u00eancia pelo local de trabalho se aplica somente aos candidatos convocados para o cargo de analista t\u00e9cnico-administrativo do CNU 2025. O procedimento n\u00e3o se estende aos demais cargos do concurso p\u00fablico realizado em outubro e dezembro do ano passado.<\/p>\n<p>O candidato n\u00e3o \u00e9 obrigado a preencher a lista de prefer\u00eancia de munic\u00edpio. Se n\u00e3o o fizer, o Minist\u00e9rio da Gest\u00e3o definir\u00e1 a lota\u00e7\u00e3o, conforme interesse da administra\u00e7\u00e3o p\u00fablica federal.<\/p>\n<h2>Manifesta\u00e7\u00e3o de prefer\u00eancia<\/h2>\n<p><strong>A manifesta\u00e7\u00e3o de prefer\u00eancia do local de exerc\u00edcio do servi\u00e7o p\u00fablico deve ser feita pelo candidato nomeado exclusivamente no <a href=\"http:\/\/www.gov.br\/sougov\" target=\"_blank\">site SouGov.br<\/a>\u00a0do poder Executivo Federal ou por meio do <a href=\"https:\/\/www.gov.br\/servidor\/pt-br\/assuntos\/sou-gov\" target=\"_blank\">aplicativo SouGov.br<\/a>. O acesso deve ser feito com login e senha da conta da plataforma Gov.br, do governo federal.<\/strong><\/p>\n<p>Durante a manifesta\u00e7\u00e3o de prefer\u00eancia no sistema, os candidatos poder\u00e3o indicar suas op\u00e7\u00f5es de local de exerc\u00edcio entre as localidades dispon\u00edveis, em ordem de prefer\u00eancia.<\/p>\n<p>O edital estabelece que a escolha feita ser\u00e1 considerada como manifesta\u00e7\u00e3o formal de aceita\u00e7\u00e3o, inclusive quando envolver cidades fora das capitais. <a href=\"https:\/\/www.gov.br\/gestao\/pt-br\/assuntos\/noticias\/mgi-convoca-mil-ates-aprovados-do-cpnu-2-para-escolha-de-local-de-exercicio\" target=\"_blank\">Saiba mais aqui<\/a>.<\/p>\n<h2>Prioridades na manifesta\u00e7\u00e3o<\/h2>\n<p>Os servidores convocados poder\u00e3o ser lotados em at\u00e9 36 \u00f3rg\u00e3os federais, com presen\u00e7a em diversas regi\u00f5es do pa\u00eds, incluindo capitais e outros munic\u00edpios considerados estrat\u00e9gicos.<\/p>\n<p><strong>Na distribui\u00e7\u00e3o dos candidatos, o MGI estabeleceu regras com base nos seguintes crit\u00e9rios de prioridade:<\/strong><\/p>\n<ul>\n<li>aprovados em vagas reservadas a pessoas com defici\u00eancia (PCD), independentemente da modalidade de concorr\u00eancia em que tenham sido classificadas;<\/li>\n<li>respeito \u00e0 ordem de classifica\u00e7\u00e3o no concurso p\u00fablico;<\/li>\n<li>altern\u00e2ncia entre listas de ampla concorr\u00eancia e vagas reservadas, conforme previsto na legisla\u00e7\u00e3o do processo seletivo.<\/li>\n<\/ul>\n<h2>Distribui\u00e7\u00e3o nacional<\/h2>\n<p>A defini\u00e7\u00e3o final do local de exerc\u00edcio considera tanto as prefer\u00eancias indicadas pelos candidatos convocados quanto as demandas apresentadas pelos \u00f3rg\u00e3os p\u00fablicos, incluindo Bras\u00edlia, capitais e outros munic\u00edpios estrat\u00e9gicos.<\/p>\n<p><strong>A administra\u00e7\u00e3o federal considera tr\u00eas fatores para organizar e decidir a lota\u00e7\u00e3o de cada candidato aprovado:<\/strong><\/p>\n<ul>\n<li>disponibilidade de vagas existentes nos \u00f3rg\u00e3os p\u00fablicos de cada localidade;<\/li>\n<li>interesse dos candidatos;<\/li>\n<li>ordem de classifica\u00e7\u00e3o no certame.<\/li>\n<\/ul>\n<p>O edital tamb\u00e9m estabelece que, nos casos de nomea\u00e7\u00e3o para Bras\u00edlia ou capitais dos estados, n\u00e3o haver\u00e1 possibilidade de recusa da vaga. Nessas situa\u00e7\u00f5es, a n\u00e3o aceita\u00e7\u00e3o ser\u00e1 considerada desist\u00eancia, conforme a legisla\u00e7\u00e3o aplic\u00e1vel.<\/p>\n<p>Mas, para localidades fora de Bras\u00edlia e das capitais, a administra\u00e7\u00e3o n\u00e3o poder\u00e1 designar o candidato para munic\u00edpio que n\u00e3o tenha sido previamente escolhido por ele. Na pr\u00e1tica, a medida assegura que a pessoa n\u00e3o\u00a0trabalhar\u00e1 em um lugar que n\u00e3o tenha indicado, se esse for fora de Bras\u00edlia e de capitais.<\/p>\n<h2>Carreira transversal<\/h2>\n<p><strong>O cargo de analista t\u00e9cnico-administrativo, do bloco tem\u00e1tico n\u00famero 5 do CNU 2025, integra a carreira de analista t\u00e9cnico do poder Executivo (ATE), criada recentemente pelo MGI.<\/strong><\/p>\n<p>Essa carreira tem car\u00e1ter transversal, o que permite a atua\u00e7\u00e3o profissional em diferentes \u00f3rg\u00e3os da administra\u00e7\u00e3o p\u00fablica federal, de acordo com as necessidades institucionais.<\/p>\n<p>O objetivo \u00e9 fortalecer a atua\u00e7\u00e3o t\u00e9cnica do Estado brasileiro.<\/p>\n<p>      <!-- Relacionada --><\/p>\n<p>            <!-- Relacionada -->\n    <\/div>\n<p><br \/>\n<br \/><a href=\"https:\/\/agenciabrasil.ebc.com.br\/economia\/noticia\/2026-05\/mil-convocados-no-cnu-2025-podem-escolher-local-de-trabalho-ate-terca\">Ag\u00eancia Brasil<\/a><\/p>\n","protected":false},"excerpt":{"rendered":"<p>Os aprovados para o cargo de analista t\u00e9cnico-administrativo da segunda edi\u00e7\u00e3o do Concurso P\u00fablico Nacional Unificado podem manifestar a prefer\u00eancia pelo local de lota\u00e7\u00e3o at\u00e9 as 23 horas e 59 minutos da pr\u00f3xima ter\u00e7a-feira (5), no hor\u00e1rio de Bras\u00edlia. Esta semana, o Minist\u00e9rio da Gest\u00e3o e da Inova\u00e7\u00e3o em Servi\u00e7os P\u00fablicos (MGI) publicou o edital [&hellip;]<\/p>\n","protected":false},"author":1,"featured_media":29002,"comment_status":"closed","ping_status":"","sticky":false,"template":"","format":"standard","meta":{"footnotes":""},"categories":[12],"tags":[],"class_list":["post-29001","post","type-post","status-publish","format-standard","has-post-thumbnail","hentry","category-economia"],"_links":{"self":[{"href":"https:\/\/diarioalagoas.com.br\/index.php?rest_route=\/wp\/v2\/posts\/29001","targetHints":{"allow":["GET"]}}],"collection":[{"href":"https:\/\/diarioalagoas.com.br\/index.php?rest_route=\/wp\/v2\/posts"}],"about":[{"href":"https:\/\/diarioalagoas.com.br\/index.php?rest_route=\/wp\/v2\/types\/post"}],"author":[{"embeddable":true,"href":"https:\/\/diarioalagoas.com.br\/index.php?rest_route=\/wp\/v2\/users\/1"}],"replies":[{"embeddable":true,"href":"https:\/\/diarioalagoas.com.br\/index.php?rest_route=%2Fwp%2Fv2%2Fcomments&post=29001"}],"version-history":[{"count":0,"href":"https:\/\/diarioalagoas.com.br\/index.php?rest_route=\/wp\/v2\/posts\/29001\/revisions"}],"wp:featuredmedia":[{"embeddable":true,"href":"https:\/\/diarioalagoas.com.br\/index.php?rest_route=\/wp\/v2\/media\/29002"}],"wp:attachment":[{"href":"https:\/\/diarioalagoas.com.br\/index.php?rest_route=%2Fwp%2Fv2%2Fmedia&parent=29001"}],"wp:term":[{"taxonomy":"category","embeddable":true,"href":"https:\/\/diarioalagoas.com.br\/index.php?rest_route=%2Fwp%2Fv2%2Fcategories&post=29001"},{"taxonomy":"post_tag","embeddable":true,"href":"https:\/\/diarioalagoas.com.br\/index.php?rest_route=%2Fwp%2Fv2%2Ftags&post=29001"}],"curies":[{"name":"wp","href":"https:\/\/api.w.org\/{rel}","templated":true}]}}