{"id":35408,"date":"2026-08-30T10:09:39","date_gmt":"2026-08-30T13:09:39","guid":{"rendered":"https:\/\/diarioalagoas.com.br\/?p=35408"},"modified":"2026-08-30T10:09:39","modified_gmt":"2026-08-30T13:09:39","slug":"prefeitura-de-maceio-arte-em-movimento-conecta-escolas-da-rede","status":"publish","type":"post","link":"https:\/\/diarioalagoas.com.br\/?p=35408","title":{"rendered":"Prefeitura de Macei\u00f3 | Arte em Movimento conecta escolas da rede\u2026"},"content":{"rendered":"<p> <br \/>\n<\/p>\n<div id=\"\">\n<p>A arte produzida nas escolas da rede p\u00fablica de ensino de Macei\u00f3 ganhou novos espa\u00e7os para circular e conectar estudantes de diferentes territ\u00f3rios da cidade. Esse \u00e9 o prop\u00f3sito do Projeto Arte em Movimento, desenvolvido pela Coordena\u00e7\u00e3o T\u00e9cnica de Arte e Cultura (CTAC) da Secretaria Municipal de Educa\u00e7\u00e3o (Semed), em parceria com a Coordena\u00e7\u00e3o T\u00e9cnica de Educa\u00e7\u00e3o Integral, que promove o interc\u00e2mbio art\u00edstico e cultural entre unidades da rede.<\/p>\n<p>Entre os dias 11 e 25 de agosto, foram realizados 15 encontros no formato \u201cescola recebe escola\u201d, em que uma unidade anfitri\u00e3 recebe grupos art\u00edsticos de outras escolas da rede para apresenta\u00e7\u00f5es. Ao todo, cerca de 460 estudantes participaram das atividades, que contemplaram linguagens como m\u00fasica, teatro, dan\u00e7a, artes visuais e manifesta\u00e7\u00f5es da cultura popular alagoana, como coco de roda, pastoril, guerreiro e carimb\u00f3.<\/p>\n<p>As apresenta\u00e7\u00f5es foram protagonizadas pelos pr\u00f3prios estudantes, acompanhados por professores e coordenadores das unidades envolvidas. A proposta \u00e9 transformar cada encontro em uma oportunidade de aprendizagem e reconhecimento entre os estudantes.<\/p>\n<p>Para T\u00e9rcio Smith, coordenador t\u00e9cnico de Arte e Cultura da Semed, o projeto tem ampliado a visibilidade das produ\u00e7\u00f5es art\u00edsticas desenvolvidas pelos estudantes da rede e fortalecido o trabalho realizado nas escolas. Segundo ele, esse movimento tamb\u00e9m tem ganhado for\u00e7a com a implanta\u00e7\u00e3o da educa\u00e7\u00e3o em tempo integral, que amplia as oportunidades de participa\u00e7\u00e3o dos estudantes em atividades culturais.<\/p>\n<p><strong>Circula\u00e7\u00e3o cultural<\/strong><\/p>\n<p>Foi nesse contexto de valoriza\u00e7\u00e3o cultural da rede que o Arte em Movimento realizou sua primeira edi\u00e7\u00e3o, em agosto, per\u00edodo dedicado \u00e0 valoriza\u00e7\u00e3o das culturas populares, tradicionais e ancestrais. \u201cPelo sucesso e acolhimento das escolas, a inten\u00e7\u00e3o \u00e9 que o projeto seja realizado durante todo o ano, fortalecendo ainda mais a nossa Rede Municipal\u201d, explicou T\u00e9rcio.<\/p>\n<p>Ao colocar diferentes escolas em contato, o projeto tamb\u00e9m cria uma ponte entre as manifesta\u00e7\u00f5es culturais presentes em diferentes regi\u00f5es de Macei\u00f3. Cada unidade leva para os encontros parte da identidade do territ\u00f3rio onde est\u00e1 inserida, permitindo que os estudantes conhe\u00e7am outras express\u00f5es culturais da pr\u00f3pria cidade.<\/p>\n<p>\u201cA partir desse interc\u00e2mbio cultural, uma escola passa a conhecer melhor a outra, possibilitando trocas de experi\u00eancias e o surgimento de novas ideias. A escola que recebe um grupo cultural tamb\u00e9m se sente motivada a produzir algo nesse sentido\u201d, destacou o coordenador. Nesse sentido, o territ\u00f3rio daquela escola se amplia e se torna vis\u00edvel. Essa conex\u00e3o de territ\u00f3rios faz os estudantes se sentirem cada vez mais pertencentes a uma cultura alagoana.<\/p>\n<p><strong>Territ\u00f3rios e pertencimentos<\/strong><\/p>\n<p>A Escola Municipal Zumbi dos Palmares \u00e9 um exemplo dessa territorialidade por sua diversidade. A unidade possui grupos como Afro Zumbi, Nega da Costa, capoeira, coco de roda e carimb\u00f3. Para o diretor Francisco Nivaldo Ferreira dos Santos, a presen\u00e7a da cultura no ambiente escolar fortalece a rela\u00e7\u00e3o dos estudantes com a pr\u00f3pria comunidade.<\/p>\n<p>\u201cA participa\u00e7\u00e3o deles foi intensa. Eles se dedicaram como se fosse uma competi\u00e7\u00e3o. Nossa comunidade \u00e9 muito forte na cultura, e a escola possui v\u00e1rios grupos culturais, al\u00e9m de abrir as portas para grupos do entorno\u201d, explicou.<\/p>\n<p>Para o diretor, a experi\u00eancia tamb\u00e9m teve \u201cum impacto gigantesco e muito positivo, porque nossa escola se torna refer\u00eancia. Ter esses grupos culturais na escola fortalece nossa identidade cultural e desenvolve nos alunos o sentimento de pertencimento\u201d, disse.<\/p>\n<p><strong>Cultura viva<\/strong><\/p>\n<p>Na Escola Municipal Tradutor Jo\u00e3o Sampaio, os grupos de m\u00fasica e coco de roda tamb\u00e9m encontram espa\u00e7o para desenvolver os talentos dos estudantes. A diretora-geral Adriana Firmino de Lima destaca: &#8220;\u00c9 uma oportunidade muito importante para os estudantes mostrarem suas potencialidades. Para nossos alunos, essa participa\u00e7\u00e3o foi muito motivadora, e \u00e9 um orgulho ver todos eles empenhados e buscando melhorar cada vez mais em todos os campos\u201d, pontuou.<\/p>\n<p>Esse est\u00edmulo tamb\u00e9m aparece no olhar de T\u00e9rcio Smith, que percebe no interc\u00e2mbio um potencial que vai al\u00e9m das apresenta\u00e7\u00f5es. \u201cAlguns chegaram at\u00e9 mim depois das apresenta\u00e7\u00f5es perguntando como poderiam participar do interc\u00e2mbio cultural e dizendo que queriam formar grupos de dan\u00e7a ou de m\u00fasica em suas escolas. Isso mostra o impacto e a motiva\u00e7\u00e3o que o projeto desperta nos estudantes\u201d, frisou.<\/p>\n<p>Esse impacto tamb\u00e9m \u00e9 percebido pelos pr\u00f3prios estudantes, o estudante do 7\u00ba ano B da Escola Municipal Tradutor Jo\u00e3o Sampaio, Murilo da Silva Santos encontrou no projeto uma oportunidade: \u201cEsse projeto cultural, esse interc\u00e2mbio cultural, me ajudou muito na minha vida, porque era um grande sonho. Com os professores ajudando a gente e sempre incentivando, a gente ganha coragem para mostrar mais os nossos talentos. Temos apresenta\u00e7\u00f5es aqui na escola e tamb\u00e9m fora dela, mostrando nosso talento em v\u00e1rias partes de Macei\u00f3, \u00e9 uma baita oportunidade. Sou muito grato por tudo\u201d, concluiu.<\/p>\n<div class=\"gallery-item\">\n<span class=\"gallery-item__legend\">Fotos: Brendha Almeida\/ Ascom Semed<\/span><\/div>\n<div class=\"gabinate\">\n<a href=\"https:\/\/maceio.al.gov.br\/secretarias-e-orgaos\/semed\">SEMED<\/a><\/p>\n<h2>Secretaria Municipal de Educa\u00e7\u00e3o<\/h2>\n<p><span><\/p>\n<p>Rua General Hermes, 1199 &#8211; Cambona<br \/>CEP 57017-201 \/\/ Telefone: (82) 3312-5608<br \/>Hor\u00e1rio de atendimento: segunda a sexta, de 8h \u00e0s 14h.<\/p>\n<p><\/span><\/div>\n<\/div>\n<p><script async defer crossorigin=\"anonymous\" src=\"https:\/\/connect.facebook.net\/pt_BR\/sdk.js#xfbml=1&#038;version=v12.0\" nonce=\"0pFl3y7T\"><\/script><br \/>\n<br \/><br \/>\n<br \/><a href=\"https:\/\/maceio.al.gov.br\/noticias\/semed\/arte-em-movimento-conecta-escolas-da-rede-municipal-por-meio-da-cultura\">Prefeitura de Macei\u00f3 <\/a><\/p>\n","protected":false},"excerpt":{"rendered":"<p>A arte produzida nas escolas da rede p\u00fablica de ensino de Macei\u00f3 ganhou novos espa\u00e7os para circular e conectar estudantes de diferentes territ\u00f3rios da cidade. Esse \u00e9 o prop\u00f3sito do Projeto Arte em Movimento, desenvolvido pela Coordena\u00e7\u00e3o T\u00e9cnica de Arte e Cultura (CTAC) da Secretaria Municipal de Educa\u00e7\u00e3o (Semed), em parceria com a Coordena\u00e7\u00e3o T\u00e9cnica [&hellip;]<\/p>\n","protected":false},"author":1,"featured_media":35409,"comment_status":"closed","ping_status":"","sticky":false,"template":"","format":"standard","meta":{"footnotes":""},"categories":[9],"tags":[],"class_list":["post-35408","post","type-post","status-publish","format-standard","has-post-thumbnail","hentry","category-maceio"],"_links":{"self":[{"href":"https:\/\/diarioalagoas.com.br\/index.php?rest_route=\/wp\/v2\/posts\/35408","targetHints":{"allow":["GET"]}}],"collection":[{"href":"https:\/\/diarioalagoas.com.br\/index.php?rest_route=\/wp\/v2\/posts"}],"about":[{"href":"https:\/\/diarioalagoas.com.br\/index.php?rest_route=\/wp\/v2\/types\/post"}],"author":[{"embeddable":true,"href":"https:\/\/diarioalagoas.com.br\/index.php?rest_route=\/wp\/v2\/users\/1"}],"replies":[{"embeddable":true,"href":"https:\/\/diarioalagoas.com.br\/index.php?rest_route=%2Fwp%2Fv2%2Fcomments&post=35408"}],"version-history":[{"count":0,"href":"https:\/\/diarioalagoas.com.br\/index.php?rest_route=\/wp\/v2\/posts\/35408\/revisions"}],"wp:featuredmedia":[{"embeddable":true,"href":"https:\/\/diarioalagoas.com.br\/index.php?rest_route=\/wp\/v2\/media\/35409"}],"wp:attachment":[{"href":"https:\/\/diarioalagoas.com.br\/index.php?rest_route=%2Fwp%2Fv2%2Fmedia&parent=35408"}],"wp:term":[{"taxonomy":"category","embeddable":true,"href":"https:\/\/diarioalagoas.com.br\/index.php?rest_route=%2Fwp%2Fv2%2Fcategories&post=35408"},{"taxonomy":"post_tag","embeddable":true,"href":"https:\/\/diarioalagoas.com.br\/index.php?rest_route=%2Fwp%2Fv2%2Ftags&post=35408"}],"curies":[{"name":"wp","href":"https:\/\/api.w.org\/{rel}","templated":true}]}}