{"id":35418,"date":"2026-08-30T16:46:23","date_gmt":"2026-08-30T19:46:23","guid":{"rendered":"https:\/\/diarioalagoas.com.br\/?p=35418"},"modified":"2026-08-30T16:46:23","modified_gmt":"2026-08-30T19:46:23","slug":"o-desconforto-mental-sentido-ao-manter-duas-crencas-contraditorias-ou-ao-agir-contra-os-proprios-valores","status":"publish","type":"post","link":"https:\/\/diarioalagoas.com.br\/?p=35418","title":{"rendered":"O desconforto mental sentido ao manter duas cren\u00e7as contradit\u00f3rias ou ao agir contra os pr\u00f3prios valores"},"content":{"rendered":"<p> <br \/>\n<\/p>\n<div>\n<p>Imagine que voc\u00ea defende fervorosamente a import\u00e2ncia de manter h\u00e1bitos de vida rigorosamente saud\u00e1veis e sustent\u00e1veis, mas, na noite passada, acabou cedendo \u00e0 exaust\u00e3o e consumindo uma grande quantidade de fast-food em uma embalagem pl\u00e1stica descart\u00e1vel. Imediatamente ap\u00f3s terminar, uma onda de culpa, irrita\u00e7\u00e3o e mal-estar mental toma conta de voc\u00ea, enquanto sua mente tenta desesperadamente encontrar desculpas para justificar o que aconteceu. <\/p>\n<h2 class=\"wp-block-heading\">Por que o c\u00e9rebro sofre tanto com a incoer\u00eancia interna?<\/h2>\n<p>Do ponto de vista psicol\u00f3gico, o ser humano possui uma necessidade quase biol\u00f3gica de manter a coer\u00eancia entre o que pensa, o que sente e o que faz. Quando nossas a\u00e7\u00f5es entram em conflito aberto com os nossos valores ou quando duas convic\u00e7\u00f5es importantes se chocam, o c\u00e9rebro interpreta essa brecha como uma amea\u00e7a \u00e0 nossa integridade e identidade.<\/p>\n<p>Essa incompatibilidade gera uma fric\u00e7\u00e3o psicol\u00f3gica real, acompanhada de ansiedade e irrita\u00e7\u00e3o. Como a mente detesta viver em estado de divis\u00e3o, ela \u00e9 for\u00e7ada a gastar uma quantidade enorme de energia mental para resolver a tens\u00e3o, recorrendo muitas vezes a atalhos defensivos para restaurar a paz interna, seja mudando de comportamento ou distorcendo a realidade dos fatos.<\/p>\n<div class=\"wp-block-image\">\n<figure class=\"aligncenter size-large\"><img fetchpriority=\"high\" decoding=\"async\" width=\"1024\" height=\"572\" src=\"https:\/\/www.uai.com.br\/wp-content\/uploads\/2026\/08\/download-84-1-1024x572.png\" alt=\"O desconforto mental sentido ao manter duas cren\u00e7as contradit\u00f3rias ou ao agir contra os pr\u00f3prios valores\" class=\"wp-image-170590\" srcset=\"https:\/\/www.uai.com.br\/wp-content\/uploads\/2026\/08\/download-84-1-1024x572.png 1024w, https:\/\/www.uai.com.br\/wp-content\/uploads\/2026\/08\/download-84-1-300x168.png 300w, https:\/\/www.uai.com.br\/wp-content\/uploads\/2026\/08\/download-84-1-768x429.png 768w, https:\/\/www.uai.com.br\/wp-content\/uploads\/2026\/08\/download-84-1-750x419.png 750w, https:\/\/www.uai.com.br\/wp-content\/uploads\/2026\/08\/download-84-1-1140x637.png 1140w, https:\/\/www.uai.com.br\/wp-content\/uploads\/2026\/08\/download-84-1.png 1273w\" sizes=\"(max-width: 1024px) 100vw, 1024px\"\/><figcaption class=\"wp-element-caption\">Se voc\u00ea sofre ao perceber que fez algo oposto aos seus valores esta falha da mente explica tudo. Veja detalhes surpreendentes<\/figcaption><\/figure>\n<\/div>\n<h2 class=\"wp-block-heading\">O que a ci\u00eancia revela sobre a teoria da disson\u00e2ncia?<\/h2>\n<p>O conceito foi cunhado de forma pioneira na psicologia social por Leon Festinger em 1957, inspirado por observa\u00e7\u00f5es fascinantes de cultos apocal\u00edpticos e estudos de laborat\u00f3rio onde participantes realizavam tarefas extremamente entediantes.<\/p>\n<p>Em experimentos cl\u00e1ssicos, Festinger e seus colegas descobriram que, quando as pessoas eram pagas com quantias irris\u00f3rias para mentir e dizer a outros que a tarefa chata era divertida, elas acabavam convencendo a si mesmas de que a tarefa realmente era interessante. O estudo comprovou que, na aus\u00eancia de uma justificativa externa forte para a incoer\u00eancia (como um pagamento alto), o c\u00e9rebro altera a pr\u00f3pria cren\u00e7a para eliminar o desconforto da contradi\u00e7\u00e3o, buscando desesperadamente uma narrativa que fa\u00e7a sentido.<\/p>\n<p>Os pilares centrais dessa ideia s\u00e3o:<\/p>\n<div class=\"wp-block-myth-bullet-list google-auto-ads-ignore\" style=\"display: flex; flex-direction: column; width: 100%; max-width: 680px; margin: 16px auto;\">\n<div class=\"bullet-list-1\">\n<div class=\"bl-item\">\n<p>Tens\u00e3o psicol\u00f3gica gerada pelo atrito entre convic\u00e7\u00f5es opostas ou entre valores e atitudes pr\u00e1ticas.<\/p>\n<\/p><\/div>\n<div class=\"bl-item\">\n<p>Busca autom\u00e1tica por racionaliza\u00e7\u00f5es e desculpas para justificar escolhas incoerentes e aliviar a culpa.<\/p>\n<\/p><\/div>\n<div class=\"bl-item\">\n<p>Necessidade visceral de coer\u00eancia interna que comanda a forma como interpretamos nossas pr\u00f3prias falhas.<\/p>\n<\/p><\/div>\n<div class=\"bl-item\">\n<p>Comprova\u00e7\u00e3o cient\u00edfica de que tendemos a adaptar nossas cren\u00e7as para validar comportamentos que j\u00e1 praticamos.<\/p>\n<\/p><\/div>\n<\/div>\n<\/div>\n<h2 class=\"wp-block-heading\">Onde a disson\u00e2ncia cognitiva sabota a nossa integridade e escolhas?<\/h2>\n<p>O impacto da disson\u00e2ncia cognitiva opera com for\u00e7a m\u00e1xima nas decis\u00f5es de consumo, nos dilemas \u00e9ticos profissionais e nos relacionamentos de longo prazo. Profissionais que trabalham em empresas cujas pr\u00e1ticas violam seus valores pessoais costumam sofrer de um esgotamento mental cr\u00f4nico, tentando justificar diariamente a perman\u00eancia no cargo atrav\u00e9s de argumentos financeiros para aplacar a pr\u00f3pria consci\u00eancia.<\/p>\n<p>No cotidiano, o vi\u00e9s aparece quando compramos produtos caros desnecess\u00e1rios e imediatamente ignoramos qualquer avalia\u00e7\u00e3o negativa sobre eles, convencendo-nos de que fizemos o investimento perfeito apenas para escapar do arrependimento e da contradi\u00e7\u00e3o interna.<\/p>\n<p>Alguns sinais comuns desse padr\u00e3o s\u00e3o:<\/p>\n<ul class=\"wp-block-list\">\n<li>Sentir uma irrita\u00e7\u00e3o s\u00fabita e defensiva quando algu\u00e9m aponta uma contradi\u00e7\u00e3o l\u00f3gica nas suas opini\u00f5es ou escolhas de vida.<\/li>\n<li>Inventar justificativas complexas para validar um comportamento impulsivo que voc\u00ea mesmo criticaria se visse outra pessoa fazendo.<\/li>\n<li>Ficar paralisado diante de decis\u00f5es \u00e9ticas onde qualquer caminho escolhido violar\u00e1 algum princ\u00edpio importante que voc\u00ea preza.<\/li>\n<li>Racionalizar escolhas ruins do passado para evitar admitir que cometeu um erro ou que agiu contra os pr\u00f3prios valores.<\/li>\n<\/ul>\n<h2 class=\"wp-block-heading\">O que os estudos mostram sobre a resolu\u00e7\u00e3o da tens\u00e3o mental?<\/h2>\n<p>A literatura cient\u00edfica corrobora que a mente humana lida com a disson\u00e2ncia de tr\u00eas maneiras principais: mudando o comportamento, alterando a cren\u00e7a conflitante ou adicionando novas justificativas para diluir o peso da contradi\u00e7\u00e3o.<\/p>\n<p>Em pesquisas avan\u00e7adas sobre neuroci\u00eancia da decis\u00e3o, os cientistas comprovaram que as \u00e1reas do c\u00e9rebro associadas ao processamento de conflitos e dor emocional acendem fortemente durante epis\u00f3dios de incoer\u00eancia moral, revelando que ir contra os pr\u00f3prios valores gera um estresse neurol\u00f3gico real e mensur\u00e1vel.<\/p>\n<div class=\"wp-block-image\">\n<figure class=\"aligncenter size-large\"><img decoding=\"async\" width=\"1024\" height=\"572\" src=\"https:\/\/www.uai.com.br\/wp-content\/uploads\/2026\/08\/download-85-1-1024x572.png\" alt=\"O desconforto mental sentido ao manter duas cren\u00e7as contradit\u00f3rias ou ao agir contra os pr\u00f3prios valores\" class=\"wp-image-170591\" srcset=\"https:\/\/www.uai.com.br\/wp-content\/uploads\/2026\/08\/download-85-1-1024x572.png 1024w, https:\/\/www.uai.com.br\/wp-content\/uploads\/2026\/08\/download-85-1-300x168.png 300w, https:\/\/www.uai.com.br\/wp-content\/uploads\/2026\/08\/download-85-1-768x429.png 768w, https:\/\/www.uai.com.br\/wp-content\/uploads\/2026\/08\/download-85-1-750x419.png 750w, https:\/\/www.uai.com.br\/wp-content\/uploads\/2026\/08\/download-85-1-1140x637.png 1140w, https:\/\/www.uai.com.br\/wp-content\/uploads\/2026\/08\/download-85-1.png 1273w\" sizes=\"(max-width: 1024px) 100vw, 1024px\"\/><figcaption class=\"wp-element-caption\">Se voc\u00ea sofre ao perceber que fez algo oposto aos seus valores esta falha da mente explica tudo. Veja detalhes surpreendentes<\/figcaption><\/figure>\n<\/div>\n<h2 class=\"wp-block-heading\">Como treinar a mente para alinhar valores e a\u00e7\u00f5es com autenticidade?<\/h2>\n<p>Para escapar da armadilha de viver em constante atrito interno e gastar energia racionalizando incoer\u00eancias, o segredo \u00e9 cultivar a honestidade radical e a congru\u00eancia entre o que se diz e o que se faz. Sempre que se pegar criando desculpas complexas para justificar uma atitude que fere os seus princ\u00edpios, pare e fa\u00e7a a pergunta de ouro: <em>\u201cEstou agindo movido pelos meus valores reais ou apenas tentando abafar a culpa de uma escolha incoerente?\u201d<\/em>.<\/p>\n<p>Compreender que o desalinhamento entre discurso e pr\u00e1tica \u00e9 a raiz do esgotamento emocional \u00e9 a chave definitiva para viver com leveza, clareza e paz de esp\u00edrito.<\/p>\n<p>Orienta\u00e7\u00f5es pr\u00e1ticas para o dia a dia incluem:<\/p>\n<div class=\"wp-block-myth-insight-cards google-auto-ads-ignore\" style=\"display: flex; flex-direction: column; width: 100%; max-width: 720px; margin: 16px auto;\">\n<div class=\"insight-cards-8\">\n<div class=\"ic-card\">\n<p><span>Inventar justificativas excessivas para defender uma atitude que voc\u00ea sabe ser incoerente.<\/span><\/p>\n<p><span>Disson\u00e2ncia cognitiva ativando defesas autom\u00e1ticas para abafar a culpa.<\/span><\/p>\n<p><span class=\"ic-badge neutro\">Pr\u00e1tico<\/span> <span>Pratique a auto-honestidade: admita o deslize sem buscar desculpas ilus\u00f3rias.<\/span><\/p>\n<\/p><\/div>\n<div class=\"ic-card\">\n<p><span>Sentir ansiedade persistente ao trabalhar em locais ou projetos que ferem seus princ\u00edpios.<\/span><\/p>\n<p><span>Conflito cr\u00f4nico entre valores morais e obriga\u00e7\u00f5es pr\u00e1ticas gerando exaust\u00e3o.<\/span><\/p>\n<p><span class=\"ic-badge ok\">Aja<\/span> <span>Reavalie rotas: planeje mudan\u00e7as de dire\u00e7\u00e3o que coloquem suas a\u00e7\u00f5es em harmonia com seus valores.<\/span><\/p>\n<\/p><\/div>\n<div class=\"ic-card\">\n<p><span>Reagir com irrita\u00e7\u00e3o desproporcional quando confrontado com opini\u00f5es que desafiam suas cren\u00e7as.<\/span><\/p>\n<p><span>C\u00e9rebro interpretando a contradi\u00e7\u00e3o externa como uma amea\u00e7a \u00e0 estabilidade interna.<\/span><\/p>\n<p><span class=\"ic-badge alerta\">Ajuste<\/span> <span>Lembre-se da ci\u00eancia: o desconforto \u00e9 um sinal de alerta; use-o para expandir sua perspectiva com maturidade.<\/span><\/p>\n<\/p><\/div>\n<\/div>\n<\/div>\n<h2 class=\"wp-block-heading\">Por que compreender a disson\u00e2ncia cognitiva fortalece a nossa maturidade?<\/h2>\n<p>Compreender que a <strong>disson\u00e2ncia cognitiva<\/strong> nos confronta com as nossas pr\u00f3prias contradi\u00e7\u00f5es nos liberta da ilus\u00e3o de perfei\u00e7\u00e3o e nos convida \u00e0 integridade genu\u00edna. A verdadeira sabedoria na vida n\u00e3o consiste em fingir que nunca falhamos ou que nossas cren\u00e7as s\u00e3o infal\u00edveis, mas em ter a coragem de ajustar nossas a\u00e7\u00f5es sempre que percebemos que nos distanciamos de quem realmente desejamos ser.<\/p>\n<p>A escolha consciente de encarar o desconforto da incoer\u00eancia de frente transforma a culpa paralisante em aprendizado e autenticidade. Afinal, quando unificamos o que pensamos e o que fazemos, o peso da divis\u00e3o mental desaparece, abrindo espa\u00e7o para uma vida guiada por clareza, prop\u00f3sito e paz interior.<\/p>\n<p><!-- CONTENT END 1 --><\/p><\/div>\n<p><br \/>\n<br \/><a href=\"https:\/\/www.uai.com.br\/psicologia\/2026\/08\/30\/o-desconforto-mental-sentido-ao-manter-duas-crencas-contraditorias-ou-ao-agir-contra-os-proprios-valores\/\">Super Esportes<\/a><\/p>\n","protected":false},"excerpt":{"rendered":"<p>Imagine que voc\u00ea defende fervorosamente a import\u00e2ncia de manter h\u00e1bitos de vida rigorosamente saud\u00e1veis e sustent\u00e1veis, mas, na noite passada, acabou cedendo \u00e0 exaust\u00e3o e consumindo uma grande quantidade de fast-food em uma embalagem pl\u00e1stica descart\u00e1vel. Imediatamente ap\u00f3s terminar, uma onda de culpa, irrita\u00e7\u00e3o e mal-estar mental toma conta de voc\u00ea, enquanto sua mente tenta [&hellip;]<\/p>\n","protected":false},"author":1,"featured_media":35419,"comment_status":"closed","ping_status":"","sticky":false,"template":"","format":"standard","meta":{"footnotes":""},"categories":[14],"tags":[],"class_list":["post-35418","post","type-post","status-publish","format-standard","has-post-thumbnail","hentry","category-esportes"],"_links":{"self":[{"href":"https:\/\/diarioalagoas.com.br\/index.php?rest_route=\/wp\/v2\/posts\/35418","targetHints":{"allow":["GET"]}}],"collection":[{"href":"https:\/\/diarioalagoas.com.br\/index.php?rest_route=\/wp\/v2\/posts"}],"about":[{"href":"https:\/\/diarioalagoas.com.br\/index.php?rest_route=\/wp\/v2\/types\/post"}],"author":[{"embeddable":true,"href":"https:\/\/diarioalagoas.com.br\/index.php?rest_route=\/wp\/v2\/users\/1"}],"replies":[{"embeddable":true,"href":"https:\/\/diarioalagoas.com.br\/index.php?rest_route=%2Fwp%2Fv2%2Fcomments&post=35418"}],"version-history":[{"count":0,"href":"https:\/\/diarioalagoas.com.br\/index.php?rest_route=\/wp\/v2\/posts\/35418\/revisions"}],"wp:featuredmedia":[{"embeddable":true,"href":"https:\/\/diarioalagoas.com.br\/index.php?rest_route=\/wp\/v2\/media\/35419"}],"wp:attachment":[{"href":"https:\/\/diarioalagoas.com.br\/index.php?rest_route=%2Fwp%2Fv2%2Fmedia&parent=35418"}],"wp:term":[{"taxonomy":"category","embeddable":true,"href":"https:\/\/diarioalagoas.com.br\/index.php?rest_route=%2Fwp%2Fv2%2Fcategories&post=35418"},{"taxonomy":"post_tag","embeddable":true,"href":"https:\/\/diarioalagoas.com.br\/index.php?rest_route=%2Fwp%2Fv2%2Ftags&post=35418"}],"curies":[{"name":"wp","href":"https:\/\/api.w.org\/{rel}","templated":true}]}}