{"id":35422,"date":"2026-08-30T17:13:16","date_gmt":"2026-08-30T20:13:16","guid":{"rendered":"https:\/\/diarioalagoas.com.br\/?p=35422"},"modified":"2026-08-30T17:13:16","modified_gmt":"2026-08-30T20:13:16","slug":"grupo-de-20-pessoas-fica-a-deriva-no-rio-e-e-resgatado-pelos-bombeiros","status":"publish","type":"post","link":"https:\/\/diarioalagoas.com.br\/?p=35422","title":{"rendered":"Grupo de 20 pessoas fica \u00e0 deriva no Rio e \u00e9 resgatado pelos bombeiros"},"content":{"rendered":"<p> <br \/>\n<\/p>\n<div>\n<p><strong>Um grupo de 20 pessoas, entre 20 e 67 anos, ficou \u00e0\u00a0deriva no mar no Rio de Janeiro, na regi\u00e3o da Barra da Tijuca, neste domingo (30) ap\u00f3s mudan\u00e7a do vento. O grupo j\u00e1 foi resgatado por equipes de bombeiros.<\/strong><\/p>\n<p><strong>De acordo com a corpora\u00e7\u00e3o, algumas estavam em cinco pranchas de stand up paddle e outras estavam a nado. O destino eram as Ilhas Tijucas. Na travessia, o grupo foi levado pelo vento para longe da rota prevista em dire\u00e7\u00e3o a S\u00e3o Conrado, bairro vizinho \u00e0 Barra, o que dificultou o retorno \u00e0 praia. <\/strong><img decoding=\"async\" src=\"https:\/\/agenciabrasil.ebc.com.br\/ebc.png?id=1701049&amp;o=node\" style=\"width:1px; height:1px; display:inline;\"\/><img decoding=\"async\" src=\"https:\/\/agenciabrasil.ebc.com.br\/ebc.gif?id=1701049&amp;o=node\" style=\"width:1px; height:1px; display:inline;\"\/><\/p>\n<p>\u201cAs pessoas j\u00e1 estavam a uma dist\u00e2ncia consider\u00e1vel da faixa de areia quando um dos participantes acionou o Corpo de Bombeiros pelo telefone 193\u201d. Os bombeiros foram acionados e resgataram o grupo em jet skis.\u00a0<\/p>\n<p>Conforme a nota dos bombeiros, o grupo passou por avalia\u00e7\u00f5es m\u00e9dicas e estava\u00a0em boas condi\u00e7\u00f5es, sem necessidade de encaminhamento para unidade hospitalar.\u00a0<\/p>\n<h2>Previs\u00e3o do tempo<\/h2>\n<p>Segundo o sistema Alerta Rio da Prefeitura, a\u00a0cidade teve registro de ventos fortes no in\u00edcio da manh\u00e3 de hoje na esta\u00e7\u00e3o Forte de Copacabana, na zona sul, e de ventos moderados nas esta\u00e7\u00f5es da Marambaia e na Vila Militar, na zona oeste.<\/p>\n<p>Nesta segunda-feira (31), a previs\u00e3o \u00e9 de nebulosidade variada na capital do Rio e sem chuva, mas entre ter\u00e7a (1\u00b0) e quarta-feira (2), a passagem de uma frente fria vai modificar as condi\u00e7\u00f5es do tempo.<\/p>\n<p>\u201cO c\u00e9u estar\u00e1 predominantemente nublado e\u00a0h\u00e1 previs\u00e3o de pancadas de chuva moderada\/forte acompanhadas de raios entre a tarde de ter\u00e7a-feira e a madrugada de quarta-feira, passando a chuva fraca a moderada isolada a partir do per\u00edodo da manh\u00e3 de quarta\u201d, informou, destacando que as temperaturas v\u00e3o baixar.<\/p>\n<p>      <!-- Relacionada --><\/p>\n<p>            <!-- Relacionada -->\n    <\/div>\n<p><br \/>\n<br \/><a href=\"https:\/\/agenciabrasil.ebc.com.br\/geral\/noticia\/2026-08\/grupo-de-20-pessoas-fica-deriva-no-rio-e-e-resgatado-pelos-bombeiros\">Ag\u00eancia Brasil<\/a><\/p>\n","protected":false},"excerpt":{"rendered":"<p>Um grupo de 20 pessoas, entre 20 e 67 anos, ficou \u00e0\u00a0deriva no mar no Rio de Janeiro, na regi\u00e3o da Barra da Tijuca, neste domingo (30) ap\u00f3s mudan\u00e7a do vento. O grupo j\u00e1 foi resgatado por equipes de bombeiros. De acordo com a corpora\u00e7\u00e3o, algumas estavam em cinco pranchas de stand up paddle e [&hellip;]<\/p>\n","protected":false},"author":1,"featured_media":35423,"comment_status":"closed","ping_status":"","sticky":false,"template":"","format":"standard","meta":{"footnotes":""},"categories":[15],"tags":[],"class_list":["post-35422","post","type-post","status-publish","format-standard","has-post-thumbnail","hentry","category-geral"],"_links":{"self":[{"href":"https:\/\/diarioalagoas.com.br\/index.php?rest_route=\/wp\/v2\/posts\/35422","targetHints":{"allow":["GET"]}}],"collection":[{"href":"https:\/\/diarioalagoas.com.br\/index.php?rest_route=\/wp\/v2\/posts"}],"about":[{"href":"https:\/\/diarioalagoas.com.br\/index.php?rest_route=\/wp\/v2\/types\/post"}],"author":[{"embeddable":true,"href":"https:\/\/diarioalagoas.com.br\/index.php?rest_route=\/wp\/v2\/users\/1"}],"replies":[{"embeddable":true,"href":"https:\/\/diarioalagoas.com.br\/index.php?rest_route=%2Fwp%2Fv2%2Fcomments&post=35422"}],"version-history":[{"count":0,"href":"https:\/\/diarioalagoas.com.br\/index.php?rest_route=\/wp\/v2\/posts\/35422\/revisions"}],"wp:featuredmedia":[{"embeddable":true,"href":"https:\/\/diarioalagoas.com.br\/index.php?rest_route=\/wp\/v2\/media\/35423"}],"wp:attachment":[{"href":"https:\/\/diarioalagoas.com.br\/index.php?rest_route=%2Fwp%2Fv2%2Fmedia&parent=35422"}],"wp:term":[{"taxonomy":"category","embeddable":true,"href":"https:\/\/diarioalagoas.com.br\/index.php?rest_route=%2Fwp%2Fv2%2Fcategories&post=35422"},{"taxonomy":"post_tag","embeddable":true,"href":"https:\/\/diarioalagoas.com.br\/index.php?rest_route=%2Fwp%2Fv2%2Ftags&post=35422"}],"curies":[{"name":"wp","href":"https:\/\/api.w.org\/{rel}","templated":true}]}}