{"id":35428,"date":"2026-08-30T21:28:05","date_gmt":"2026-08-31T00:28:05","guid":{"rendered":"https:\/\/diarioalagoas.com.br\/?p=35428"},"modified":"2026-08-30T21:28:05","modified_gmt":"2026-08-31T00:28:05","slug":"sonolencia-intensa-e-vontade-incontrolavel-de-comer-doces-logo-apos-as-refeicoes-podem-ser-os-primeiros-sinais-de-resistencia-a-insulina-e-sobrecarga-do-pancreas","status":"publish","type":"post","link":"https:\/\/diarioalagoas.com.br\/?p=35428","title":{"rendered":"Sonol\u00eancia intensa e vontade incontrol\u00e1vel de comer doces logo ap\u00f3s as refei\u00e7\u00f5es podem ser os primeiros sinais de resist\u00eancia \u00e0 insulina e sobrecarga do p\u00e2ncreas"},"content":{"rendered":"<p> <br \/>\n<\/p>\n<div>\n<div class=\"rdp-resumo-wrapper\">\n<ul class=\"rdp-resumo-list\">&#13;<\/p>\n<li class=\"rdp-resumo-item\">&#13;<br \/>\n      <span class=\"rdp-resumo-item-title\">O que \u00e9:<\/span> <span class=\"rdp-resumo-item-desc\">A eleva\u00e7\u00e3o desordenada da glicose ap\u00f3s a ingest\u00e3o de alimentos, frequentemente acompanhada de fadiga repentina, sonol\u00eancia e fome precoce.<\/span>&#13;\n    <\/li>\n<p>&#13;<\/p>\n<li class=\"rdp-resumo-item\">&#13;<br \/>\n      <span class=\"rdp-resumo-item-title\">Pode indicar:<\/span> <span class=\"rdp-resumo-item-desc\">Diminui\u00e7\u00e3o da sensibilidade celular \u00e0 insulina, sinalizando sobrecarga pancre\u00e1tica, pr\u00e9-diabetes ou diabetes mellitus tipo 2 em est\u00e1gio inicial.<\/span>&#13;\n    <\/li>\n<p>&#13;<\/p>\n<li class=\"rdp-resumo-item\">&#13;<br \/>\n      <span class=\"rdp-resumo-item-title\">Quando buscar ajuda:<\/span> <span class=\"rdp-resumo-item-desc\">Se os epis\u00f3dios de indisposi\u00e7\u00e3o forem frequentes ou se exames de sangue indicarem glicemia de jejum acima de 100 mg\/dL ou hemoglobina glicada elevada.<\/span>&#13;\n    <\/li>\n<p>&#13;\n  <\/ul>\n<\/div>\n<p>Sentir uma sensa\u00e7\u00e3o intensa de lentid\u00e3o f\u00edsica, queima\u00e7\u00e3o de energia e sonol\u00eancia quase incontrol\u00e1vel logo ap\u00f3s comer n\u00e3o deve ser interpretado apenas como o processo habitual de digest\u00e3o. Quando esse padr\u00e3o se repete com frequ\u00eancia, especialmente ap\u00f3s refei\u00e7\u00f5es ricas em carboidratos, o organismo pode estar enfrentando picos de <strong>hiperglicemia p\u00f3s-prandial<\/strong> causados pela perda de efici\u00eancia metab\u00f3lica.<\/p>\n<h2 class=\"wp-block-heading\">Como os horm\u00f4nios intestinais e o p\u00e2ncreas controlam os n\u00edveis de glicose?<\/h2>\n<p>O equil\u00edbrio glic\u00eamico depende diretamente da comunica\u00e7\u00e3o coordenada entre o trato gastrointestinal e o p\u00e2ncreas. Durante a digest\u00e3o, o intestino secreta subst\u00e2ncias conhecidas como horm\u00f4nios incret\u00ednicos, com destaque para o <strong>GLP-1<\/strong> (pept\u00eddeo semelhante ao glucagon 1) e o <strong>GIP<\/strong> (polipept\u00eddeo insulinotr\u00f3pico dependente de glicose). Esses agentes sinalizam \u00e0s c\u00e9lulas beta pancre\u00e1ticas que a comida chegou, estimulando a libera\u00e7\u00e3o proporcional de insulina e retardando o esvaziamento do est\u00f4mago.<\/p>\n<p>Quando os tecidos perif\u00e9ricos se tornam resistentes \u00e0 a\u00e7\u00e3o da insulina, o p\u00e2ncreas tenta compensar secretando quantidades cada vez maiores do horm\u00f4nio. Essa sobrecarga resulta em picos r\u00e1pidos de glicose seguidos de quedas acentuadas, chamadas de hipoglicemias reativas. Esse mecanismo desregula os centros de saciedade no sistema nervoso central, levando a uma constante sensa\u00e7\u00e3o de fadiga e apetite descontrolado.<\/p>\n<div class=\"wp-block-image\">\n<figure class=\"aligncenter size-large\"><img fetchpriority=\"high\" decoding=\"async\" width=\"1024\" height=\"572\" src=\"https:\/\/www.uai.com.br\/wp-content\/uploads\/2026\/08\/Doctor_discussing_test_with_patient_202608271501-1024x572.jpeg\" alt=\"M\u00e9dico endocrinologista analisando laudo de exames de sangue ao lado de paciente em consult\u00f3rio cl\u00ednico.\" class=\"wp-image-170139\"\/><figcaption class=\"wp-element-caption\">A avalia\u00e7\u00e3o com m\u00e9dico especialista permite identificar precocemente altera\u00e7\u00f5es na resposta insul\u00ednica \u2014 Cr\u00e9ditos: Imagem gerada por IA<\/figcaption><\/figure>\n<\/div>\n<h2 class=\"wp-block-heading\">Quais sinais cl\u00ednicos costumam acompanhar as oscila\u00e7\u00f5es de a\u00e7\u00facar no sangue?<\/h2>\n<p>A eleva\u00e7\u00e3o sustentada da glicose no sangue raramente surge de forma isolada. O corpo emite diversos avisos metab\u00f3licos e f\u00edsicos que costumam evoluir de maneira silenciosa e progressiva ao longo dos meses:<\/p>\n<ul class=\"wp-block-list\">\n<li><strong>Sonol\u00eancia e n\u00e9voa mental p\u00f3s-prandial:<\/strong> cansa\u00e7o extremo que se manifesta entre <strong>30 e 90 minutos<\/strong> ap\u00f3s as principais refei\u00e7\u00f5es.<\/li>\n<li><strong>Aumento da circunfer\u00eancia abdominal:<\/strong> ac\u00famulo priorit\u00e1rio de gordura visceral, que age como uma gl\u00e2ndula inflamat\u00f3ria e agrava a resist\u00eancia hormonal.<\/li>\n<li><strong>Fome constante por carboidratos r\u00e1pidos:<\/strong> desejo urgente de consumir doces ou massas pouco tempo depois de ter se alimentado.<\/li>\n<li><strong>Acantose nigricans:<\/strong> escurecimento e espessamento da pele em dobras corporais, como pesco\u00e7o, axilas e virilha.<\/li>\n<li><strong>Polidipsia leve e noct\u00faria:<\/strong> necessidade de beber mais \u00e1gua ao longo do dia e levantar repetidas vezes \u00e0 noite para urinar.<\/li>\n<\/ul>\n<h2 class=\"wp-block-heading\">O que a pesquisa m\u00e9dica comprova sobre o impacto do controle metab\u00f3lico precoce?<\/h2>\n<p>A literatura cient\u00edfica tem demonstrado de forma s\u00f3lida que o manejo precoce das altera\u00e7\u00f5es na secre\u00e7\u00e3o de insulina e dos horm\u00f4nios gastrointestinais pode reverter quadros iniciais de disfun\u00e7\u00e3o glic\u00eamica. De acordo com as diretrizes oficiais da <a href=\"https:\/\/diretriz.diabetes.org.br\" target=\"_blank\" rel=\"noopener noreferrer\">Sociedade Brasileira de Diabetes<\/a>, manter os n\u00edveis de hemoglobina glicada dentro de limites seguros reduz drasticamente as chances de complica\u00e7\u00f5es cardiovasculares, renais e neurop\u00e1ticas a longo prazo.<\/p>\n<p>Grandes ensaios cl\u00ednicos internacionais, como o programa de estudos <strong>SURPASS<\/strong>, avaliaram os efeitos de mol\u00e9culas que atuam simultaneamente nos receptores de <strong>GIP e GLP-1<\/strong> (como a tirzepatida). Os dados demonstraram redu\u00e7\u00f5es m\u00e9dias superiores a <strong>2,0% nos valores de hemoglobina glicada (HbA1c)<\/strong> e expressiva perda de peso corporal em adultos com sobrepeso e diabetes, comprovando a relev\u00e2ncia de modular os eixos hormonais que regulam a digest\u00e3o e o gasto energ\u00e9tico.<\/p>\n<div class=\"rdp-cards-wrapper\">\n<p>Par\u00e2metros essenciais do controle metab\u00f3lico<\/p>\n<div class=\"rdp-cards-grid\">\n<div class=\"rdp-cards-item\">\n      <span class=\"rdp-cards-icon\">\ud83d\udcca<\/span><br \/>\n      <span class=\"rdp-cards-eyebrow\">Dado cient\u00edfico<\/span><br \/>\n      <span class=\"rdp-cards-figure\">&gt; 2,0%<\/span><\/p>\n<p>Redu\u00e7\u00e3o de hemoglobina glicada<\/p>\n<p class=\"rdp-cards-item-desc\">A modula\u00e7\u00e3o combinada de GIP e GLP-1 demonstrou quedas consistentes na glicemia m\u00e9dia e aux\u00edlio relevante no controle ponderal.<\/p>\n<\/p><\/div>\n<div class=\"rdp-cards-item\">\n      <span class=\"rdp-cards-icon\">\ud83e\ude7a<\/span><br \/>\n      <span class=\"rdp-cards-eyebrow\">Exame diagn\u00f3stico<\/span><\/p>\n<p>Hemoglobina glicada (HbA1c)<\/p>\n<p class=\"rdp-cards-item-desc\">Reflete a m\u00e9dia do a\u00e7\u00facar no sangue dos \u00faltimos 90 dias, sendo o exame central para classificar pr\u00e9-diabetes (5,7% a 6,4%) e diabetes (\u2265 6,5%).<\/p>\n<\/p><\/div>\n<div class=\"rdp-cards-item\">\n      <span class=\"rdp-cards-icon\">\u26a0\ufe0f<\/span><br \/>\n      <span class=\"rdp-cards-eyebrow\">Quando procurar ajuda<\/span><\/p>\n<p>Glicemia de jejum alterada<\/p>\n<p class=\"rdp-cards-item-desc\">Valores laboratoriais em jejum repetidamente acima de 100 mg\/dL exigem investiga\u00e7\u00e3o com m\u00e9dico endocrinologista.<\/p>\n<\/p><\/div>\n<\/p><\/div>\n<\/div>\n<h2 class=\"wp-block-heading\">Quais condi\u00e7\u00f5es m\u00e9dicas est\u00e3o por tr\u00e1s das altera\u00e7\u00f5es na glicemia?<\/h2>\n<p>A incapacidade de metabolizar a glicose com efici\u00eancia \u00e9 um sinal compartilhado por diferentes desordens end\u00f3crinas e metab\u00f3licas. Apenas uma avalia\u00e7\u00e3o cl\u00ednica minuciosa com exames complementares \u00e9 capaz de diferenciar o diagn\u00f3stico exato entre as possibilidades mais comuns:<\/p>\n<ul class=\"wp-block-list\">\n<li><strong>Resist\u00eancia \u00e0 insulina e s\u00edndrome metab\u00f3lica:<\/strong> combina\u00e7\u00e3o de ac\u00famulo de gordura abdominal, triglicer\u00eddeos elevados, HDL baixo e press\u00e3o arterial lim\u00edtrofe.<\/li>\n<li><strong>Pr\u00e9-diabetes:<\/strong> est\u00e1gio intermedi\u00e1rio no qual a glicemia de jejum varia entre <strong>100 e 125 mg\/dL<\/strong> ou a hemoglobina glicada fica entre <strong>5,7% e 6,4%<\/strong>, indicando alto risco de progress\u00e3o.<\/li>\n<li><strong>Diabetes mellitus tipo 2 estabelecido:<\/strong> quando os n\u00edveis de jejum atingem ou superam <strong>126 mg\/dL<\/strong> em duas coletas ou o teste de toler\u00e2ncia oral (TOTG) ultrapassa <strong>200 mg\/dL<\/strong> ap\u00f3s duas horas.<\/li>\n<li><strong>Esteatose hep\u00e1tica metab\u00f3lica:<\/strong> ac\u00famulo excessivo de gordura no f\u00edgado que prejudica a capacidade do \u00f3rg\u00e3o de frear a produ\u00e7\u00e3o interna de glicose.<\/li>\n<li><strong>S\u00edndrome dos ov\u00e1rios polic\u00edsticos (SOP):<\/strong> condi\u00e7\u00e3o hormonal em mulheres que frequentemente cursa com hiperinsulinemia e dificuldade acentuada de controle de peso.<\/li>\n<\/ul>\n<div class=\"wp-block-image\">\n<figure class=\"aligncenter size-large\"><img decoding=\"async\" width=\"1024\" height=\"572\" src=\"https:\/\/www.uai.com.br\/wp-content\/uploads\/2026\/08\/Glycemic_spike_progression_triptych_202608271501-1024x572.jpeg\" alt=\"Tr\u00edptico em tr\u00eas etapas mostrando refei\u00e7\u00e3o cal\u00f3rica, sonol\u00eancia profunda subsequente e teste de glicemia capilar.\" class=\"wp-image-170140\"\/><figcaption class=\"wp-element-caption\">Sequ\u00eancia que ilustra o consumo de carboidratos, o pico de cansa\u00e7o p\u00f3s-prandial e o monitoramento laboratorial \u2014 Cr\u00e9ditos: Imagem gerada por IA<\/figcaption><\/figure>\n<\/div>\n<h2 class=\"wp-block-heading\">Quando consultar um endocrinologista ou procurar atendimento de urg\u00eancia?<\/h2>\n<p>O acompanhamento preventivo com um <strong>endocrinologista<\/strong> deve ser agendado se voc\u00ea apresentar cansa\u00e7o p\u00f3s-prandial frequente, ganho de peso sem mudan\u00e7a na dieta, hist\u00f3rico familiar de diabetes ou resultados alterados em exames de rotina. Nesses casos, o especialista avaliar\u00e1 a necessidade de ajustes no estilo de vida, testes de toler\u00e2ncia \u00e0 glicose e prescri\u00e7\u00e3o de terapias medicamentosas modernas.<\/p>\n<p>Por outro lado, altera\u00e7\u00f5es agudas na glicose podem desencadear emerg\u00eancias com risco \u00e0 vida, como a cetoacidose diab\u00e9tica ou o estado hiperosmolar hiperglic\u00eamico. Procure atendimento m\u00e9dico imediato em um pronto-socorro ou acione o <strong>SAMU (192)<\/strong> na presen\u00e7a dos seguintes sinais de urg\u00eancia:<\/p>\n<ul class=\"wp-block-list\">\n<li><strong>Glicemia capilar pontual superior a 300 mg\/dL<\/strong> acompanhada de mal-estar geral intenso.<\/li>\n<li><strong>H\u00e1lito cet\u00f4nico<\/strong> com odor adocicado ou semelhante a ma\u00e7\u00e3-verde\/acetona.<\/li>\n<li><strong>Respira\u00e7\u00e3o r\u00e1pida e ofegante<\/strong> (respira\u00e7\u00e3o de Kussmaul), acompanhada de boca excessivamente seca.<\/li>\n<li><strong>N\u00e1useas persistentes, v\u00f4mitos incoerc\u00edveis e dor abdominal aguda<\/strong> sem causa alimentar clara.<\/li>\n<li><strong>Confus\u00e3o mental, sonol\u00eancia profunda ou perda progressiva da consci\u00eancia<\/strong>.<\/li>\n<\/ul>\n<p>Para a sua consulta m\u00e9dica de rotina, anote os hor\u00e1rios em que os epis\u00f3dios de indisposi\u00e7\u00e3o costumam acontecer, registre o consumo alimentar recente e leve os \u00faltimos laudos laboratoriais de glicemia de jejum, hemoglobina glicada e perfil lip\u00eddico.<\/p>\n<p><!-- CONTENT END 1 --><\/p><\/div>\n<p><br \/>\n<br \/><a href=\"https:\/\/www.uai.com.br\/saude-e-bem-estar\/2026\/08\/30\/sonolencia-intensa-e-vontade-incontrolavel-de-comer-doces-logo-apos-as-refeicoes-podem-ser-os-primeiros-sinais-de-resistencia-a-insulina-e-sobrecarga-do-pancreas\/\">Super Esportes<\/a><\/p>\n","protected":false},"excerpt":{"rendered":"<p>&#13; &#13; O que \u00e9: A eleva\u00e7\u00e3o desordenada da glicose ap\u00f3s a ingest\u00e3o de alimentos, frequentemente acompanhada de fadiga repentina, sonol\u00eancia e fome precoce.&#13; &#13; &#13; Pode indicar: Diminui\u00e7\u00e3o da sensibilidade celular \u00e0 insulina, sinalizando sobrecarga pancre\u00e1tica, pr\u00e9-diabetes ou diabetes mellitus tipo 2 em est\u00e1gio inicial.&#13; &#13; &#13; Quando buscar ajuda: Se os epis\u00f3dios de [&hellip;]<\/p>\n","protected":false},"author":1,"featured_media":35429,"comment_status":"closed","ping_status":"","sticky":false,"template":"","format":"standard","meta":{"footnotes":""},"categories":[14],"tags":[],"class_list":["post-35428","post","type-post","status-publish","format-standard","has-post-thumbnail","hentry","category-esportes"],"_links":{"self":[{"href":"https:\/\/diarioalagoas.com.br\/index.php?rest_route=\/wp\/v2\/posts\/35428","targetHints":{"allow":["GET"]}}],"collection":[{"href":"https:\/\/diarioalagoas.com.br\/index.php?rest_route=\/wp\/v2\/posts"}],"about":[{"href":"https:\/\/diarioalagoas.com.br\/index.php?rest_route=\/wp\/v2\/types\/post"}],"author":[{"embeddable":true,"href":"https:\/\/diarioalagoas.com.br\/index.php?rest_route=\/wp\/v2\/users\/1"}],"replies":[{"embeddable":true,"href":"https:\/\/diarioalagoas.com.br\/index.php?rest_route=%2Fwp%2Fv2%2Fcomments&post=35428"}],"version-history":[{"count":0,"href":"https:\/\/diarioalagoas.com.br\/index.php?rest_route=\/wp\/v2\/posts\/35428\/revisions"}],"wp:featuredmedia":[{"embeddable":true,"href":"https:\/\/diarioalagoas.com.br\/index.php?rest_route=\/wp\/v2\/media\/35429"}],"wp:attachment":[{"href":"https:\/\/diarioalagoas.com.br\/index.php?rest_route=%2Fwp%2Fv2%2Fmedia&parent=35428"}],"wp:term":[{"taxonomy":"category","embeddable":true,"href":"https:\/\/diarioalagoas.com.br\/index.php?rest_route=%2Fwp%2Fv2%2Fcategories&post=35428"},{"taxonomy":"post_tag","embeddable":true,"href":"https:\/\/diarioalagoas.com.br\/index.php?rest_route=%2Fwp%2Fv2%2Ftags&post=35428"}],"curies":[{"name":"wp","href":"https:\/\/api.w.org\/{rel}","templated":true}]}}