{"id":35438,"date":"2026-08-31T08:34:49","date_gmt":"2026-08-31T11:34:49","guid":{"rendered":"https:\/\/diarioalagoas.com.br\/?p=35438"},"modified":"2026-08-31T08:34:49","modified_gmt":"2026-08-31T11:34:49","slug":"prefeitura-de-maceio-nos-gigantinhos-profissionais-ajudam-a","status":"publish","type":"post","link":"https:\/\/diarioalagoas.com.br\/?p=35438","title":{"rendered":"Prefeitura de Macei\u00f3 | Nos Gigantinhos, profissionais ajudam a\u2026"},"content":{"rendered":"<p> <br \/>\n<\/p>\n<div id=\"\">\n<p><span>H\u00e1 10 anos, La\u00eds Costa escolheu a Nutri\u00e7\u00e3o como profiss\u00e3o. Apaixonada por crian\u00e7as, encontrou na primeira inf\u00e2ncia uma \u00e1rea em que consegue acompanhar de perto os resultados do seu trabalho. H\u00e1 dois anos, ela atua com educa\u00e7\u00e3o infantil e hoje faz parte da equipe dos Gigantinhos, creches da Prefeitura de Macei\u00f3 que atendem crian\u00e7as em tempo integral.<\/span><\/p>\n<p><span>Para La\u00eds, trabalhar com alimenta\u00e7\u00e3o na primeira inf\u00e2ncia vai muito al\u00e9m de preparar um card\u00e1pio. \u00c9 nessa fase que as crian\u00e7as come\u00e7am a conhecer novos sabores, cores e alimentos e a criar h\u00e1bitos que podem levar para toda a vida.<\/span><\/p>\n<p><span>\u201cA nutri\u00e7\u00e3o na educa\u00e7\u00e3o infantil vai muito al\u00e9m da elabora\u00e7\u00e3o de card\u00e1pio. \u00c9 nessa fase que as crian\u00e7as est\u00e3o come\u00e7ando a descobrir as cores, os alimentos, sabores, ter esse contato direto com a comida. E s\u00e3o h\u00e1bitos que elas v\u00e3o levar para toda a vida\u201d, explica.<\/span><\/p>\n<p><span>Dentro dos Gigantinhos, o trabalho da nutricionista envolve diferentes etapas. La\u00eds participa da elabora\u00e7\u00e3o dos card\u00e1pios, acompanha as compras dos alimentos, capacita as equipes das cozinhas e desenvolve atividades de educa\u00e7\u00e3o alimentar com as crian\u00e7as e tamb\u00e9m com professores e auxiliares.<\/span><\/p>\n<p><span>Um dos desafios \u00e9 aproximar as crian\u00e7as de alimentos que elas ainda n\u00e3o conhecem ou que costumam rejeitar. Para isso, a equipe cria atividades que permitem que os pequenos tenham contato com frutas, verduras e outros alimentos de forma leve e divertida.<\/span><\/p>\n<p><span>\u201c\u00c0s vezes, tenho crian\u00e7as que t\u00eam resist\u00eancia com uma banana ou uma pera. Atrav\u00e9s dessas atividades, a gente consegue trazer a crian\u00e7a mais pr\u00f3xima do alimento. Elas participam, se interessam e passam a buscar mais esse contato\u201d, conta.<\/span><\/p>\n<div class=\"single-section-box single-section-img single-box-center\">\n<figure>\n<a href=\"https:\/\/cdnpm.dhost.cloud\/imagens\/25-08-26-Dia-do-Nutricionista-Lais-Costa-Fotos-Beto-10.JPG\" data-fancybox=\"images\"><br \/>\n<img decoding=\"async\" src=\"https:\/\/maceio.al.gov.br\/transform\/imagens\/_845xAUTO_crop_center-center_none\/896607\/25-08-26-Dia-do-Nutricionista-Lais-Costa-Fotos-Beto-10.jpg\" alt=\"La\u00eds Costa \u00e9 nutricionista h\u00e1 10 anos. Foto: Beto Mac\u00e1rio\/Secom Macei\u00f3\"\/><br \/>\n<\/a><figcaption><small class=\"img-credits\">La\u00eds Costa \u00e9 nutricionista h\u00e1 10 anos. Foto: Beto Mac\u00e1rio\/Secom Macei\u00f3<\/small><\/figcaption><\/figure>\n<\/div>\n<p><span><strong>Cuidado que vai al\u00e9m do prato<\/strong><\/span><\/p>\n<p><span>No dia a dia, La\u00eds tamb\u00e9m acompanha hist\u00f3rias que mostram a import\u00e2ncia da alimenta\u00e7\u00e3o oferecida nas unidades. Uma delas aconteceu quando uma crian\u00e7a chegou \u00e0 escola em uma segunda-feira reclamando de dor na barriga. Ao conversar com ela, a nutricionista descobriu que o menino n\u00e3o havia comido durante todo o fim de semana.<\/span><\/p>\n<p><span>\u201cQuando voc\u00ea escuta uma hist\u00f3ria dessa, \u00e9 impactante. Voc\u00ea diz: \u2018N\u00e3o, espera a\u00ed que a tia vai dar um jeito\u2019. A\u00ed a gente j\u00e1 antecipou o desjejum dele\u201d, lembra.<\/span><\/p>\n<p><span>Para ela, situa\u00e7\u00f5es como essa refor\u00e7am que o trabalho do nutricionista dentro da educa\u00e7\u00e3o infantil tamb\u00e9m envolve cuidado e acolhimento.\u201cVai al\u00e9m de colocar comida no prato. A nutri\u00e7\u00e3o \u00e9 justamente esse cuidado, \u00e9 esse amor, \u00e9 o acolhimento. \u00c9 voc\u00ea ter a certeza de que est\u00e1 nutrindo aquela crian\u00e7a n\u00e3o s\u00f3 com o alimento, mas nutrindo de corpo e alma\u201d, afirma.<\/span><\/p>\n<p><span>Nos Gigantinhos, as crian\u00e7as permanecem durante todo o dia e recebem seis refei\u00e7\u00f5es. A alimenta\u00e7\u00e3o faz parte da rotina e tamb\u00e9m do processo de aprendizagem. Ao longo da semana, s\u00e3o oferecidas diferentes op\u00e7\u00f5es de frutas e outros alimentos, ajudando a ampliar o contato dos pequenos com uma alimenta\u00e7\u00e3o variada.<\/span><\/p>\n<p><span>\u201cEu tenho crian\u00e7as que n\u00e3o conheciam frutas. Hoje, dentro da escola, elas t\u00eam esse acesso. A nutri\u00e7\u00e3o vai al\u00e9m do termo nutri\u00e7\u00e3o, ela \u00e9 pedag\u00f3gica. A gente ensina diariamente a crian\u00e7a a se alimentar bem, a comer melhor\u201d, destaca La\u00eds.<\/span><\/p>\n<div class=\"gabinate\">\n<a href=\"https:\/\/maceio.al.gov.br\/secretarias-e-orgaos\/semed\">SEMED<\/a><\/p>\n<h2>Secretaria Municipal de Educa\u00e7\u00e3o<\/h2>\n<p><span><\/p>\n<p>Rua General Hermes, 1199 &#8211; Cambona<br \/>CEP 57017-201 \/\/ Telefone: (82) 3312-5608<br \/>Hor\u00e1rio de atendimento: segunda a sexta, de 8h \u00e0s 14h.<\/p>\n<p><\/span><\/div>\n<\/div>\n<p><script async defer crossorigin=\"anonymous\" src=\"https:\/\/connect.facebook.net\/pt_BR\/sdk.js#xfbml=1&#038;version=v12.0\" nonce=\"0pFl3y7T\"><\/script><br \/>\n<br \/><br \/>\n<br \/><a href=\"https:\/\/maceio.al.gov.br\/noticias\/semed\/nos-gigantinhos-profissionais-ajudam-a-construir-habitos-saudaveis-desde-a-infancia\">Prefeitura de Macei\u00f3 <\/a><\/p>\n","protected":false},"excerpt":{"rendered":"<p>H\u00e1 10 anos, La\u00eds Costa escolheu a Nutri\u00e7\u00e3o como profiss\u00e3o. Apaixonada por crian\u00e7as, encontrou na primeira inf\u00e2ncia uma \u00e1rea em que consegue acompanhar de perto os resultados do seu trabalho. H\u00e1 dois anos, ela atua com educa\u00e7\u00e3o infantil e hoje faz parte da equipe dos Gigantinhos, creches da Prefeitura de Macei\u00f3 que atendem crian\u00e7as em [&hellip;]<\/p>\n","protected":false},"author":1,"featured_media":35439,"comment_status":"closed","ping_status":"","sticky":false,"template":"","format":"standard","meta":{"footnotes":""},"categories":[9],"tags":[],"class_list":["post-35438","post","type-post","status-publish","format-standard","has-post-thumbnail","hentry","category-maceio"],"_links":{"self":[{"href":"https:\/\/diarioalagoas.com.br\/index.php?rest_route=\/wp\/v2\/posts\/35438","targetHints":{"allow":["GET"]}}],"collection":[{"href":"https:\/\/diarioalagoas.com.br\/index.php?rest_route=\/wp\/v2\/posts"}],"about":[{"href":"https:\/\/diarioalagoas.com.br\/index.php?rest_route=\/wp\/v2\/types\/post"}],"author":[{"embeddable":true,"href":"https:\/\/diarioalagoas.com.br\/index.php?rest_route=\/wp\/v2\/users\/1"}],"replies":[{"embeddable":true,"href":"https:\/\/diarioalagoas.com.br\/index.php?rest_route=%2Fwp%2Fv2%2Fcomments&post=35438"}],"version-history":[{"count":0,"href":"https:\/\/diarioalagoas.com.br\/index.php?rest_route=\/wp\/v2\/posts\/35438\/revisions"}],"wp:featuredmedia":[{"embeddable":true,"href":"https:\/\/diarioalagoas.com.br\/index.php?rest_route=\/wp\/v2\/media\/35439"}],"wp:attachment":[{"href":"https:\/\/diarioalagoas.com.br\/index.php?rest_route=%2Fwp%2Fv2%2Fmedia&parent=35438"}],"wp:term":[{"taxonomy":"category","embeddable":true,"href":"https:\/\/diarioalagoas.com.br\/index.php?rest_route=%2Fwp%2Fv2%2Fcategories&post=35438"},{"taxonomy":"post_tag","embeddable":true,"href":"https:\/\/diarioalagoas.com.br\/index.php?rest_route=%2Fwp%2Fv2%2Ftags&post=35438"}],"curies":[{"name":"wp","href":"https:\/\/api.w.org\/{rel}","templated":true}]}}