{"id":35444,"date":"2026-08-31T10:32:07","date_gmt":"2026-08-31T13:32:07","guid":{"rendered":"https:\/\/diarioalagoas.com.br\/?p=35444"},"modified":"2026-08-31T10:32:07","modified_gmt":"2026-08-31T13:32:07","slug":"defesa-civil-reconhece-situacao-de-emergencia-em-seis-cidades-do-sul","status":"publish","type":"post","link":"https:\/\/diarioalagoas.com.br\/?p=35444","title":{"rendered":"Defesa Civil reconhece situa\u00e7\u00e3o de emerg\u00eancia em seis cidades do Sul"},"content":{"rendered":"<p> <br \/>\n<\/p>\n<div>\n<p><strong>A <a href=\"https:\/\/www.gov.br\/mdr\/pt-br\/composicao\/secretarias-nacionais\/protecao-e-defesa-civil\" target=\"_blank\">Secretaria Nacional de Prote\u00e7\u00e3o e Defesa Civil <\/a>reconheceu situa\u00e7\u00e3o de emerg\u00eancia em seis munic\u00edpios da Regi\u00e3o Sul atingidos por granizo e chuvas intensas nos meses de julho e agosto.\u00a0<\/strong><img decoding=\"async\" src=\"https:\/\/agenciabrasil.ebc.com.br\/ebc.png?id=1701061&amp;o=node\" style=\"width:1px; height:1px; display:inline;\"\/><img decoding=\"async\" src=\"https:\/\/agenciabrasil.ebc.com.br\/ebc.gif?id=1701061&amp;o=node\" style=\"width:1px; height:1px; display:inline;\"\/><\/p>\n<p>A <a href=\"https:\/\/www.in.gov.br\/web\/dou\/-\/portaria-n-2.808-de-28-de-agosto-de-2026-729106426\" target=\"_blank\">Portaria n\u00ba 2.808<\/a>, publicada no <em><a href=\"https:\/\/www.in.gov.br\/servicos\/diario-oficial-da-uniao\/destaques-do-diario-oficial-da-uniao\" target=\"_blank\">Di\u00e1rio Oficial da Uni\u00e3o<\/a><\/em>, cita os estados e as cidades de:<\/p>\n<ul>\n<li><strong>Paran\u00e1<\/strong><br \/>Marquinho;<br \/>\u00a0<\/li>\n<li><strong>Rio Grande do Sul<\/strong><br \/>Bom Retiro do Sul, Caseiros, Jari e Rolante;\u00a0<br \/>\u00a0<\/li>\n<li><strong>Santa Catarina<\/strong><br \/>Bocaina do Sul.<\/li>\n<\/ul>\n<p>De acordo com a portaria, os munic\u00edpios de Marquinho e Caseiros registraram danos provocados por granizo. Bom Retiro do Sul, Jari, Rolante e Bocaina do Sul foram atingidos por epis\u00f3dios de chuvas intensas.<\/p>\n<h2>Ajuda federal<\/h2>\n<p><strong>Cidades com o reconhecimento federal de situa\u00e7\u00e3o de emerg\u00eancia podem solicitar ao Minist\u00e9rio da Integra\u00e7\u00e3o e do Desenvolvimento Regional recursos para a\u00e7\u00f5es de defesa civil.\u00a0<\/strong><\/p>\n<p>O pedido deve ser feito por meio do Sistema Integrado de Informa\u00e7\u00f5es sobre Desastres (S2iD).\u00a0<\/p>\n<p>Com base nas informa\u00e7\u00f5es enviadas nos planos de trabalho, a equipe t\u00e9cnica da Defesa Civil Nacional avalia as metas e os valores solicitados.<\/p>\n<p>Entre as iniciativas que podem receber recursos est\u00e3o assist\u00eancia humanit\u00e1ria \u00e0 popula\u00e7\u00e3o afetada, aquisi\u00e7\u00e3o de cestas b\u00e1sicas, distribui\u00e7\u00e3o de \u00e1gua pot\u00e1vel, fornecimento de kits de higiene e limpeza, al\u00e9m da execu\u00e7\u00e3o de trabalhos emergenciais para restabelecimento de servi\u00e7os essenciais.<\/p>\n<p>      <!-- Relacionada --><\/p>\n<p>            <!-- Relacionada -->\n    <\/div>\n<p><br \/>\n<br \/><a href=\"https:\/\/agenciabrasil.ebc.com.br\/geral\/noticia\/2026-08\/defesa-civil-reconhece-situacao-de-emergencia-em-seis-cidades-do-sul\">Ag\u00eancia Brasil<\/a><\/p>\n","protected":false},"excerpt":{"rendered":"<p>A Secretaria Nacional de Prote\u00e7\u00e3o e Defesa Civil reconheceu situa\u00e7\u00e3o de emerg\u00eancia em seis munic\u00edpios da Regi\u00e3o Sul atingidos por granizo e chuvas intensas nos meses de julho e agosto.\u00a0 A Portaria n\u00ba 2.808, publicada no Di\u00e1rio Oficial da Uni\u00e3o, cita os estados e as cidades de: Paran\u00e1Marquinho;\u00a0 Rio Grande do SulBom Retiro do Sul, [&hellip;]<\/p>\n","protected":false},"author":1,"featured_media":35445,"comment_status":"closed","ping_status":"","sticky":false,"template":"","format":"standard","meta":{"footnotes":""},"categories":[15],"tags":[],"class_list":["post-35444","post","type-post","status-publish","format-standard","has-post-thumbnail","hentry","category-geral"],"_links":{"self":[{"href":"https:\/\/diarioalagoas.com.br\/index.php?rest_route=\/wp\/v2\/posts\/35444","targetHints":{"allow":["GET"]}}],"collection":[{"href":"https:\/\/diarioalagoas.com.br\/index.php?rest_route=\/wp\/v2\/posts"}],"about":[{"href":"https:\/\/diarioalagoas.com.br\/index.php?rest_route=\/wp\/v2\/types\/post"}],"author":[{"embeddable":true,"href":"https:\/\/diarioalagoas.com.br\/index.php?rest_route=\/wp\/v2\/users\/1"}],"replies":[{"embeddable":true,"href":"https:\/\/diarioalagoas.com.br\/index.php?rest_route=%2Fwp%2Fv2%2Fcomments&post=35444"}],"version-history":[{"count":0,"href":"https:\/\/diarioalagoas.com.br\/index.php?rest_route=\/wp\/v2\/posts\/35444\/revisions"}],"wp:featuredmedia":[{"embeddable":true,"href":"https:\/\/diarioalagoas.com.br\/index.php?rest_route=\/wp\/v2\/media\/35445"}],"wp:attachment":[{"href":"https:\/\/diarioalagoas.com.br\/index.php?rest_route=%2Fwp%2Fv2%2Fmedia&parent=35444"}],"wp:term":[{"taxonomy":"category","embeddable":true,"href":"https:\/\/diarioalagoas.com.br\/index.php?rest_route=%2Fwp%2Fv2%2Fcategories&post=35444"},{"taxonomy":"post_tag","embeddable":true,"href":"https:\/\/diarioalagoas.com.br\/index.php?rest_route=%2Fwp%2Fv2%2Ftags&post=35444"}],"curies":[{"name":"wp","href":"https:\/\/api.w.org\/{rel}","templated":true}]}}