{"id":35448,"date":"2026-08-31T12:35:53","date_gmt":"2026-08-31T15:35:53","guid":{"rendered":"https:\/\/diarioalagoas.com.br\/?p=35448"},"modified":"2026-08-31T12:35:53","modified_gmt":"2026-08-31T15:35:53","slug":"prefeitura-de-maceio-maceio-esta-entre-os-cinco-destinos-mais","status":"publish","type":"post","link":"https:\/\/diarioalagoas.com.br\/?p=35448","title":{"rendered":"Prefeitura de Macei\u00f3 | Macei\u00f3 est\u00e1 entre os cinco destinos mais\u2026"},"content":{"rendered":"<p> <br \/>\n<\/p>\n<div id=\"\">\n<p><span>Macei\u00f3 est\u00e1 entre os cinco destinos nacionais mais buscados pelos brasileiros para o feriado prolongado da Independ\u00eancia. Levantamento divulgado pela <a href=\"http:\/\/Booking.com\">Booking.com<\/a> coloca a capital alagoana na quinta posi\u00e7\u00e3o do ranking nacional, com crescimento de 169% nas buscas em compara\u00e7\u00e3o com o mesmo per\u00edodo de 2025.<\/span><\/p>\n<p class=\"text-justify\"><span>A pesquisa considera buscas por acomoda\u00e7\u00f5es para estadias entre os dias 5 e 7 de setembro de 2026. \u00c0 frente de Macei\u00f3 aparecem Rio de Janeiro, S\u00e3o Paulo, Jo\u00e3o Pessoa e Porto de Galinhas. Com o resultado, o Nordeste re\u00fane tr\u00eas dos cinco destinos mais procurados pelos viajantes brasileiros para o per\u00edodo.<\/span><\/p>\n<p class=\"text-justify\"><span>O desempenho refor\u00e7a a presen\u00e7a de Macei\u00f3 entre os destinos de destaque no mercado tur\u00edstico nacional e evidencia o interesse crescente dos viajantes pela capital alagoana tamb\u00e9m durante os feriados prolongados.<\/span><\/p>\n<p class=\"text-justify\"><span>Para o secret\u00e1rio municipal de Turismo, Eduardo Monteiro, o avan\u00e7o registrado em rela\u00e7\u00e3o ao ano passado \u00e9 um indicador positivo para o destino. \u201cCrescer 169% nas buscas em rela\u00e7\u00e3o ao mesmo per\u00edodo do ano passado \u00e9 um resultado bastante expressivo. Macei\u00f3 vem ampliando sua presen\u00e7a no mercado nacional e se mantendo entre as principais escolhas do viajante brasileiro. \u00c9 um movimento que fortalece toda a cadeia produtiva do turismo e mostra que o destino segue despertando cada vez mais interesse\u201d, destaca o secret\u00e1rio.<\/span><\/p>\n<p class=\"text-justify\"><span><strong>Sobre o levantamento<\/strong><\/span><\/p>\n<p class=\"text-justify\"><span>Os dados foram divulgados pela <a href=\"http:\/\/Booking.com\">Booking.com<\/a> e t\u00eam como base buscas realizadas por viajantes brasileiros na plataforma entre 1\u00ba de julho e 9 de agosto de 2026, para hospedagens de 5 a 7 de setembro. Os percentuais representam a varia\u00e7\u00e3o em rela\u00e7\u00e3o ao mesmo per\u00edodo de 2025 e se referem \u00e0s buscas por acomoda\u00e7\u00f5es na plataforma.<\/span><\/p>\n<p class=\"text-justify\"><span>O ranking nacional aparece exatamente assim:<\/span><\/p>\n<ol start=\"1\">\n<li><span><strong>Rio de Janeiro (RJ)<\/strong> \u2014 +212%<\/span><\/li>\n<li><span><strong>S\u00e3o Paulo (SP)<\/strong> \u2014 -4%<\/span><\/li>\n<li><span><strong>Jo\u00e3o Pessoa (PB)<\/strong> \u2014 +149%<\/span><\/li>\n<li><span><strong>Porto de Galinhas (PE)<\/strong> \u2014 +76%<\/span><\/li>\n<li><span><strong>Macei\u00f3 (AL)<\/strong> \u2014 <strong>+169%<\/strong><\/span><\/li>\n<\/ol>\n<div class=\"gabinate\">\n<a href=\"https:\/\/maceio.al.gov.br\/secretarias-e-orgaos\/semtur\">SEMTUR<\/a><\/p>\n<h2>Secretaria Municipal de Turismo<\/h2>\n<p><span><\/p>\n<p>R. Godofredo Ferro, 53 &#8211; Centro, Macei\u00f3 &#8211; AL, 57020-575<br \/>Telefone: (82) 3312-5803 Hor\u00e1rio de atendimento: segunda a sexta, de 8h \u00e0s 14h<br \/>E-mail: <a href=\"http:\/\/maceio.al.gov.br\/cdn-cgi\/l\/email-protection#2e484f424b4d4140415d4d416e5d4b435a4b42034f42004d4143004c5c\" target=\"_blank\" rel=\"noreferrer noopener\"><span class=\"__cf_email__\" data-cfemail=\"6f09001b001f1d001b000c0003002f1c0a021b1a1d41020e0c0a0600410e0341080019410d1d\">[email\u00a0protected]<\/span><\/a><\/p>\n<p><\/span><\/div>\n<\/div>\n<p><script async defer crossorigin=\"anonymous\" src=\"https:\/\/connect.facebook.net\/pt_BR\/sdk.js#xfbml=1&#038;version=v12.0\" nonce=\"0pFl3y7T\"><\/script><br \/>\n<br \/><br \/>\n<br \/><a href=\"https:\/\/maceio.al.gov.br\/noticias\/semtur\/maceio-esta-entre-os-cinco-destinos-mais-buscados-do-brasil-para-o-feriado-de-7-de-setembro\">Prefeitura de Macei\u00f3 <\/a><\/p>\n","protected":false},"excerpt":{"rendered":"<p>Macei\u00f3 est\u00e1 entre os cinco destinos nacionais mais buscados pelos brasileiros para o feriado prolongado da Independ\u00eancia. Levantamento divulgado pela Booking.com coloca a capital alagoana na quinta posi\u00e7\u00e3o do ranking nacional, com crescimento de 169% nas buscas em compara\u00e7\u00e3o com o mesmo per\u00edodo de 2025. A pesquisa considera buscas por acomoda\u00e7\u00f5es para estadias entre os [&hellip;]<\/p>\n","protected":false},"author":1,"featured_media":35449,"comment_status":"closed","ping_status":"","sticky":false,"template":"","format":"standard","meta":{"footnotes":""},"categories":[9],"tags":[],"class_list":["post-35448","post","type-post","status-publish","format-standard","has-post-thumbnail","hentry","category-maceio"],"_links":{"self":[{"href":"https:\/\/diarioalagoas.com.br\/index.php?rest_route=\/wp\/v2\/posts\/35448","targetHints":{"allow":["GET"]}}],"collection":[{"href":"https:\/\/diarioalagoas.com.br\/index.php?rest_route=\/wp\/v2\/posts"}],"about":[{"href":"https:\/\/diarioalagoas.com.br\/index.php?rest_route=\/wp\/v2\/types\/post"}],"author":[{"embeddable":true,"href":"https:\/\/diarioalagoas.com.br\/index.php?rest_route=\/wp\/v2\/users\/1"}],"replies":[{"embeddable":true,"href":"https:\/\/diarioalagoas.com.br\/index.php?rest_route=%2Fwp%2Fv2%2Fcomments&post=35448"}],"version-history":[{"count":0,"href":"https:\/\/diarioalagoas.com.br\/index.php?rest_route=\/wp\/v2\/posts\/35448\/revisions"}],"wp:featuredmedia":[{"embeddable":true,"href":"https:\/\/diarioalagoas.com.br\/index.php?rest_route=\/wp\/v2\/media\/35449"}],"wp:attachment":[{"href":"https:\/\/diarioalagoas.com.br\/index.php?rest_route=%2Fwp%2Fv2%2Fmedia&parent=35448"}],"wp:term":[{"taxonomy":"category","embeddable":true,"href":"https:\/\/diarioalagoas.com.br\/index.php?rest_route=%2Fwp%2Fv2%2Fcategories&post=35448"},{"taxonomy":"post_tag","embeddable":true,"href":"https:\/\/diarioalagoas.com.br\/index.php?rest_route=%2Fwp%2Fv2%2Ftags&post=35448"}],"curies":[{"name":"wp","href":"https:\/\/api.w.org\/{rel}","templated":true}]}}