{"id":35452,"date":"2026-08-31T14:38:32","date_gmt":"2026-08-31T17:38:32","guid":{"rendered":"https:\/\/diarioalagoas.com.br\/?p=35452"},"modified":"2026-08-31T14:38:32","modified_gmt":"2026-08-31T17:38:32","slug":"proverbio-africano-sobre-convivencia-se-quer-ir-rapido-va-sozinho-se-quer-ir-longe-va-em-grupo-uma-licao-sobre-cooperacao-e-pertencimento","status":"publish","type":"post","link":"https:\/\/diarioalagoas.com.br\/?p=35452","title":{"rendered":"Prov\u00e9rbio africano sobre conviv\u00eancia: \u201cSe quer ir r\u00e1pido, v\u00e1 sozinho; se quer ir longe, v\u00e1 em grupo.\u201d Uma li\u00e7\u00e3o sobre coopera\u00e7\u00e3o e pertencimento"},"content":{"rendered":"<p> <br \/>\n<\/p>\n<div>\n<p>Como a sabedoria ancestral redefine o conceito de conquista, mostrando que a verdadeira resili\u00eancia nasce da coopera\u00e7\u00e3o, do pertencimento e da capacidade de caminhar lado a lado.<\/p>\n<div style=\"position:relative;font-family:-apple-system,BlinkMacSystemFont,'Segoe UI',Roboto,Helvetica,Arial,sans-serif;background:linear-gradient(135deg,#fdf2f4 0%,#edf2f7 100%);border:1px solid #cbd5e1;border-radius:20px;padding:36px 30px;margin:32px 0;box-shadow:0 10px 30px rgba(13,59,102,0.08);\">\n<h3 style=\"text-align:center;color:#0d3b66;font-size:24px;font-weight:800;margin:0 0 10px 0;letter-spacing:-0.5px;\">A Sabedoria da Jornada Coletiva<\/h3>\n<p style=\"text-align:center;color:#475569;font-size:15.5px;max-width:600px;margin:0 auto 28px auto;line-height:1.6;\">Os quatro pilares fundamentais da coopera\u00e7\u00e3o humana e da sustentabilidade emocional.<\/p>\n<div style=\"display:grid;grid-template-columns:repeat(auto-fit,minmax(210px,1fr));gap:18px;justify-content:center;\">\n<div style=\"background:#ffffff;border:1px solid #e2e8f0;border-radius:16px;padding:24px 20px;text-align:left;box-shadow:0 6px 20px rgba(0,0,0,0.04);\">\n<p>\ud83c\udfc3\u200d\u2642\ufe0f<\/p>\n<p><strong>Velocidade Ef\u00eamera<\/strong><\/p>\n<p>O avan\u00e7o solit\u00e1rio atende a urg\u00eancias pontuais, mas esgota os recursos f\u00edsicos e mentais sem sustenta\u00e7\u00e3o.<\/p>\n<\/p><\/div>\n<div style=\"background:#ffffff;border:1px solid #e2e8f0;border-radius:16px;padding:24px 20px;text-align:left;box-shadow:0 6px 20px rgba(0,0,0,0.04);\">\n<p>\ud83e\udd1d<\/p>\n<p><strong>Sustenta\u00e7\u00e3o M\u00fatua<\/strong><\/p>\n<p>A uni\u00e3o distribui o peso dos desafios, transformando a vulnerabilidade individual em for\u00e7a compartilhada.<\/p>\n<\/p><\/div>\n<div style=\"background:#ffffff;border:1px solid #e2e8f0;border-radius:16px;padding:24px 20px;text-align:left;box-shadow:0 6px 20px rgba(0,0,0,0.04);\">\n<p>\ud83e\udded<\/p>\n<p><strong>Vis\u00e3o Ampliada<\/strong><\/p>\n<p>M\u00faltiplos olhares identificam riscos invis\u00edveis a um s\u00f3 par de olhos, ajustando o rumo com intelig\u00eancia.<\/p>\n<\/p><\/div>\n<div style=\"background:#ffffff;border:1px solid #e2e8f0;border-radius:16px;padding:24px 20px;text-align:left;box-shadow:0 6px 20px rgba(0,0,0,0.04);\">\n<p>\ud83c\udf33<\/p>\n<p><strong>Legado Duradouro<\/strong><\/p>\n<p>Projetos concebidos em comunidade criam ra\u00edzes s\u00f3lidas e sobrevivem \u00e0s intemp\u00e9ries do tempo.<\/p>\n<\/p><\/div>\n<\/p><\/div>\n<p><strong>Resumo \u00fatil:<\/strong> A pressa individual prioriza a chegada r\u00e1pida; a <strong>intelig\u00eancia coletiva<\/strong> garante que voc\u00ea tenha energia e estrutura para continuar caminhando.<\/p>\n<\/div>\n<p>Em uma sociedade que constantemente premia o individualismo desenfreado e a pressa por resultados imediatos, o consagrado <strong>prov\u00e9rbio africano<\/strong> funciona como uma \u00e2ncora de lucidez. Ele nos lembra de que a velocidade sem apoio gera desgaste prematuro, enquanto o v\u00ednculo comunit\u00e1rio oferece a estrutura necess\u00e1ria para superar as maiores dist\u00e2ncias da vida.<\/p>\n<h2 class=\"wp-block-heading\">Qual \u00e9 a origem e o sentido profundo desta sabedoria ancestral?<\/h2>\n<p>Embora seja universalmente citado como uma s\u00edntese da sabedoria do continente, o aforismo tem suas ra\u00edzes fincadas na <a href=\"https:\/\/www.britannica.com\/art\/African-literature\/Proverbs-riddles-and-other-verbal-arts\" target=\"_blank\" rel=\"noopener\"><strong>Tradi\u00e7\u00e3o Oral Africana<\/strong><\/a>, um sistema filos\u00f3fico em que prov\u00e9rbios operam como ferramentas educacionais e instrumentos de coes\u00e3o social. Nessas culturas, o indiv\u00edduo n\u00e3o \u00e9 visto como uma entidade isolada do cosmos, mas como um elo indissoci\u00e1vel de uma teia comunit\u00e1ria viva.<\/p>\n<p>O prov\u00e9rbio n\u00e3o condena a velocidade nem desvaloriza a autonomia pessoal. Ele estabelece uma distin\u00e7\u00e3o clara entre dois objetivos: se o intuito \u00e9 resolver uma emerg\u00eancia t\u00e1tica, a agilidade solit\u00e1ria \u00e9 v\u00e1lida; contudo, se a meta \u00e9 a constru\u00e7\u00e3o de uma trajet\u00f3ria consistente, com profundidade e relev\u00e2ncia hist\u00f3rica, a <strong>coopera\u00e7\u00e3o<\/strong> torna-se indispens\u00e1vel.<\/p>\n<div class=\"wp-block-image\">\n<figure class=\"aligncenter size-large\"><img fetchpriority=\"high\" decoding=\"async\" width=\"1024\" height=\"572\" src=\"https:\/\/www.uai.com.br\/wp-content\/uploads\/2026\/08\/Mentor_collaborating_with_team_m\u2026_202608282227-1024x572.jpeg\" alt=\"L\u00edder comunit\u00e1rio orientando equipe ao redor de uma mesa com planejamento compartilhado\" class=\"wp-image-170705\"\/><figcaption class=\"wp-element-caption\">A troca cont\u00ednua de experi\u00eancias e o apoio m\u00fatuo transformam o esfor\u00e7o individual em impacto sustent\u00e1vel \u2014 Cr\u00e9ditos: Imagem gerada por IA<\/figcaption><\/figure>\n<\/div>\n<h2 class=\"wp-block-heading\">A mec\u00e2nica da coopera\u00e7\u00e3o: por que grupos chegam mais longe?<\/h2>\n<p>A sustentabilidade de qualquer longo percurso depende de fatores que ultrapassam o vigor f\u00edsico ou o talento particular. Quando operamos em conjunto, ativamos mecanismos biol\u00f3gicos e sociais que multiplicam a nossa capacidade de resili\u00eancia:<\/p>\n<div style=\"font-family:-apple-system,BlinkMacSystemFont,'Segoe UI',Roboto,Helvetica,Arial,sans-serif;background:#ffffff;border:1px solid #e2e8f0;border-radius:16px;padding:28px 32px;margin:24px 0;box-shadow:0 6px 20px rgba(0,0,0,0.04);\">\n<div style=\"display:flex;align-items:flex-start;gap:14px;margin-bottom:16px;padding-bottom:16px;border-bottom:1px solid #f1f5f9;\">\n<p>\ud83d\udee1\ufe0f<\/p>\n<p><strong>Distribui\u00e7\u00e3o da Carga:<\/strong> O cansa\u00e7o f\u00edsico e psicol\u00f3gico \u00e9 amenizado quando as responsabilidades s\u00e3o divididas, evitando o esgotamento do indiv\u00edduo.<\/p>\n<\/p><\/div>\n<div style=\"display:flex;align-items:flex-start;gap:14px;margin-bottom:16px;padding-bottom:16px;border-bottom:1px solid #f1f5f9;\">\n<p>\ud83d\udca1<\/p>\n<p><strong>Complementaridade de Habilidades:<\/strong> As defici\u00eancias t\u00e9cnicas de um membro s\u00e3o compensadas pelas aptid\u00f5es dos outros, gerando uma unidade equilibrada.<\/p>\n<\/p><\/div>\n<div style=\"display:flex;align-items:flex-start;gap:14px;margin-bottom:16px;padding-bottom:16px;border-bottom:1px solid #f1f5f9;\">\n<p>\ud83e\udded<\/p>\n<p><strong>Corre\u00e7\u00e3o de Rota Cont\u00ednua:<\/strong> O debate sincero dentro do coletivo neutraliza pontos cegos e impede decis\u00f5es impulsivas prejudiciais.<\/p>\n<\/p><\/div>\n<div style=\"display:flex;align-items:flex-start;gap:14px;\">\n<p>\u2764\ufe0f<\/p>\n<p><strong>Valida\u00e7\u00e3o Emocional:<\/strong> A sensa\u00e7\u00e3o de <strong>pertencimento<\/strong> ativa a libera\u00e7\u00e3o de ocitocina e reduz o estresse diante de crises severas.<\/p>\n<\/p><\/div>\n<\/div>\n<h2 class=\"wp-block-heading\">Sinais de que o excesso de autossufici\u00eancia est\u00e1 sabotando seus planos<\/h2>\n<p>O isolamento muitas vezes se disfar\u00e7a de efici\u00eancia e produtividade. Preste aten\u00e7\u00e3o aos alertas cotidianos de que a recusa em pedir aux\u00edlio est\u00e1 drenando o seu potencial:<\/p>\n<div style=\"display:flex;flex-direction:column;gap:18px;margin:28px 0;font-family:-apple-system,BlinkMacSystemFont,'Segoe UI',Roboto,Helvetica,Arial,sans-serif;\">\n<div style=\"background:#ffffff;border:1px solid #e2e8f0;border-left:5px solid #0d3b66;border-radius:14px;padding:22px 24px;box-shadow:0 6px 20px rgba(0,0,0,0.04);display:flex;gap:18px;align-items:flex-start;\">\n<p>\u26a0\ufe0f<\/p>\n<div>\n<p><strong>Sobrecarga Cr\u00f4nica e Burnout<\/strong><\/p>\n<p>A incapacidade de delegar tarefas gera uma exaust\u00e3o constante, transformando vit\u00f3rias em meras fontes de al\u00edvio tempor\u00e1rio.<\/p>\n<\/p><\/div>\n<\/p><\/div>\n<div style=\"background:#ffffff;border:1px solid #e2e8f0;border-left:5px solid #0d3b66;border-radius:14px;padding:22px 24px;box-shadow:0 6px 20px rgba(0,0,0,0.04);display:flex;gap:18px;align-items:flex-start;\">\n<p>\ud83e\uddf1<\/p>\n<div>\n<p><strong>Estagna\u00e7\u00e3o por Teto Individual<\/strong><\/p>\n<p>Seus projetos atingem um limite de expans\u00e3o porque dependem integralmente das suas 24 horas di\u00e1rias e da sua energia isolada.<\/p>\n<\/p><\/div>\n<\/p><\/div>\n<div style=\"background:#ffffff;border:1px solid #e2e8f0;border-left:5px solid #0d3b66;border-radius:14px;padding:22px 24px;box-shadow:0 6px 20px rgba(0,0,0,0.04);display:flex;gap:18px;align-items:flex-start;\">\n<p>\ud83d\udd73\ufe0f<\/p>\n<div>\n<p><strong>Vit\u00f3rias Desprovidas de Sentido<\/strong><\/p>\n<p>Atingir metas ambiciosas sem ter com quem celebrar gera um vazio existencial, evidenciando a car\u00eancia de conex\u00f5es aut\u00eanticas.<\/p>\n<\/p><\/div>\n<\/p><\/div>\n<\/div>\n<p><a href=\"https:\/\/www.uai.com.br\/app\/noticia\/comportamento\/2023\/08\/15\/noticia-comportamento,329104\/o-poder-da-empatia-como-fortalecer-lacos-e-conexoes-reais.shtml\" target=\"_blank\" rel=\"noopener\" style=\"display:block;background:#eef4fb;border-left:4px solid #0d3b66;border-radius:8px;padding:14px 18px;margin:20px 0;text-decoration:none;color:#0d3b66;font-weight:600;\">&#13;<br \/>\n  \ud83d\udcd6 <strong>Leia tamb\u00e9m:<\/strong> O poder da empatia: como fortalecer la\u00e7os e conex\u00f5es reais&#13;<br \/>\n<\/a><\/p>\n<h2 class=\"wp-block-heading\">A filosofia Ubuntu e a redescoberta da nossa humanidade compartilhada<\/h2>\n<p>Essa m\u00e1xima dialoga de forma direta com o conceito \u00e9tico de <strong>Ubuntu<\/strong>, imortalizado por pensadores como <strong>Desmond Tutu<\/strong> e l\u00edderes como <strong>Nelson Mandela<\/strong>. Traduzido frequentemente como \u201ceu sou porque n\u00f3s somos\u201d, esse princ\u00edpio sustenta que a realiza\u00e7\u00e3o pessoal s\u00f3 atinge plenitude quando contribui para o bem-estar da coletividade.<\/p>\n<p>Adotar essa postura n\u00e3o significa renunciar \u00e0 pr\u00f3pria identidade ou aos objetivos particulares, mas reconhecer que nosso desenvolvimento \u00e9 fruto direto de trocas. O cultivo da <strong>humildade intelectual<\/strong> e a generosidade relacional s\u00e3o as maiores salvaguardas contra o decl\u00ednio emocional que acompanha o isolamento volunt\u00e1rio.<\/p>\n<div class=\"wp-block-image\">\n<figure class=\"aligncenter size-large\"><img decoding=\"async\" width=\"1024\" height=\"572\" src=\"https:\/\/www.uai.com.br\/wp-content\/uploads\/2026\/08\/Runners_progressing_to_collectiv\u2026_202608282227-1024x572.jpeg\" alt=\"Tr\u00eas pain\u00e9is sequenciais ilustrando a exaust\u00e3o individual, o suporte m\u00fatuo e a conquista em grupo\" class=\"wp-image-170706\"\/><figcaption class=\"wp-element-caption\">Da limita\u00e7\u00e3o do esfor\u00e7o isolado \u00e0 for\u00e7a da coopera\u00e7\u00e3o: os est\u00e1gios da jornada coletiva \u2014 Cr\u00e9ditos: Imagem gerada por IA<\/figcaption><\/figure>\n<\/div>\n<h2 class=\"wp-block-heading\">Como transitar da pressa solit\u00e1ria para a sustentabilidade relacional<\/h2>\n<p>Caminhar em grupo exige maturidade, concess\u00f5es e uma comunica\u00e7\u00e3o clara. A conviv\u00eancia traz atritos naturais, mas aprender a gerenci\u00e1-los \u00e9 o pre\u00e7o inevit\u00e1vel para acessar a estabilidade que nenhuma conquista individual \u00e9 capaz de oferecer.<\/p>\n<p>Para construir alian\u00e7as produtivas, \u00e9 necess\u00e1rio substituir a cultura da desconfian\u00e7a pela pr\u00e1tica ativa da <strong>vulnerabilidade construtiva<\/strong>. Admitir limites, pedir suporte quando o cansa\u00e7o surge e celebrar o progresso alheio s\u00e3o atitudes pr\u00e1ticas que pavimentam pontes s\u00f3lidas entre as pessoas.<\/p>\n<p><a href=\"https:\/\/www.uai.com.br\/app\/noticia\/saude\/2023\/11\/12\/noticia-saude,333890\/como-o-senso-de-comunidade-impacta-a-longevidade-e-o-bem-estar.shtml\" target=\"_blank\" rel=\"noopener\" style=\"display:block;background:#eef4fb;border-left:4px solid #0d3b66;border-radius:8px;padding:14px 18px;margin:20px 0;text-decoration:none;color:#0d3b66;font-weight:600;\">&#13;<br \/>\n  \ud83d\udcd6 <strong>Leia tamb\u00e9m:<\/strong> Como o senso de comunidade impacta a longevidade e o bem-estar&#13;<br \/>\n<\/a><\/p>\n<h2 class=\"wp-block-heading\">O verdadeiro destino \u00e9 a hist\u00f3ria que constru\u00edmos ao lado dos outros<\/h2>\n<p>No encerramento de qualquer jornada, a relev\u00e2ncia do trajeto raramente \u00e9 mensurada pelo cron\u00f4metro, mas sim pela qualidade dos relacionamentos consolidados durante a caminhada. Escolher o grupo \u00e9 escolher a perenidade em detrimento da velocidade passageira.<\/p>\n<p>Ao desacelerar para alinhar o seu passo ao daqueles que compartilham seus valores, voc\u00ea troca a ilus\u00e3o do aplauso solit\u00e1rio pela certeza de um amparo incondicional quando as tempestades inevitavelmente surgirem.<\/p>\n<p>&#13;<br \/>\n  <strong>Aplique hoje:<\/strong> Identifique uma meta pessoal ou profissional em que voc\u00ea tem relutado em pedir ajuda. Entre em contato com um amigo, mentor ou colega de confian\u00e7a e compartilhe abertamente um desafio, dando o primeiro passo para transformar um esfor\u00e7o solit\u00e1rio em uma caminhada compartilhada.&#13;\n<\/p>\n<p><!-- CONTENT END 1 --><\/p><\/div>\n<p><br \/>\n<br \/><a href=\"https:\/\/www.uai.com.br\/diversao\/2026\/08\/31\/proverbio-africano-sobre-convivencia-se-quer-ir-rapido-va-sozinho-se-quer-ir-longe-va-em-grupo-uma-licao-sobre-cooperacao-e-pertencimento\/\">Super Esportes<\/a><\/p>\n","protected":false},"excerpt":{"rendered":"<p>Como a sabedoria ancestral redefine o conceito de conquista, mostrando que a verdadeira resili\u00eancia nasce da coopera\u00e7\u00e3o, do pertencimento e da capacidade de caminhar lado a lado. A Sabedoria da Jornada Coletiva Os quatro pilares fundamentais da coopera\u00e7\u00e3o humana e da sustentabilidade emocional. \ud83c\udfc3\u200d\u2642\ufe0f Velocidade Ef\u00eamera O avan\u00e7o solit\u00e1rio atende a urg\u00eancias pontuais, mas esgota [&hellip;]<\/p>\n","protected":false},"author":1,"featured_media":35453,"comment_status":"closed","ping_status":"","sticky":false,"template":"","format":"standard","meta":{"footnotes":""},"categories":[14],"tags":[],"class_list":["post-35452","post","type-post","status-publish","format-standard","has-post-thumbnail","hentry","category-esportes"],"_links":{"self":[{"href":"https:\/\/diarioalagoas.com.br\/index.php?rest_route=\/wp\/v2\/posts\/35452","targetHints":{"allow":["GET"]}}],"collection":[{"href":"https:\/\/diarioalagoas.com.br\/index.php?rest_route=\/wp\/v2\/posts"}],"about":[{"href":"https:\/\/diarioalagoas.com.br\/index.php?rest_route=\/wp\/v2\/types\/post"}],"author":[{"embeddable":true,"href":"https:\/\/diarioalagoas.com.br\/index.php?rest_route=\/wp\/v2\/users\/1"}],"replies":[{"embeddable":true,"href":"https:\/\/diarioalagoas.com.br\/index.php?rest_route=%2Fwp%2Fv2%2Fcomments&post=35452"}],"version-history":[{"count":0,"href":"https:\/\/diarioalagoas.com.br\/index.php?rest_route=\/wp\/v2\/posts\/35452\/revisions"}],"wp:featuredmedia":[{"embeddable":true,"href":"https:\/\/diarioalagoas.com.br\/index.php?rest_route=\/wp\/v2\/media\/35453"}],"wp:attachment":[{"href":"https:\/\/diarioalagoas.com.br\/index.php?rest_route=%2Fwp%2Fv2%2Fmedia&parent=35452"}],"wp:term":[{"taxonomy":"category","embeddable":true,"href":"https:\/\/diarioalagoas.com.br\/index.php?rest_route=%2Fwp%2Fv2%2Fcategories&post=35452"},{"taxonomy":"post_tag","embeddable":true,"href":"https:\/\/diarioalagoas.com.br\/index.php?rest_route=%2Fwp%2Fv2%2Ftags&post=35452"}],"curies":[{"name":"wp","href":"https:\/\/api.w.org\/{rel}","templated":true}]}}