{"id":35456,"date":"2026-08-31T15:52:46","date_gmt":"2026-08-31T18:52:46","guid":{"rendered":"https:\/\/diarioalagoas.com.br\/?p=35456"},"modified":"2026-08-31T15:52:46","modified_gmt":"2026-08-31T18:52:46","slug":"camara-deve-decidir-sobre-taxa-das-blusinhas-nesta-segunda","status":"publish","type":"post","link":"https:\/\/diarioalagoas.com.br\/?p=35456","title":{"rendered":"C\u00e2mara deve decidir sobre &#8220;taxa das blusinhas&#8221; nesta segunda"},"content":{"rendered":"<p> <br \/>\n<\/p>\n<div>\n<p><strong>A <a href=\"https:\/\/www.camara.leg.br\/\" target=\"_blank\">C\u00e2mara dos Deputados<\/a> pautou para esta segunda-feira (31) a vota\u00e7\u00e3o da <a href=\"https:\/\/agenciabrasil.ebc.com.br\/tags\/taxa-das-blusinhas\" target=\"_blank\">medida provis\u00f3ria (MP) apelidada de \u201ctaxa das blusinhas\u201d<\/a>. De <a href=\"https:\/\/agenciabrasil.ebc.com.br\/economia\/noticia\/2026-08\/governo-fara-esforco-por-fim-da-taxa-das-blusinhas-diz-durigan\" target=\"_blank\">autoria do Executivo<\/a>, a MP 1.357 de 2026 zera o imposto de importa\u00e7\u00e3o de 20% para compras internacionais de at\u00e9 US$ 50 feitas pela internet.<\/strong><img decoding=\"async\" src=\"https:\/\/agenciabrasil.ebc.com.br\/ebc.png?id=1701087&amp;o=node\" style=\"width:1px; height:1px; display:inline;\"\/><img decoding=\"async\" src=\"https:\/\/agenciabrasil.ebc.com.br\/ebc.gif?id=1701087&amp;o=node\" style=\"width:1px; height:1px; display:inline;\"\/><\/p>\n<p>Se aprovado na C\u00e2mara, o dispositivo segue para an\u00e1lise do plen\u00e1rio do Senado. A sess\u00e3o deliberativa dos deputados federais est\u00e1 marcada para come\u00e7ar \u00e0s 18h. <strong>Antes, por\u00e9m, o texto precisa ser aprovado na Comiss\u00e3o Mista, que se re\u00fane \u00e0s 16h para votar relat\u00f3rio da <a href=\"https:\/\/www25.senado.leg.br\/web\/senadores\/senador\/-\/perfil\/5979\" target=\"_blank\">senadora Leila Barros (PDT-DF)<\/a>, que \u00e9 favor\u00e1vel ao projeto.<\/strong><\/p>\n<p>O presidente do Congresso, senador Davi Alcolumbre (Uni\u00e3o-AP), chegou a segurar a instala\u00e7\u00e3o da comiss\u00e3o mista respons\u00e1vel pela an\u00e1lise da MP das blusinhas, que perde a validade no dia 8 de setembro se n\u00e3o for votada nas duas casas legislativas.\u00a0<\/p>\n<p>A comiss\u00e3o mista da MP das blusinhas avan\u00e7ou <a href=\"https:\/\/agenciabrasil.ebc.com.br\/politica\/noticia\/2026-08\/governo-e-congresso-acertam-pautas-para-esforco-concentrado-de-votacao\" target=\"_blank\">ap\u00f3s conversas<\/a> entre o presidente Luiz In\u00e1cio Lula da Silva e o senador Alcolumbre.\u00a0<\/p>\n<p>O fim da taxa das blusinhas sofre <a href=\"https:\/\/agenciabrasil.ebc.com.br\/economia\/noticia\/2026-04\/taxa-das-blusinhas-preservou-135-mil-empregos-estima-cni\" target=\"_blank\">oposi\u00e7\u00e3o de empres\u00e1rios brasileiros<\/a>. A <a href=\"https:\/\/cni.portaldaindustria.com.br\/home\" target=\"_blank\">Confedera\u00e7\u00e3o Nacional da Ind\u00fastria (CNI)<\/a> argumenta que a tarifa reduz a concorr\u00eancia \u201cdesleal\u201d de produtos importados, em especial da China. Por outro lado, o governo sustenta que a redu\u00e7\u00e3o da tarifa favorece o consumo popular.<\/p>\n<p>Outras pautas de interesse do governo federal tamb\u00e9m est\u00e3o previstas para serem analisadas nesta semana de <a href=\"https:\/\/agenciabrasil.ebc.com.br\/politica\/noticia\/2026-08\/ccj-do-senado-preve-votacao-da-pec-da-seguranca-proxima-semana\" target=\"_blank\">\u201cesfor\u00e7o concentrado\u201d do Congresso Nacional<\/a>, como as propostas de emenda \u00e0 Constitui\u00e7\u00e3o (PECs) do fim da escala 6&#215;1 e da seguran\u00e7a p\u00fablica.<\/p>\n<h2>Fim da escala 6&#215;1<\/h2>\n<p><strong>O texto que prev\u00ea o fim da jornada de trabalho de seis dias para um de descanso deve ser analisado na quarta-feira (2) pela Comiss\u00e3o de Constitui\u00e7\u00e3o e Justi\u00e7a (CCJ) do Senado.<\/strong><\/p>\n<p>O relator da proposta, senador Omar Aziz (PSD-AM), apresentou na \u00faltima quinta-feira (27) <a href=\"https:\/\/agenciabrasil.ebc.com.br\/politica\/noticia\/2026-08\/relator-da-ccj-do-senado-vota-favor-da-pec-do-fim-da-escala-6x1\" target=\"_blank\">parecer favor\u00e1vel <\/a>e rejeitou as 12 emendas apresentadas pelos senadores. A estrat\u00e9gia \u00e9 manter o texto aprovado pela C\u00e2mara e, assim, evitar que a proposta retorne para an\u00e1lise dos deputados.<\/p>\n<h2>Mototaxistas e entregadores de aplicativo<\/h2>\n<p><strong>A C\u00e2mara ainda pode votar nesta semana outras duas medidas provis\u00f3rias ligadas aos trabalhadores de aplicativos: uma simplifica as regras para mototaxistas e profissionais de motofrete (MP 1360 de 2026) e outra cria linha de financiamento para entregadores comprarem motos e bicicletas el\u00e9tricas (MP 1.366 de 2026).<\/strong><\/p>\n<p>Entre os outros projetos que podem ser analisados pelos deputados est\u00e3o a manuten\u00e7\u00e3o dos incentivos fiscais para doa\u00e7\u00f5es aos programas de aten\u00e7\u00e3o oncol\u00f3gica e de sa\u00fade da pessoa com defici\u00eancia, a Pol\u00edtica Nacional de Agroecologia e Produ\u00e7\u00e3o Org\u00e2nica e o Plano Nacional de Cultura para os pr\u00f3ximos 10 anos.<br \/>\u00a0<\/p>\n<p>      <!-- Relacionada --><\/p>\n<p>            <!-- Relacionada -->\n    <\/div>\n<p><br \/>\n<br \/><a href=\"https:\/\/agenciabrasil.ebc.com.br\/politica\/noticia\/2026-08\/camara-deve-decidir-sobre-taxa-das-blusinhas-nesta-segunda\">Ag\u00eancia Brasil <\/a><\/p>\n","protected":false},"excerpt":{"rendered":"<p>A C\u00e2mara dos Deputados pautou para esta segunda-feira (31) a vota\u00e7\u00e3o da medida provis\u00f3ria (MP) apelidada de \u201ctaxa das blusinhas\u201d. De autoria do Executivo, a MP 1.357 de 2026 zera o imposto de importa\u00e7\u00e3o de 20% para compras internacionais de at\u00e9 US$ 50 feitas pela internet. Se aprovado na C\u00e2mara, o dispositivo segue para an\u00e1lise [&hellip;]<\/p>\n","protected":false},"author":1,"featured_media":35457,"comment_status":"closed","ping_status":"","sticky":false,"template":"","format":"standard","meta":{"footnotes":""},"categories":[10],"tags":[],"class_list":["post-35456","post","type-post","status-publish","format-standard","has-post-thumbnail","hentry","category-politica"],"_links":{"self":[{"href":"https:\/\/diarioalagoas.com.br\/index.php?rest_route=\/wp\/v2\/posts\/35456","targetHints":{"allow":["GET"]}}],"collection":[{"href":"https:\/\/diarioalagoas.com.br\/index.php?rest_route=\/wp\/v2\/posts"}],"about":[{"href":"https:\/\/diarioalagoas.com.br\/index.php?rest_route=\/wp\/v2\/types\/post"}],"author":[{"embeddable":true,"href":"https:\/\/diarioalagoas.com.br\/index.php?rest_route=\/wp\/v2\/users\/1"}],"replies":[{"embeddable":true,"href":"https:\/\/diarioalagoas.com.br\/index.php?rest_route=%2Fwp%2Fv2%2Fcomments&post=35456"}],"version-history":[{"count":0,"href":"https:\/\/diarioalagoas.com.br\/index.php?rest_route=\/wp\/v2\/posts\/35456\/revisions"}],"wp:featuredmedia":[{"embeddable":true,"href":"https:\/\/diarioalagoas.com.br\/index.php?rest_route=\/wp\/v2\/media\/35457"}],"wp:attachment":[{"href":"https:\/\/diarioalagoas.com.br\/index.php?rest_route=%2Fwp%2Fv2%2Fmedia&parent=35456"}],"wp:term":[{"taxonomy":"category","embeddable":true,"href":"https:\/\/diarioalagoas.com.br\/index.php?rest_route=%2Fwp%2Fv2%2Fcategories&post=35456"},{"taxonomy":"post_tag","embeddable":true,"href":"https:\/\/diarioalagoas.com.br\/index.php?rest_route=%2Fwp%2Fv2%2Ftags&post=35456"}],"curies":[{"name":"wp","href":"https:\/\/api.w.org\/{rel}","templated":true}]}}