{"id":35458,"date":"2026-08-31T16:38:51","date_gmt":"2026-08-31T19:38:51","guid":{"rendered":"https:\/\/diarioalagoas.com.br\/?p=35458"},"modified":"2026-08-31T16:38:51","modified_gmt":"2026-08-31T19:38:51","slug":"prefeitura-de-maceio-maceio-abre-prazo-para-acordo-direto-de","status":"publish","type":"post","link":"https:\/\/diarioalagoas.com.br\/?p=35458","title":{"rendered":"Prefeitura de Macei\u00f3 | Macei\u00f3 abre prazo para acordo direto de\u2026"},"content":{"rendered":"<p> <br \/>\n<\/p>\n<div id=\"\">\n<p>O munic\u00edpio de Macei\u00f3 abriu, nesta segunda-feira (31), o prazo para habilita\u00e7\u00e3o de credores interessados em firmar acordos diretos para pagamento de precat\u00f3rios, em procedimento realizado com a participa\u00e7\u00e3o do Tribunal de Justi\u00e7a de Alagoas, da Justi\u00e7a Federal e da Justi\u00e7a do Trabalho. As inscri\u00e7\u00f5es come\u00e7am \u00e0s 8h desta ter\u00e7a-feira (1\u00ba) e seguem at\u00e9 as 10h do dia 18 de setembro.<\/p>\n<p>Os pedidos devem ser apresentados \u00e0 C\u00e2mara de Concilia\u00e7\u00e3o de Precat\u00f3rios, presencialmente na sede da Procuradoria-Geral do Munic\u00edpio, na Rua Dr. Pedro Monteiro, 291, no bairro do Centro ou endere\u00e7o eletr\u00f4nico <a href=\"https:\/\/precatorios.pgm.maceio.al.gov.br\">https:\/\/precatorios.pgm.maceio.al.gov.br<\/a>. Ap\u00f3s a an\u00e1lise, a rela\u00e7\u00e3o preliminar dos habilitados ser\u00e1 publicada at\u00e9 28 de setembro, com prazo para recursos at\u00e9 as 10h de 1\u00ba de outubro.<\/p>\n<p>A lista definitiva dos credores habilitados e as informa\u00e7\u00f5es sobre local, datas e hor\u00e1rios das sess\u00f5es de concilia\u00e7\u00e3o ser\u00e3o divulgadas at\u00e9 23 de outubro. As audi\u00eancias ocorrer\u00e3o entre 23 e 26 de novembro, e a previs\u00e3o \u00e9 de pagamento at\u00e9 18 de dezembro de 2026. <a href=\"https:\/\/cdnpm.dhost.cloud\/imagens\/Edital-02.2026-Publicado-Diario-31.08.2026.pdf\" rel=\"noopener noreferrer\" target=\"_blank\" site=\"1\"><strong>Clique aqu<\/strong><\/a><a href=\"https:\/\/cdnpm.dhost.cloud\/imagens\/Edital-02.2026-Publicado-Diario-31.08.2026.pdf\" rel=\"noopener noreferrer\" target=\"_blank\" site=\"1\">i<\/a> e leia o edital completo.<\/p>\n<p>O edital prev\u00ea descontos de 30%, 35% ou 40%, conforme o ano de inscri\u00e7\u00e3o e o valor do precat\u00f3rio, e destina at\u00e9 R$ 16,57 milh\u00f5es para a realiza\u00e7\u00e3o dos acordos.<\/p>\n<div class=\"gabinate\">\n<a href=\"https:\/\/maceio.al.gov.br\/secretarias-e-orgaos\/pgm\">PGM<\/a><\/p>\n<h2>Procuradoria Geral do Munic\u00edpio<\/h2>\n<p><span><\/p>\n<p>Rua Dr. Pedro Monteiro, 291 &#8211; Centro<br \/>CEP 57020-380 | Telefone: 3312-5150 \/ 3312-5151<br \/>Hor\u00e1rio de atendimento: segunda a sexta, de 8h \u00e0s 14h<\/p>\n<p><\/span><\/div>\n<\/div>\n<p><script async defer crossorigin=\"anonymous\" src=\"https:\/\/connect.facebook.net\/pt_BR\/sdk.js#xfbml=1&#038;version=v12.0\" nonce=\"0pFl3y7T\"><\/script><br \/>\n<br \/><br \/>\n<br \/><a href=\"https:\/\/maceio.al.gov.br\/noticias\/pgm\/maceio-abre-prazo-para-acordo-direto-de-precatorios-com-participacao-do-tjal-justica-federal-e-justica-do-trabalho\">Prefeitura de Macei\u00f3 <\/a><\/p>\n","protected":false},"excerpt":{"rendered":"<p>O munic\u00edpio de Macei\u00f3 abriu, nesta segunda-feira (31), o prazo para habilita\u00e7\u00e3o de credores interessados em firmar acordos diretos para pagamento de precat\u00f3rios, em procedimento realizado com a participa\u00e7\u00e3o do Tribunal de Justi\u00e7a de Alagoas, da Justi\u00e7a Federal e da Justi\u00e7a do Trabalho. As inscri\u00e7\u00f5es come\u00e7am \u00e0s 8h desta ter\u00e7a-feira (1\u00ba) e seguem at\u00e9 as [&hellip;]<\/p>\n","protected":false},"author":1,"featured_media":35459,"comment_status":"closed","ping_status":"","sticky":false,"template":"","format":"standard","meta":{"footnotes":""},"categories":[9],"tags":[],"class_list":["post-35458","post","type-post","status-publish","format-standard","has-post-thumbnail","hentry","category-maceio"],"_links":{"self":[{"href":"https:\/\/diarioalagoas.com.br\/index.php?rest_route=\/wp\/v2\/posts\/35458","targetHints":{"allow":["GET"]}}],"collection":[{"href":"https:\/\/diarioalagoas.com.br\/index.php?rest_route=\/wp\/v2\/posts"}],"about":[{"href":"https:\/\/diarioalagoas.com.br\/index.php?rest_route=\/wp\/v2\/types\/post"}],"author":[{"embeddable":true,"href":"https:\/\/diarioalagoas.com.br\/index.php?rest_route=\/wp\/v2\/users\/1"}],"replies":[{"embeddable":true,"href":"https:\/\/diarioalagoas.com.br\/index.php?rest_route=%2Fwp%2Fv2%2Fcomments&post=35458"}],"version-history":[{"count":0,"href":"https:\/\/diarioalagoas.com.br\/index.php?rest_route=\/wp\/v2\/posts\/35458\/revisions"}],"wp:featuredmedia":[{"embeddable":true,"href":"https:\/\/diarioalagoas.com.br\/index.php?rest_route=\/wp\/v2\/media\/35459"}],"wp:attachment":[{"href":"https:\/\/diarioalagoas.com.br\/index.php?rest_route=%2Fwp%2Fv2%2Fmedia&parent=35458"}],"wp:term":[{"taxonomy":"category","embeddable":true,"href":"https:\/\/diarioalagoas.com.br\/index.php?rest_route=%2Fwp%2Fv2%2Fcategories&post=35458"},{"taxonomy":"post_tag","embeddable":true,"href":"https:\/\/diarioalagoas.com.br\/index.php?rest_route=%2Fwp%2Fv2%2Ftags&post=35458"}],"curies":[{"name":"wp","href":"https:\/\/api.w.org\/{rel}","templated":true}]}}