{"id":35462,"date":"2026-08-31T19:26:35","date_gmt":"2026-08-31T22:26:35","guid":{"rendered":"https:\/\/diarioalagoas.com.br\/?p=35462"},"modified":"2026-08-31T19:26:35","modified_gmt":"2026-08-31T22:26:35","slug":"jornalista-carlos-monforte-morre-aos-77-anos","status":"publish","type":"post","link":"https:\/\/diarioalagoas.com.br\/?p=35462","title":{"rendered":"Jornalista Carlos Monforte morre aos 77 anos"},"content":{"rendered":"<p> <br \/>\n<\/p>\n<div>\n<p><strong>Morreu em Bras\u00edlia, nesta segunda-feira (31), aos 77 anos, o jornalista Carlos Monforte. <\/strong>A fam\u00edlia confirmou a informa\u00e7\u00e3o ao grupo Globo, que divulgou que ele tratava de um c\u00e2ncer.<img decoding=\"async\" src=\"https:\/\/agenciabrasil.ebc.com.br\/ebc.png?id=1701130&amp;o=node\" style=\"width:1px; height:1px; display:inline;\"\/><img decoding=\"async\" src=\"https:\/\/agenciabrasil.ebc.com.br\/ebc.gif?id=1701130&amp;o=node\" style=\"width:1px; height:1px; display:inline;\"\/><\/p>\n<p><strong>Monforte teve uma longa carreira na Globo, onde foi contratado como rep\u00f3rter em 1978. <\/strong>Depois de participar de importantes coberturas, especialmente no universo pol\u00edtico, com reportagens feitas para o <em>Jornal Nacional <\/em>e <em>Fant\u00e1stico<\/em>, Monforte foi promovido a apresentador do <em>Bom dia S\u00e3o Paulo<\/em>, em 1982. No ano seguinte, tornou-se editor-chefe e \u00e2ncora do <em>Bom Dia Brasil<\/em>, telejornal da Globo de alcance nacional.<\/p>\n<p>Nascido em 3 de julho de 1949 em Santos (SP), o jornalista come\u00e7ou sua carreira no jornal local A Tribuna ap\u00f3s se formar pela Faculdade de Comunica\u00e7\u00e3o de Santos. Tamb\u00e9m teve passagem, nos anos 1970, pelo jornal\u00a0Estado de S.Paulo, como rep\u00f3rter especial.<\/p>\n<p><strong>Monforte foi \u00e2ncora do Bom Dia Brasil durante nove anos. <\/strong>Em 1992, deixou a Globo, mas retornou ao canal dois anos como rep\u00f3rter especial do Jornal da Globo. Trabalhou tamb\u00e9m na GloboNews como apresentador do Jornal das Dez. Em 2016, ele deixou novamente as organiza\u00e7\u00f5es Globo.<\/p>\n<p><strong>O Sindicato dos Jornalistas do Distrito Federal divulgou nota de pesar pelo falecimento do jornalista. <\/strong><\/p>\n<p>\u201cO SJPDF solidariza-se com a fam\u00edlia, os amigos e todos os colegas de profiss\u00e3o que tiveram o privil\u00e9gio de conviver com esse profissional exemplar. Monforte deixa um legado de \u00e9tica, compet\u00eancia e dedica\u00e7\u00e3o ao jornalismo \u2014 qualidades que inspiram as novas gera\u00e7\u00f5es da imprensa brasileira. Que sua mem\u00f3ria permane\u00e7a viva como refer\u00eancia para o jornalismo do Distrito Federal e do pa\u00eds\u201d.<\/p>\n<p><strong>O vel\u00f3rio de jornalista acontece nesta ter\u00e7a-feira (1), das 13h \u00e0s 15h, na capela 1 do Cemit\u00e9rio Campo da Esperan\u00e7a.<\/strong><\/p>\n<p>\u00a0<\/p>\n<p>      <!-- Relacionada --><\/p>\n<p>            <!-- Relacionada -->\n    <\/div>\n<p><br \/>\n<br \/><a href=\"https:\/\/agenciabrasil.ebc.com.br\/geral\/noticia\/2026-08\/jornalista-carlos-monforte-morre-aos-77-anos\">Ag\u00eancia Brasil<\/a><\/p>\n","protected":false},"excerpt":{"rendered":"<p>Morreu em Bras\u00edlia, nesta segunda-feira (31), aos 77 anos, o jornalista Carlos Monforte. A fam\u00edlia confirmou a informa\u00e7\u00e3o ao grupo Globo, que divulgou que ele tratava de um c\u00e2ncer. Monforte teve uma longa carreira na Globo, onde foi contratado como rep\u00f3rter em 1978. Depois de participar de importantes coberturas, especialmente no universo pol\u00edtico, com reportagens [&hellip;]<\/p>\n","protected":false},"author":1,"featured_media":35463,"comment_status":"closed","ping_status":"","sticky":false,"template":"","format":"standard","meta":{"footnotes":""},"categories":[15],"tags":[],"class_list":["post-35462","post","type-post","status-publish","format-standard","has-post-thumbnail","hentry","category-geral"],"_links":{"self":[{"href":"https:\/\/diarioalagoas.com.br\/index.php?rest_route=\/wp\/v2\/posts\/35462","targetHints":{"allow":["GET"]}}],"collection":[{"href":"https:\/\/diarioalagoas.com.br\/index.php?rest_route=\/wp\/v2\/posts"}],"about":[{"href":"https:\/\/diarioalagoas.com.br\/index.php?rest_route=\/wp\/v2\/types\/post"}],"author":[{"embeddable":true,"href":"https:\/\/diarioalagoas.com.br\/index.php?rest_route=\/wp\/v2\/users\/1"}],"replies":[{"embeddable":true,"href":"https:\/\/diarioalagoas.com.br\/index.php?rest_route=%2Fwp%2Fv2%2Fcomments&post=35462"}],"version-history":[{"count":0,"href":"https:\/\/diarioalagoas.com.br\/index.php?rest_route=\/wp\/v2\/posts\/35462\/revisions"}],"wp:featuredmedia":[{"embeddable":true,"href":"https:\/\/diarioalagoas.com.br\/index.php?rest_route=\/wp\/v2\/media\/35463"}],"wp:attachment":[{"href":"https:\/\/diarioalagoas.com.br\/index.php?rest_route=%2Fwp%2Fv2%2Fmedia&parent=35462"}],"wp:term":[{"taxonomy":"category","embeddable":true,"href":"https:\/\/diarioalagoas.com.br\/index.php?rest_route=%2Fwp%2Fv2%2Fcategories&post=35462"},{"taxonomy":"post_tag","embeddable":true,"href":"https:\/\/diarioalagoas.com.br\/index.php?rest_route=%2Fwp%2Fv2%2Ftags&post=35462"}],"curies":[{"name":"wp","href":"https:\/\/api.w.org\/{rel}","templated":true}]}}