{"id":35496,"date":"2026-09-01T08:57:34","date_gmt":"2026-09-01T11:57:34","guid":{"rendered":"https:\/\/diarioalagoas.com.br\/?p=35496"},"modified":"2026-09-01T08:57:34","modified_gmt":"2026-09-01T11:57:34","slug":"prefeitura-de-maceio-professores-das-academias-do-povo-celebram","status":"publish","type":"post","link":"https:\/\/diarioalagoas.com.br\/?p=35496","title":{"rendered":"Prefeitura de Macei\u00f3 | Professores das Academias do Povo celebram\u2026"},"content":{"rendered":"<p> <br \/>\n<\/p>\n<div id=\"\">\n<p>Neste 1\u00ba de setembro, Dia do Profissional de Educa\u00e7\u00e3o F\u00edsica, a Prefeitura de Macei\u00f3 destaca o trabalho dos profissionais que atuam nas Academias do Povo e contribuem diariamente para a promo\u00e7\u00e3o da sa\u00fade, do bem-estar e da qualidade de vida da popula\u00e7\u00e3o.<\/p>\n<p>Mais do que orientar exerc\u00edcios, esses profissionais acompanham a evolu\u00e7\u00e3o dos alunos, incentivam a ado\u00e7\u00e3o de h\u00e1bitos saud\u00e1veis e ajudam a transformar vidas por meio da atividade f\u00edsica.<\/p>\n<p>Em Macei\u00f3, cerca de 15 profissionais de Educa\u00e7\u00e3o F\u00edsica atuam nas Academias do Povo, equipamentos p\u00fablicos administrados pela Secretaria de Esportes de Macei\u00f3 (Semesp). Os professores est\u00e3o presentes nas unidades localizadas em bairros da parte alta e tamb\u00e9m da parate baixa da cidade, orientando os alunos durante as atividades.<\/p>\n<div class=\"single-section-box single-section-img single-box-center\">\n<figure>\n<a href=\"https:\/\/cdnpm.dhost.cloud\/imagens\/c_2026-08-31-194125_hdjm.jpeg\" data-fancybox=\"images\"><br \/>\n<img decoding=\"async\" src=\"https:\/\/maceio.al.gov.br\/transform\/imagens\/_845xAUTO_crop_center-center_none\/c_2026-08-31-194125_hdjm.jpeg\" alt=\"Nielson Ribeiro auxiliando a aluna da Academia do Povo em Fern\u00e3o Velho. Foto: Ascom Semesp\"\/><br \/>\n<\/a><figcaption><small class=\"img-credits\">Nielson Ribeiro auxiliando a aluna da Academia do Povo em Fern\u00e3o Velho. Foto: Ascom Semesp<\/small><\/figcaption><\/figure>\n<\/div>\n<p>Um desses profissionais \u00e9 Nielson Ribeiro, professor da Academia do Povo de Fern\u00e3o Velho. Ele conta que decidiu seguir a profiss\u00e3o inspirado nos professores que teve durante a inf\u00e2ncia. \u201cA sensa\u00e7\u00e3o \u00e9 de dever cumprido, porque o esporte transforma vidas e a gente est\u00e1 aqui fazendo a ponte para as pessoas terem qualidade de vida\u201d, destacou Nielson, que se formou em Educa\u00e7\u00e3o F\u00edsica em 2010.<\/p>\n<p>O professor tamb\u00e9m revelou que sempre teve o desejo de trabalhar na pr\u00f3pria comunidade, colaborando com o bem-estar dos moradores. \u201cSempre sonhei em trabalhar na minha comunidade e tentar dar qualidade de vida para a galera. Gra\u00e7as a Deus, a gente est\u00e1 conseguindo isso atrav\u00e9s do apoio da Prefeitura de Macei\u00f3\u201d, afirmou.<\/p>\n<p>Ao falar sobre a data comemorativa, Nielson deixou uma mensagem para os colegas de profiss\u00e3o e para os alunos da Academia do Povo: \u201cGalera, vamos transformar vidas. Parab\u00e9ns, amo voc\u00eas\u201d.<\/p>\n<div class=\"single-section-box single-section-img single-box-center\">\n<figure>\n<a href=\"https:\/\/cdnpm.dhost.cloud\/imagens\/e.jpeg\" data-fancybox=\"images\"><br \/>\n<img decoding=\"async\" src=\"https:\/\/maceio.al.gov.br\/transform\/imagens\/_845xAUTO_crop_center-center_none\/e.jpeg\" alt=\"Neide Cavalcante perdeu quase 20 quilos fazendo atividade f\u00edsica na Academia do Povo de Fern\u00e3o Velho. Foto: Ascom Semesp\"\/><br \/>\n<\/a><figcaption><small class=\"img-credits\">Neide Cavalcante perdeu quase 20 quilos fazendo atividade f\u00edsica na Academia do Povo de Fern\u00e3o Velho. Foto: Ascom Semesp<\/small><\/figcaption><\/figure>\n<\/div>\n<p><strong>Mudan\u00e7a de vida<\/strong><\/p>\n<p>A transforma\u00e7\u00e3o proporcionada pelas atividades f\u00edsicas tamb\u00e9m pode ser percebida na hist\u00f3ria de Durvaneide Cavalcante, aluna de Nielson na Academia do Povo de Fern\u00e3o Velho.<\/p>\n<p>Ela contou que perdeu 17 quilos desde que come\u00e7ou a praticar atividades f\u00edsicas com a orienta\u00e7\u00e3o dos profissionais. \u201cEu estava pesando 89 quilos e perdi 17. Recebi um grande incentivo e instru\u00e7\u00f5es dos professores. Antes eu sentia muitas dores no corpo e minha vida hoje mudou muito\u201d, revelou Neide.<\/p>\n<p>Para a empreendedora, o atendimento oferecido pelos profissionais \u00e9 um dos principais diferenciais da academia. \u201c\u00c9 um trabalho maravilhoso desses profissionais, que nos ajudam a ter uma vida saud\u00e1vel. Eles s\u00e3o muito atenciosos com todos aqui na academia. Tem gente que chega com vergonha, mas depois fica tranquila, porque \u00e9 muito bem tratada por eles\u201d, disse.<\/p>\n<p>Moradora de Fern\u00e3o Velho, Neide reside a cerca de 200 metros da Academia do Povo e afirmou que a proximidade tamb\u00e9m facilita a participa\u00e7\u00e3o nas atividades.<\/p>\n<p><strong>Esporte como inspira\u00e7\u00e3o<\/strong><\/p>\n<p>Na parte baixa de Macei\u00f3, a realidade n\u00e3o \u00e9 diferente. Moradores tamb\u00e9m t\u00eam buscado as Academias do Povo como alternativa para cuidar da sa\u00fade e melhorar a qualidade de vida, contando com a orienta\u00e7\u00e3o de professores e estagi\u00e1rios.<\/p>\n<div class=\"single-section-box single-section-img single-box-left\">\n<figure>\n<a href=\"https:\/\/cdnpm.dhost.cloud\/imagens\/WhatsApp-Image-2026-08-31-at-16.26.40.jpeg\" data-fancybox=\"images\"><br \/>\n<img decoding=\"async\" src=\"https:\/\/maceio.al.gov.br\/transform\/imagens\/_300xAUTO_crop_center-center_none\/WhatsApp-Image-2026-08-31-at-16.26.40.jpeg\" alt=\"Jeferson Lima \u00e9 estagi\u00e1rio da Academia do Povo do Vergel. Foto: Ascom Semesp\"\/><br \/>\n<\/a><figcaption><small class=\"img-credits\">Jeferson Lima \u00e9 estagi\u00e1rio da Academia do Povo do Vergel. Foto: Ascom Semesp<\/small><\/figcaption><\/figure>\n<\/div>\n<p>No Vergel do Lago, o estagi\u00e1rio Jeferson Lima carrega uma rela\u00e7\u00e3o antiga com o esporte. Segundo ele, o contato com as atividades f\u00edsicas desde a adolesc\u00eancia foi determinante para a escolha profissional. \u201cO fato de estar sempre envolvido com atividades f\u00edsicas desde a minha adolesc\u00eancia despertou em mim o interesse em cursar Educa\u00e7\u00e3o F\u00edsica\u201d, afirmou.<\/p>\n<p>Quem tamb\u00e9m reconhece o trabalho desenvolvido na unidade do Vergel do Lago \u00e9 Maria das Dores, aluna da Academia do Povo. \u201cOs professores s\u00e3o maravilhosos. Eu estou treinando aqui por causa deles, pois quando estava caminhando perto e olhei para a academia, um dos professores me chamou para realizar as atividades f\u00edsicas ofertadas pela Secretaria de Esportes de Macei\u00f3. Eles s\u00e3o maravilhosos. Nota mil para todos os professores. Que Deus aben\u00e7oe e eles continuem realizando esse trabalho, com muito carinho\u201d, declarou.<\/p>\n<p><strong>14 Academias do Povo<\/strong><\/p>\n<p>Atualmente, Macei\u00f3 conta com 14 Academias do Povo, distribu\u00eddas em diferentes regi\u00f5es cidade. Cada unidade conta com pelo menos um profissional de Educa\u00e7\u00e3o F\u00edsica formado e dois estagi\u00e1rios por per\u00edodo, garantindo acompanhamento e orienta\u00e7\u00e3o aos alunos.<\/p>\n<p>As atividades acontecem de segunda a sexta-feira, das 5h \u00e0s 9h e das 16h \u00e0s 20h.<\/p>\n<p><strong>Confira a lista de unidades:<\/strong><\/p>\n<p>1. Pontal da Barra<\/p>\n<p>2. Sobral<\/p>\n<p>3. Vergel do Lago<\/p>\n<p>4. Vale do Reginaldo<\/p>\n<p>5. Jati\u00faca<\/p>\n<p>6. Jos\u00e9 Ten\u00f3rio<\/p>\n<p>7. Ouro Preto<\/p>\n<p>8. Salvador Lyra<\/p>\n<p>9. Osman Loureiro<\/p>\n<p>10. Fern\u00e3o Velho<\/p>\n<p>11. Graciliano Ramos<\/p>\n<p>12. S\u00e3o Jorge<\/p>\n<p>13. Jacintinho<\/p>\n<p>14. Feitosa<\/p>\n<div class=\"gabinate\">\n<a href=\"https:\/\/maceio.al.gov.br\/secretarias-e-orgaos\/semesp\">SEMESP<\/a><\/p>\n<h2>Secretaria Municipal de Esporte<\/h2>\n<p><span><\/p>\n<p>Endere\u00e7o: R. Zacarias de Azevedo, 187 &#8211; Centro, Macei\u00f3 &#8211; AL, 57020-470<br \/>Telefone Whatsapp: (82) 8106-4348<br \/>E-mail: <a href=\"https:\/\/maceio.al.gov.br\/cdn-cgi\/l\/email-protection\" class=\"__cf_email__\" data-cfemail=\"a5d5d7cad1cac6cac9cae5d6c0c8c0d6d58bc8c4c6c0ccca8bc4c98bc2cad38bc7d7\">[email\u00a0protected]<\/a><\/p>\n<p><\/span><\/div>\n<\/div>\n<p><script async defer crossorigin=\"anonymous\" src=\"https:\/\/connect.facebook.net\/pt_BR\/sdk.js#xfbml=1&#038;version=v12.0\" nonce=\"0pFl3y7T\"><\/script><br \/>\n<br \/><br \/>\n<br \/><a href=\"https:\/\/maceio.al.gov.br\/noticias\/semesp\/professores-das-academias-do-povo-celebram-transformacao-de-vidas-em-maceio\">Prefeitura de Macei\u00f3 <\/a><\/p>\n","protected":false},"excerpt":{"rendered":"<p>Neste 1\u00ba de setembro, Dia do Profissional de Educa\u00e7\u00e3o F\u00edsica, a Prefeitura de Macei\u00f3 destaca o trabalho dos profissionais que atuam nas Academias do Povo e contribuem diariamente para a promo\u00e7\u00e3o da sa\u00fade, do bem-estar e da qualidade de vida da popula\u00e7\u00e3o. Mais do que orientar exerc\u00edcios, esses profissionais acompanham a evolu\u00e7\u00e3o dos alunos, incentivam [&hellip;]<\/p>\n","protected":false},"author":1,"featured_media":35497,"comment_status":"closed","ping_status":"","sticky":false,"template":"","format":"standard","meta":{"footnotes":""},"categories":[9],"tags":[],"class_list":["post-35496","post","type-post","status-publish","format-standard","has-post-thumbnail","hentry","category-maceio"],"_links":{"self":[{"href":"https:\/\/diarioalagoas.com.br\/index.php?rest_route=\/wp\/v2\/posts\/35496","targetHints":{"allow":["GET"]}}],"collection":[{"href":"https:\/\/diarioalagoas.com.br\/index.php?rest_route=\/wp\/v2\/posts"}],"about":[{"href":"https:\/\/diarioalagoas.com.br\/index.php?rest_route=\/wp\/v2\/types\/post"}],"author":[{"embeddable":true,"href":"https:\/\/diarioalagoas.com.br\/index.php?rest_route=\/wp\/v2\/users\/1"}],"replies":[{"embeddable":true,"href":"https:\/\/diarioalagoas.com.br\/index.php?rest_route=%2Fwp%2Fv2%2Fcomments&post=35496"}],"version-history":[{"count":0,"href":"https:\/\/diarioalagoas.com.br\/index.php?rest_route=\/wp\/v2\/posts\/35496\/revisions"}],"wp:featuredmedia":[{"embeddable":true,"href":"https:\/\/diarioalagoas.com.br\/index.php?rest_route=\/wp\/v2\/media\/35497"}],"wp:attachment":[{"href":"https:\/\/diarioalagoas.com.br\/index.php?rest_route=%2Fwp%2Fv2%2Fmedia&parent=35496"}],"wp:term":[{"taxonomy":"category","embeddable":true,"href":"https:\/\/diarioalagoas.com.br\/index.php?rest_route=%2Fwp%2Fv2%2Fcategories&post=35496"},{"taxonomy":"post_tag","embeddable":true,"href":"https:\/\/diarioalagoas.com.br\/index.php?rest_route=%2Fwp%2Fv2%2Ftags&post=35496"}],"curies":[{"name":"wp","href":"https:\/\/api.w.org\/{rel}","templated":true}]}}