{"id":35506,"date":"2026-09-01T15:47:57","date_gmt":"2026-09-01T18:47:57","guid":{"rendered":"https:\/\/diarioalagoas.com.br\/?p=35506"},"modified":"2026-09-01T15:47:57","modified_gmt":"2026-09-01T18:47:57","slug":"pnd-2026-cartao-de-confirmacao-da-inscricao-sera-divulgado-no-dia-9","status":"publish","type":"post","link":"https:\/\/diarioalagoas.com.br\/?p=35506","title":{"rendered":"PND 2026: cart\u00e3o de confirma\u00e7\u00e3o da inscri\u00e7\u00e3o ser\u00e1 divulgado no dia 9"},"content":{"rendered":"<p> <br \/>\n<\/p>\n<div>\n<p><strong>O cart\u00e3o de confirma\u00e7\u00e3o de inscri\u00e7\u00e3o na\u00a0Prova Nacional Docente (PND) 2026 ser\u00e1 divulgado no pr\u00f3ximo dia 9 pelo Instituto Nacional de Estudos e Pesquisas Educacionais An\u00edsio Teixeira (Inep). <\/strong>A data inicial prevista para publica\u00e7\u00e3o do documento estava marcada para esta segunda-feira (31).<img decoding=\"async\" src=\"https:\/\/agenciabrasil.ebc.com.br\/ebc.png?id=1701261&amp;o=node\" style=\"width:1px; height:1px; display:inline;\"\/><img decoding=\"async\" src=\"https:\/\/agenciabrasil.ebc.com.br\/ebc.gif?id=1701261&amp;o=node\" style=\"width:1px; height:1px; display:inline;\"\/><\/p>\n<p><strong>O documento informa data, hor\u00e1rio e local de aplica\u00e7\u00e3o da prova, n\u00famero de inscri\u00e7\u00e3o, al\u00e9m de indicar, quando for o caso, o atendimento especializado aprovado e uso do nome social. O candidato pode acessar o cart\u00e3o na P\u00e1gina do Participante da Prova Nacional Docente (PND) diretamente pelo <a href=\"https:\/\/pnd.inep.gov.br\/\" target=\"_blank\">Sistema PND<\/a>.<\/strong><\/p>\n<p>A Prova Nacional Docente (PND) \u00e9 um exame anual do Minist\u00e9rio da Educa\u00e7\u00e3o (MEC) para facilitar a contrata\u00e7\u00e3o de professores. As redes p\u00fablicas de ensino podem usar os resultados do certame &#8211;\u00a0chamada de\u00a0Enem dos Professores &#8211;\u00a0em processos seletivos,\u00a0de forma classificat\u00f3ria, eliminat\u00f3ria ou complementar \u00e0 prova pr\u00e1tica. A PND n\u00e3o \u00e9 obrigat\u00f3ria para os professores.<\/p>\n<p>Para orientar os candidatos\u00a0a n\u00e3o perderem\u00a0prazos importantes, o Inep elaborou o <a href=\"http:\/\/\u00a0https:\/\/www.gov.br\/mec\/pt-br\/mais-professores\/arquivos\/GuiaParticPND2026.pdf\" target=\"_blank\">Guia do Participante da Prova Nacional Docente \u2013 2026<\/a>.<\/p>\n<h2>Cronograma<\/h2>\n<p>A retifica\u00e7\u00e3o da nova data de divulga\u00e7\u00e3o do cart\u00e3o de confirma\u00e7\u00e3o da inscri\u00e7\u00e3o\u00a0foi publicada pelo Inep no <a href=\"https:\/\/www.in.gov.br\/web\/dou\/-\/retificacao-728480497\" target=\"_blank\">Di\u00e1rio Oficial da Uni\u00e3o<\/a>. As demais datas do cronograma da PND 2026 est\u00e3o mantidas.<\/p>\n<p><strong>Conforme previsto no\u00a0<a href=\"https:\/\/www.in.gov.br\/en\/web\/dou\/-\/edital-n-67-de-22-de-maio-de-2026-708710229\" target=\"_blank\">edital<\/a> da PND 2026, a aplica\u00e7\u00e3o das provas est\u00e1 marcada para 20 de setembro em todos os estados, no Distrito Federal e nos munic\u00edpios listados no Portal do Inep<\/strong>.<\/p>\n<p>Confira as demais datas do cronograma da PND 2026:<\/p>\n<ul>\n<li>aplica\u00e7\u00e3o da prova: 20 de setembro;<\/li>\n<li>divulga\u00e7\u00e3o dos cadernos de prova, da grade de corre\u00e7\u00e3o da quest\u00e3o discursiva e das vers\u00f5es preliminares dos gabaritos das quest\u00f5es objetivas: 24 de setembro;<\/li>\n<li>recurso da vers\u00e3o preliminar dos gabaritos das quest\u00f5es objetivas: 24 e 25 de setembro;<\/li>\n<li>reaplica\u00e7\u00e3o da prova para casos espec\u00edficos: 18 de outubro;<\/li>\n<li>divulga\u00e7\u00e3o dos cadernos de prova, da grade de corre\u00e7\u00e3o da quest\u00e3o discursiva e das vers\u00f5es preliminares dos gabaritos das quest\u00f5es objetiva: 24 de outubro;<\/li>\n<li>divulga\u00e7\u00e3o da corre\u00e7\u00e3o preliminar da resposta da quest\u00e3o discursiva: 10 de novembro;<\/li>\n<li>recurso da corre\u00e7\u00e3o da resposta da quest\u00e3o discursiva: 10 a 12 de novembro;<\/li>\n<li>divulga\u00e7\u00e3o do resultado final: 15 de dezembro.<\/li>\n<\/ul>\n<h2>Provas<\/h2>\n<p>A avalia\u00e7\u00e3o te\u00f3rica ter\u00e1 como base o Exame Nacional de Desempenho de Estudantes (Enade) das Licenciaturas, que, desde a edi\u00e7\u00e3o de 2024, foca nos cursos de forma\u00e7\u00e3o docente.<\/p>\n<p><strong>A prova, com dura\u00e7\u00e3o total de cinco horas e 30 minutos, ser\u00e1 composta por uma parte de forma\u00e7\u00e3o geral docente, comum aos cursos de todas as \u00e1reas, e outra de componente espec\u00edfico, pr\u00f3prio de cada \u00e1rea de avalia\u00e7\u00e3o das licenciaturas.<\/strong><\/p>\n<p>A parte de forma\u00e7\u00e3o geral docente ter\u00e1 30 quest\u00f5es de m\u00faltipla escolha, envolvendo situa\u00e7\u00f5es-problema e uma quest\u00e3o discursiva que avaliar\u00e1 aspectos como clareza, coer\u00eancia, coes\u00e3o, estrat\u00e9gias argumentativas, vocabul\u00e1rio e gram\u00e1tica adequados \u00e0 norma padr\u00e3o da l\u00edngua portuguesa.<\/p>\n<p>A parte de componente espec\u00edfico de cada \u00e1rea de avalia\u00e7\u00e3o da PND ter\u00e1 50 quest\u00f5es de m\u00faltipla escolha envolvendo situa\u00e7\u00f5es-problema e estudos de caso.<\/p>\n<h2>\u00c1reas da licenciatura<\/h2>\n<p><strong>Nesta edi\u00e7\u00e3o, 21 \u00e1reas da licenciatura ser\u00e3o avaliadas. Em rela\u00e7\u00e3o a 2025, a amplia\u00e7\u00e3o de \u00e1reas da PND em 2026 incluiu as licenciaturas em: teatro, dan\u00e7a, ci\u00eancias naturais e letras e espanhol.<\/strong><\/p>\n<ul>\n<li>artes visuais<\/li>\n<li>ci\u00eancias biol\u00f3gicas (biologia)<\/li>\n<li>ci\u00eancias naturais (ci\u00eancias da natureza)<\/li>\n<li>ci\u00eancias sociais<\/li>\n<li>computa\u00e7\u00e3o<\/li>\n<li>dan\u00e7a<\/li>\n<li>educa\u00e7\u00e3o f\u00edsica<\/li>\n<li>filosofia<\/li>\n<li>f\u00edsica<\/li>\n<li>geografia<\/li>\n<li>hist\u00f3ria<\/li>\n<li>letras espanhol<\/li>\n<li>letras ingl\u00eas<\/li>\n<li>letras portugu\u00eas<\/li>\n<li>letras portugu\u00eas e espanhol<\/li>\n<li>letras portugu\u00eas e ingl\u00eas<\/li>\n<li>matem\u00e1tica<\/li>\n<li>m\u00fasica<\/li>\n<li>pedagogia<\/li>\n<li>qu\u00edmica<\/li>\n<li>teatro<\/li>\n<\/ul>\n<h2>PND<\/h2>\n<p>A Prova Nacional Docente, al\u00e9m de estimular a realiza\u00e7\u00e3o de concursos p\u00fablicos nas redes p\u00fablicas de ensino, tem os objetivos de melhorar a qualidade dos processos seletivos para professores, e, tamb\u00e9m, induzir o aumento de professores qualificados no magist\u00e9rio p\u00fablico.<\/p>\n<p>A iniciativa federal voltada aos licenciados integra o programa\u00a0<a href=\"https:\/\/www.gov.br\/mec\/pt-br\/mais-professores\" target=\"_blank\">Mais Professores<\/a>\u00a0para o Brasil que re\u00fane a\u00e7\u00f5es integradas para promover a valoriza\u00e7\u00e3o e a qualifica\u00e7\u00e3o do magist\u00e9rio da educa\u00e7\u00e3o b\u00e1sica e o incentivo \u00e0 doc\u00eancia no Brasil.<\/p>\n<p>      <!-- Relacionada --><\/p>\n<p>            <!-- Relacionada -->\n    <\/div>\n<p><br \/>\n<br \/><a href=\"https:\/\/agenciabrasil.ebc.com.br\/educacao\/noticia\/2026-09\/pnd-2026-cartao-de-confirmacao-da-inscricao-sera-divulgado-no-dia-9\">Ag\u00eancia Brasil<\/a><\/p>\n","protected":false},"excerpt":{"rendered":"<p>O cart\u00e3o de confirma\u00e7\u00e3o de inscri\u00e7\u00e3o na\u00a0Prova Nacional Docente (PND) 2026 ser\u00e1 divulgado no pr\u00f3ximo dia 9 pelo Instituto Nacional de Estudos e Pesquisas Educacionais An\u00edsio Teixeira (Inep). A data inicial prevista para publica\u00e7\u00e3o do documento estava marcada para esta segunda-feira (31). O documento informa data, hor\u00e1rio e local de aplica\u00e7\u00e3o da prova, n\u00famero de [&hellip;]<\/p>\n","protected":false},"author":1,"featured_media":35507,"comment_status":"closed","ping_status":"","sticky":false,"template":"","format":"standard","meta":{"footnotes":""},"categories":[13],"tags":[],"class_list":["post-35506","post","type-post","status-publish","format-standard","has-post-thumbnail","hentry","category-educacao"],"_links":{"self":[{"href":"https:\/\/diarioalagoas.com.br\/index.php?rest_route=\/wp\/v2\/posts\/35506","targetHints":{"allow":["GET"]}}],"collection":[{"href":"https:\/\/diarioalagoas.com.br\/index.php?rest_route=\/wp\/v2\/posts"}],"about":[{"href":"https:\/\/diarioalagoas.com.br\/index.php?rest_route=\/wp\/v2\/types\/post"}],"author":[{"embeddable":true,"href":"https:\/\/diarioalagoas.com.br\/index.php?rest_route=\/wp\/v2\/users\/1"}],"replies":[{"embeddable":true,"href":"https:\/\/diarioalagoas.com.br\/index.php?rest_route=%2Fwp%2Fv2%2Fcomments&post=35506"}],"version-history":[{"count":0,"href":"https:\/\/diarioalagoas.com.br\/index.php?rest_route=\/wp\/v2\/posts\/35506\/revisions"}],"wp:featuredmedia":[{"embeddable":true,"href":"https:\/\/diarioalagoas.com.br\/index.php?rest_route=\/wp\/v2\/media\/35507"}],"wp:attachment":[{"href":"https:\/\/diarioalagoas.com.br\/index.php?rest_route=%2Fwp%2Fv2%2Fmedia&parent=35506"}],"wp:term":[{"taxonomy":"category","embeddable":true,"href":"https:\/\/diarioalagoas.com.br\/index.php?rest_route=%2Fwp%2Fv2%2Fcategories&post=35506"},{"taxonomy":"post_tag","embeddable":true,"href":"https:\/\/diarioalagoas.com.br\/index.php?rest_route=%2Fwp%2Fv2%2Ftags&post=35506"}],"curies":[{"name":"wp","href":"https:\/\/api.w.org\/{rel}","templated":true}]}}