{"id":35510,"date":"2026-09-01T16:25:35","date_gmt":"2026-09-01T19:25:35","guid":{"rendered":"https:\/\/diarioalagoas.com.br\/?p=35510"},"modified":"2026-09-01T16:25:35","modified_gmt":"2026-09-01T19:25:35","slug":"anpd-recebe-contribuicoes-para-agenda-regulatoria-2027-2028","status":"publish","type":"post","link":"https:\/\/diarioalagoas.com.br\/?p=35510","title":{"rendered":"ANPD recebe contribui\u00e7\u00f5es para agenda regulat\u00f3ria 2027-2028"},"content":{"rendered":"<p> <br \/>\n<\/p>\n<div>\n<p>A Ag\u00eancia Nacional de Prote\u00e7\u00e3o de Dados (ANPD) abriu, nesta ter\u00e7a-feira (1), o prazo para que os interessados enviem <strong>sugest\u00f5es e contribui\u00e7\u00f5es para a elabora\u00e7\u00e3o da agenda regulat\u00f3ria do setor para os pr\u00f3ximos dois anos (2027-2028)<\/strong>.<img decoding=\"async\" src=\"https:\/\/agenciabrasil.ebc.com.br\/ebc.png?id=1701236&amp;o=node\" style=\"width:1px; height:1px; display:inline;\"\/><img decoding=\"async\" src=\"https:\/\/agenciabrasil.ebc.com.br\/ebc.gif?id=1701236&amp;o=node\" style=\"width:1px; height:1px; display:inline;\"\/><\/p>\n<p>Os subs\u00eddios tamb\u00e9m ajudar\u00e3o a ag\u00eancia reguladora respons\u00e1vel por zelar pela prote\u00e7\u00e3o de dados pessoais e fiscalizar a correta aplica\u00e7\u00e3o do <a href=\"https:\/\/www.in.gov.br\/en\/web\/dou\/-\/lei-n-15.211-de-17-de-setembro-de-2025-656579619\" target=\"_blank\">Estatuto Digital da Crian\u00e7a e do Adolescente (ECA Digital)<\/a>\u00a0a preparar sua Agenda de Avalia\u00e7\u00e3o de Resultado Regulat\u00f3rio 2027-2030.<\/p>\n<p>Pesquisadores, empresas, organiza\u00e7\u00f5es da sociedade civil, institui\u00e7\u00f5es p\u00fablicas e cidad\u00e3os interessados no tema podem enviar suas contribui\u00e7\u00f5es at\u00e9 16 de outubro, pela <a href=\"https:\/\/brasilparticipativo.presidencia.gov.br\/processes?filter%5Bwith_area%5D=&amp;filter%5Bwith_date%5D=all&amp;filter%5Bwith_scope%5D=&amp;filter%5Bwith_type%5D=1\" target=\"_blank\">plataforma Brasil Participativo<\/a>.<\/p>\n<p><strong>A agenda regulat\u00f3ria da ANPD re\u00fane os temas priorit\u00e1rios para a elabora\u00e7\u00e3o de regulamentos e orienta\u00e7\u00f5es, al\u00e9m de metas e prazos a serem observados em cada projeto de regulamenta\u00e7\u00e3o, sendo considerado o principal instrumento de planejamento da atua\u00e7\u00e3o da ag\u00eancia.<\/strong><\/p>\n<p>Entre os eixos tem\u00e1ticos sugeridos para o pr\u00f3ximo bi\u00eanio destacam-se a promo\u00e7\u00e3o de um ambiente digital seguro, principalmente para crian\u00e7as, adolescentes e mulheres.\u00a0<\/p>\n<p>As a\u00e7\u00f5es desse eixo tem\u00e1tico ser\u00e3o voltadas \u00e0 supervis\u00e3o por pais e cuidadores; padr\u00f5es de design seguro por parte das plataformas digitais; uso de intelig\u00eancia artificial por crian\u00e7as e adolescentes; transpar\u00eancia e presta\u00e7\u00e3o de contas das plataformas, al\u00e9m de combate \u00e0 gera\u00e7\u00e3o de conte\u00fados il\u00edcitos por ferramentas de intelig\u00eancia artificial. Tamb\u00e9m integra a proposta o eixo de privacidade e prote\u00e7\u00e3o de dados pessoais<\/p>\n<p>De acordo com a <a href=\"https:\/\/www.in.gov.br\/en\/web\/dou\/-\/portaria-n-16-de-8-de-julho-de-2021-3309702410\" target=\"_blank\">Portaria n\u00ba 16\/202<\/a>, a agenda regulat\u00f3ria deve ser aprovada at\u00e9 1\u00aa de fevereiro de seu primeiro ano de vig\u00eancia, neste caso, 2027.<\/p>\n<h2>Agenda<\/h2>\n<p>A Agenda de Avalia\u00e7\u00e3o de Resultado Regulat\u00f3rio regula a aferi\u00e7\u00e3o dos resultados alcan\u00e7ados no per\u00edodo e seus efeitos para a sociedade. <strong>Entre os normativos previstos para avalia\u00e7\u00e3o est\u00e3o o Regulamento de Transfer\u00eancia Internacional de Dados e o Guia Orientativo sobre Mecanismos de Aferi\u00e7\u00e3o de Idade<\/strong>, permitindo que a ag\u00eancia produza evid\u00eancias para aperfei\u00e7oar sua atua\u00e7\u00e3o regulat\u00f3ria e fortalecer a efetividade de suas decis\u00f5es.<\/p>\n<p>Mais informa\u00e7\u00f5es e documentos sobre as iniciativas regulat\u00f3rias em andamento podem ser acessadas na <a href=\"https:\/\/www.gov.br\/anpd\/pt-br\/assuntos\/regulacao\" target=\"_blank\">p\u00e1gina de Regula\u00e7\u00e3o da ANPD<\/a>\u00a0e no acompanhamento da <a href=\"https:\/\/www.gov.br\/anpd\/pt-br\/assuntos\/regulacao\/agenda-regulatoria-1?activeAccordion=ae7cc106-7a8d-4fd0-8bda-fabb5d8b2996\" target=\"_blank\">Agenda Regulat\u00f3ria 2025-2026<\/a>, ambos dispon\u00edveis no <a href=\"https:\/\/www.gov.br\/anpd\/pt-br\" target=\"_blank\">portal da ag\u00eancia<\/a>.\u00a0<\/p>\n<p>      <!-- Relacionada --><\/p>\n<p>            <!-- Relacionada -->\n    <\/div>\n<p><br \/>\n<br \/><a href=\"https:\/\/agenciabrasil.ebc.com.br\/geral\/noticia\/2026-09\/anpd-recebe-contribuicoes-para-agenda-regulatoria-2027-2028\">Ag\u00eancia Brasil<\/a><\/p>\n","protected":false},"excerpt":{"rendered":"<p>A Ag\u00eancia Nacional de Prote\u00e7\u00e3o de Dados (ANPD) abriu, nesta ter\u00e7a-feira (1), o prazo para que os interessados enviem sugest\u00f5es e contribui\u00e7\u00f5es para a elabora\u00e7\u00e3o da agenda regulat\u00f3ria do setor para os pr\u00f3ximos dois anos (2027-2028). Os subs\u00eddios tamb\u00e9m ajudar\u00e3o a ag\u00eancia reguladora respons\u00e1vel por zelar pela prote\u00e7\u00e3o de dados pessoais e fiscalizar a correta [&hellip;]<\/p>\n","protected":false},"author":1,"featured_media":35511,"comment_status":"closed","ping_status":"","sticky":false,"template":"","format":"standard","meta":{"footnotes":""},"categories":[15],"tags":[],"class_list":["post-35510","post","type-post","status-publish","format-standard","has-post-thumbnail","hentry","category-geral"],"_links":{"self":[{"href":"https:\/\/diarioalagoas.com.br\/index.php?rest_route=\/wp\/v2\/posts\/35510","targetHints":{"allow":["GET"]}}],"collection":[{"href":"https:\/\/diarioalagoas.com.br\/index.php?rest_route=\/wp\/v2\/posts"}],"about":[{"href":"https:\/\/diarioalagoas.com.br\/index.php?rest_route=\/wp\/v2\/types\/post"}],"author":[{"embeddable":true,"href":"https:\/\/diarioalagoas.com.br\/index.php?rest_route=\/wp\/v2\/users\/1"}],"replies":[{"embeddable":true,"href":"https:\/\/diarioalagoas.com.br\/index.php?rest_route=%2Fwp%2Fv2%2Fcomments&post=35510"}],"version-history":[{"count":0,"href":"https:\/\/diarioalagoas.com.br\/index.php?rest_route=\/wp\/v2\/posts\/35510\/revisions"}],"wp:featuredmedia":[{"embeddable":true,"href":"https:\/\/diarioalagoas.com.br\/index.php?rest_route=\/wp\/v2\/media\/35511"}],"wp:attachment":[{"href":"https:\/\/diarioalagoas.com.br\/index.php?rest_route=%2Fwp%2Fv2%2Fmedia&parent=35510"}],"wp:term":[{"taxonomy":"category","embeddable":true,"href":"https:\/\/diarioalagoas.com.br\/index.php?rest_route=%2Fwp%2Fv2%2Fcategories&post=35510"},{"taxonomy":"post_tag","embeddable":true,"href":"https:\/\/diarioalagoas.com.br\/index.php?rest_route=%2Fwp%2Fv2%2Ftags&post=35510"}],"curies":[{"name":"wp","href":"https:\/\/api.w.org\/{rel}","templated":true}]}}