{"id":35516,"date":"2026-09-01T17:20:45","date_gmt":"2026-09-01T20:20:45","guid":{"rendered":"https:\/\/diarioalagoas.com.br\/?p=35516"},"modified":"2026-09-01T17:20:45","modified_gmt":"2026-09-01T20:20:45","slug":"prefeitura-de-maceio-abordagem-social-promove-busca-ativa-no-centro","status":"publish","type":"post","link":"https:\/\/diarioalagoas.com.br\/?p=35516","title":{"rendered":"Prefeitura de Macei\u00f3 | Abordagem Social promove busca ativa no Centro\u2026"},"content":{"rendered":"<p> <br \/>\n<\/p>\n<div id=\"\">\n<p><span>O Servi\u00e7o Especializado em Abordagem Social (Seas) da Secretaria de Desenvolvimento Social de Macei\u00f3 (Semdes) promoveu mais uma a\u00e7\u00e3o de busca ativa nesta ter\u00e7a-feira (1\u00ba), na Avenida da Paz, em frente \u00e0s lojas Americanas, oferecendo os servi\u00e7os de Assist\u00eancia Social, e \u00a0acolhimento em abrigos da capital para as pessoas em situa\u00e7\u00e3o de rua encontradas no local.<\/span><\/p>\n<p><span>Semanalmente, as equipes de Abordagem Social visitam a regi\u00e3o para oferecer atendimento imediato e acolhimento, visando construir um processo para a sa\u00edda das ruas, por meio da rede de servi\u00e7os socioassistenciais e das demais pol\u00edticas p\u00fablicas setoriais do munic\u00edpio de Macei\u00f3.<\/span><\/p>\n<p><span>A t\u00e9cnica de refer\u00eancia da Abordagem Social, Janete Pituba, acompanhou a equipe na manh\u00e3 desta ter\u00e7a-feira. \u201cOfertamos acolhimento institucional, mas n\u00e3o aceitaram. Recebemos demanda para retirada de documenta\u00e7\u00e3o civil, e vamos atender. Eles frequentam o Centro Pop e fazem as refei\u00e7\u00f5es l\u00e1, todos os dias. Como eles <\/span>tamb\u00e9m <span> t\u00eam \u00e0 disposi\u00e7\u00e3o os servi\u00e7os da rede socioassistencial ofertados pela unidade. No local, tamb\u00e9m tem espa\u00e7o para guarda de pertences, de higiene pessoal, e alimenta\u00e7\u00e3o\u201d, explicou a assistente social.<\/span><\/p>\n<div class=\"single-section-box single-section-img single-box-center\">\n<figure>\n<a href=\"https:\/\/cdnpm.dhost.cloud\/imagens\/01-09-2026-Abordagem-Social-Centro-5.jpeg\" data-fancybox=\"images\"><br \/>\n<img decoding=\"async\" src=\"https:\/\/maceio.al.gov.br\/transform\/imagens\/_845xAUTO_crop_center-center_none\/01-09-2026-Abordagem-Social-Centro-5.jpeg\" alt=\"Semanalmente,  equipes de Abordagem Social visitam regi\u00e3o do Centro. Foto: Cortesia\"\/><br \/>\n<\/a><figcaption><small class=\"img-credits\">Semanalmente,  equipes de Abordagem Social visitam regi\u00e3o do Centro. Foto: Cortesia<\/small><\/figcaption><\/figure>\n<\/div>\n<p><span>O trabalho do Seas \u00e9 feito em todas as \u00e1reas da capital, mas os servi\u00e7os da Assist\u00eancia Social s\u00e3o diversas vezes rejeitados por uma parte da popula\u00e7\u00e3o em situa\u00e7\u00e3o de rua. Para o atendimento deste p\u00fablico, o munic\u00edpio de Macei\u00f3 mant\u00e9m abrigos em bairros da parte baixa e tamb\u00e9m da parte alta da cidade.<\/span><\/p>\n<p><span>As pessoas em situa\u00e7\u00e3o de rua tamb\u00e9m s\u00e3o assistidas pelos Centros Pop, localizados no Centro, Prado e Benedito Bentes, que embora n\u00e3o ofere\u00e7am abrigo, as unidades promovem <\/span>atendimentos individuais e coletivos, oficinas e atividades de conv\u00edvio e socializa\u00e7\u00e3o, al\u00e9m de a\u00e7\u00f5es que incentivem o protagonismo e a participa\u00e7\u00e3o social das pessoas em situa\u00e7\u00e3o de rua.<\/p>\n<p>Os espa\u00e7os tamb\u00e9m funcionam como ponto de apoio para pessoas que moram e\/ou sobrevivem nas ruas. Deve promover o acesso a espa\u00e7os de guarda de pertences, de higiene pessoal, de alimenta\u00e7\u00e3o e provis\u00e3o de documenta\u00e7\u00e3o.<\/p>\n<p><span>\u00a0<strong>Seas<\/strong><\/span><\/p>\n<p><span>O Servi\u00e7o Especializado em Abordagem Social \u00e9 formado por equipes de educadores sociais que identificam fam\u00edlias e indiv\u00edduos em situa\u00e7\u00e3o de risco pessoal e social em espa\u00e7os p\u00fablicos, em situa\u00e7\u00e3o de rua, trabalho infantil, explora\u00e7\u00e3o sexual de crian\u00e7as e adolescentes, uso abusivo de crack e outras drogas.<\/span><\/p>\n<p><span>O Seas possui equipes que funcionam nos Centros de Refer\u00eancia Especializado para a Popula\u00e7\u00e3o em Situa\u00e7\u00e3o de Rua (Centro Pops) de segunda a sexta, das 8h \u00e0s 16h. Os plant\u00f5es do Seas s\u00e3o de segunda a segunda, das 17h \u00e0s 22h.<\/span><\/p>\n<p><span>Os canais de comunica\u00e7\u00e3o est\u00e3o ativos e qualquer cidad\u00e3o pode entrar em contato com o servi\u00e7o por mensagem de texto no aplicativo pelo do n\u00famero <strong>(82) 9 8882-8085<\/strong>\u00a0para tirar d\u00favidas, receber orienta\u00e7\u00f5es e fazer den\u00fancias de viola\u00e7\u00e3o de direitos de pessoas em situa\u00e7\u00e3o de rua e vulnerabilidade social, e ainda pelo e-mail\u00a0<a href=\"http:\/\/maceio.al.gov.br\/cdn-cgi\/l\/email-protection#8cffe9edffe1edefe9e5e3ccebe1ede5e0a2efe3e1\"><span class=\"__cf_email__\" data-cfemail=\"16657377657b7775737f7956717b777f7a3875797b\">[email\u00a0protected]<\/span><\/a>.<\/span><\/p>\n<div class=\"gabinate\">\n<a href=\"https:\/\/maceio.al.gov.br\/secretarias-e-orgaos\/semdes\">SEMDES<\/a><\/p>\n<h2>Secretaria Municipal de Desenvolvimento Social, Primeira Inf\u00e2ncia e Seguran\u00e7a Alimentar<\/h2>\n<p><span><\/p>\n<p>Avenida Comendador Le\u00e3o, 1.383 &#8211; Po\u00e7o<br \/>CEP 57025-000 \/\/ Telefone: (82) 3312-5900<br \/>Hor\u00e1rio de atendimento: segunda a sexta, de 8h \u00e0s 14h<\/p>\n<p><\/span><\/div>\n<\/div>\n<p><script async defer crossorigin=\"anonymous\" src=\"https:\/\/connect.facebook.net\/pt_BR\/sdk.js#xfbml=1&#038;version=v12.0\" nonce=\"0pFl3y7T\"><\/script><br \/>\n<br \/><br \/>\n<br \/><a href=\"https:\/\/maceio.al.gov.br\/noticias\/semdes\/abordagem-social-promove-busca-ativa-no-centro-e-oferece-acolhimento-a-pessoas-em-situacao-de-rua-em-maceio\">Prefeitura de Macei\u00f3 <\/a><\/p>\n","protected":false},"excerpt":{"rendered":"<p>O Servi\u00e7o Especializado em Abordagem Social (Seas) da Secretaria de Desenvolvimento Social de Macei\u00f3 (Semdes) promoveu mais uma a\u00e7\u00e3o de busca ativa nesta ter\u00e7a-feira (1\u00ba), na Avenida da Paz, em frente \u00e0s lojas Americanas, oferecendo os servi\u00e7os de Assist\u00eancia Social, e \u00a0acolhimento em abrigos da capital para as pessoas em situa\u00e7\u00e3o de rua encontradas no [&hellip;]<\/p>\n","protected":false},"author":1,"featured_media":35517,"comment_status":"closed","ping_status":"","sticky":false,"template":"","format":"standard","meta":{"footnotes":""},"categories":[9],"tags":[],"class_list":["post-35516","post","type-post","status-publish","format-standard","has-post-thumbnail","hentry","category-maceio"],"_links":{"self":[{"href":"https:\/\/diarioalagoas.com.br\/index.php?rest_route=\/wp\/v2\/posts\/35516","targetHints":{"allow":["GET"]}}],"collection":[{"href":"https:\/\/diarioalagoas.com.br\/index.php?rest_route=\/wp\/v2\/posts"}],"about":[{"href":"https:\/\/diarioalagoas.com.br\/index.php?rest_route=\/wp\/v2\/types\/post"}],"author":[{"embeddable":true,"href":"https:\/\/diarioalagoas.com.br\/index.php?rest_route=\/wp\/v2\/users\/1"}],"replies":[{"embeddable":true,"href":"https:\/\/diarioalagoas.com.br\/index.php?rest_route=%2Fwp%2Fv2%2Fcomments&post=35516"}],"version-history":[{"count":0,"href":"https:\/\/diarioalagoas.com.br\/index.php?rest_route=\/wp\/v2\/posts\/35516\/revisions"}],"wp:featuredmedia":[{"embeddable":true,"href":"https:\/\/diarioalagoas.com.br\/index.php?rest_route=\/wp\/v2\/media\/35517"}],"wp:attachment":[{"href":"https:\/\/diarioalagoas.com.br\/index.php?rest_route=%2Fwp%2Fv2%2Fmedia&parent=35516"}],"wp:term":[{"taxonomy":"category","embeddable":true,"href":"https:\/\/diarioalagoas.com.br\/index.php?rest_route=%2Fwp%2Fv2%2Fcategories&post=35516"},{"taxonomy":"post_tag","embeddable":true,"href":"https:\/\/diarioalagoas.com.br\/index.php?rest_route=%2Fwp%2Fv2%2Ftags&post=35516"}],"curies":[{"name":"wp","href":"https:\/\/api.w.org\/{rel}","templated":true}]}}