{"id":35546,"date":"2026-09-02T12:44:19","date_gmt":"2026-09-02T15:44:19","guid":{"rendered":"https:\/\/diarioalagoas.com.br\/?p=35546"},"modified":"2026-09-02T12:44:19","modified_gmt":"2026-09-02T15:44:19","slug":"lencol-limpo-com-cheiro-forte-de-guardado-apos-semanas-no-armario-indica-umidade-residual-nas-fibras-e-proliferacao-de-esporos-em-ar-confinado","status":"publish","type":"post","link":"https:\/\/diarioalagoas.com.br\/?p=35546","title":{"rendered":"Len\u00e7ol limpo com cheiro forte de guardado ap\u00f3s semanas no arm\u00e1rio indica umidade residual nas fibras e prolifera\u00e7\u00e3o de esporos em ar confinado"},"content":{"rendered":"<p> <br \/>\n<\/p>\n<div>\n<div style=\"background:#f0fdfa;border:1px solid #e2e8f0;border-radius:16px;padding:24px 28px;margin:24px 0;box-shadow:0 4px 16px rgba(0,0,0,.08);font-family:-apple-system,sans-serif;\">\n<p>Resumo<\/p>\n<p><span style=\"font-size:18px;\">\ud83e\uddea<\/span><span style=\"color:#334155;font-size:15px;line-height:1.6;\"><strong>Causa biol\u00f3gica:<\/strong> O cheiro caracter\u00edstico decorre da libera\u00e7\u00e3o de compostos org\u00e2nicos vol\u00e1teis microbianos (MVOCs) produzidos por fungos como <em>Aspergillus<\/em> e <em>Penicillium<\/em>.<\/span><\/p>\n<p><span style=\"font-size:18px;\">\ud83d\udca7<\/span><span style=\"color:#334155;font-size:15px;line-height:1.6;\"><strong>Gatilho f\u00edsico:<\/strong> Umidade relativa do ar acima de <strong>60%<\/strong> e res\u00edduos de amaciante retidos nas fibras criam o meio ideal para a germina\u00e7\u00e3o de esporos.<\/span><\/p>\n<p><span style=\"font-size:18px;\">\ud83d\udee1\ufe0f<\/span><span style=\"color:#334155;font-size:15px;line-height:1.6;\"><strong>Solu\u00e7\u00e3o imediata:<\/strong> Lavagem com vinagre de \u00e1lcool, secagem completa sem umidade residual e uso de dessecantes de cloreto de c\u00e1lcio nas prateleiras.<\/span><\/p>\n<\/div>\n<p>A cena se repete em muitos lares: o jogo de cama foi lavado, centrifugado, passado e guardado dobrado com todo o cuidado no maleiro ou na gaveta mais alta. Ao retirar a pe\u00e7a para trocar a cama semanas depois, o perfume da lavanderia desapareceu, dando lugar a um odor pesado e abafado.<\/p>\n<h2 class=\"wp-block-heading\">Por que a roupa de cama limpa desenvolve cheiro de mofo dentro do arm\u00e1rio fechado?<\/h2>\n<p>O cheiro cl\u00e1ssico de \u201cguardado\u201d ou mofo n\u00e3o \u00e9 apenas ar estagnado; trata-se de um subproduto qu\u00edmico direto do metabolismo f\u00fangico. Quando esporos suspensos no ar encontram umidade, oxig\u00eanio e mat\u00e9ria org\u00e2nica, eles germinam e emitem compostos org\u00e2nicos vol\u00e1teis microbianos, conhecidos tecnicamente pela sigla <strong>MVOCs<\/strong>.<\/p>\n<p>Esp\u00e9cies comuns no ambiente dom\u00e9stico, como <em>Aspergillus niger<\/em>, <em>Penicillium<\/em> e <em>Cladosporium<\/em>, utilizam res\u00edduos microsc\u00f3picos presentes nas tramas do algod\u00e3o e do poli\u00e9ster para se multiplicar. Subst\u00e2ncias como o <strong>geosmina<\/strong> e o <strong>1-octen-3-ol<\/strong> s\u00e3o liberadas durante essa digest\u00e3o celular, produzindo o odor terroso caracter\u00edstico percept\u00edvel pelo olfato humano mesmo em concentra\u00e7\u00f5es \u00ednfimas.<\/p>\n<div class=\"wp-block-image\">\n<figure class=\"aligncenter size-large\"><img fetchpriority=\"high\" decoding=\"async\" width=\"1024\" height=\"572\" src=\"https:\/\/www.uai.com.br\/wp-content\/uploads\/2026\/08\/Homeowner_inspecting_bedsheets_i\u2026_202608311824-1024x572.jpeg\" alt=\"Pessoa inspecionando len\u00e7ol de algod\u00e3o dobrado dentro de guarda-roupa aberto com ilumina\u00e7\u00e3o natural.\" class=\"wp-image-171116\"\/><figcaption class=\"wp-element-caption\">Inspe\u00e7\u00e3o peri\u00f3dica de tecidos guardados ajuda a identificar umidade e odores logo no in\u00edcio \u2014 Cr\u00e9ditos: Imagem gerada por IA<\/figcaption><\/figure>\n<\/div>\n<h2 class=\"wp-block-heading\">Quais fatores aceleram a prolifera\u00e7\u00e3o de fungos nos tecidos guardados?<\/h2>\n<p>A prolifera\u00e7\u00e3o f\u00fangica em roupas de cama armazenadas raramente decorre de uma causa isolada. Na maioria dos casos, quatro vari\u00e1veis trabalham em conjunto para degradar a qualidade do ar no interior do mobili\u00e1rio:<\/p>\n<p><strong>1. Umidade residual de secagem:<\/strong> Tecidos grossos, como mantas de microfibra, edredons de penas ou len\u00e7\u00f3is de percal 400 fios, parecem secos ao toque superficial, mas ret\u00eam entre <strong>5% e 12%<\/strong> de umidade nas camadas internas da fibra se retirados precocemente do varal ou da secadora.<\/p>\n<p><strong>2. Pel\u00edcula de amaciante convencional:<\/strong> Amaciantes tradicionais cont\u00eam sais quatern\u00e1rios de am\u00f4nio e bases gordurosas que encapam as fibras t\u00eaxteis. Esse filme hidrof\u00f3bico ret\u00e9m umidade no n\u00facleo do fio e serve de substrato nutritivo para a prolifera\u00e7\u00e3o microbiana ao longo dos meses.<\/p>\n<p><strong>3. Pontes t\u00e9rmicas e condensa\u00e7\u00e3o na alvenaria:<\/strong> Arm\u00e1rios colados a paredes externas ou divis\u00f3rias de banheiros sofrem com a troca de calor. A diferen\u00e7a de temperatura entre a alvenaria fria e o ar quente do quarto gera microcondensa\u00e7\u00e3o na chapa traseira do m\u00f3vel (MDF ou MDP).<\/p>\n<p><strong>4. Umidade relativa do ar elevada:<\/strong> Segundo as diretrizes da <a href=\"https:\/\/www.epa.gov\/mold\/brief-guide-mold-moisture-and-your-home\" target=\"_blank\" rel=\"noopener\">EPA (Ag\u00eancia de Prote\u00e7\u00e3o Ambiental dos EUA)<\/a>, manter a umidade relativa interna entre <strong>30% e 50%<\/strong> (e rigorosamente abaixo de <strong>60%<\/strong>) \u00e9 o par\u00e2metro fundamental para impedir o crescimento de fungos em ambientes internos.<\/p>\n<div style=\"background:#f0fdfa;border:1px solid #e1e5eb;border-radius:12px;padding:28px 28px 22px;margin:32px 0;font-family:-apple-system,sans-serif;\">\n<p>Fatores Cr\u00edticos do Armazenamento T\u00eaxtil<\/p>\n<div style=\"display:grid;grid-template-columns:repeat(3,1fr);gap:18px;\">\n<div style=\"background:#fff;border:1px solid #e1e5eb;border-top:3px solid #0f766e;border-radius:12px;padding:24px 20px;box-shadow:0 2px 8px rgba(0,0,0,.06);\">\n<p>\ud83d\udcca<\/p>\n<p>DADO T\u00c9CNICO<\/p>\n<p>Umidade Cr\u00edtica<\/p>\n<p>Esporos f\u00fangicos germinam em menos de <strong>48 horas<\/strong> quando a umidade relativa do ar confinado ultrapassa <strong>60%<\/strong>.<\/p>\n<\/p><\/div>\n<div style=\"background:#fff;border:1px solid #e1e5eb;border-top:3px solid #0f766e;border-radius:12px;padding:24px 20px;box-shadow:0 2px 8px rgba(0,0,0,.06);\">\n<p>\ud83c\udfdb\ufe0f<\/p>\n<p>NORMA OFICIAL<\/p>\n<p>Padr\u00e3o EPA<\/p>\n<p>Recomenda controle estrito da umidade em interiores entre <strong>30% e 50%<\/strong> para preven\u00e7\u00e3o de col\u00f4nias ativas.<\/p>\n<\/p><\/div>\n<div style=\"background:#fff;border:1px solid #e1e5eb;border-top:3px solid #0f766e;border-radius:12px;padding:24px 20px;box-shadow:0 2px 8px rgba(0,0,0,.06);\">\n<p>\u26a0\ufe0f<\/p>\n<p>SINAL DE RISCO<\/p>\n<p>Manchas Amareladas<\/p>\n<p>Pigmenta\u00e7\u00f5es pontuais indicam oxida\u00e7\u00e3o lip\u00eddica e atividade f\u00fangica avan\u00e7ada j\u00e1 degradando a celulose.<\/p>\n<\/p><\/div>\n<\/p><\/div>\n<\/div>\n<h2 class=\"wp-block-heading\">Como eliminar o odor e proteger os len\u00e7\u00f3is de novas contamina\u00e7\u00f5es?<\/h2>\n<p>Para recuperar as pe\u00e7as atingidas e impedir a reincid\u00eancia, a rotina de lavagem e organiza\u00e7\u00e3o precisa neutralizar tanto a carga biol\u00f3gica quanto o excesso higrom\u00e9trico do m\u00f3vel:<\/p>\n<p><strong>Passo 1 \u2014 Pr\u00e9-lavagem \u00e1cida desincrustante:<\/strong> Lave a roupa de cama adicionando <strong>100 ml de vinagre de \u00e1lcool 4%<\/strong> no compartimento de amaciante da m\u00e1quina. O \u00e1cido ac\u00e9tico dissolve os res\u00edduos gordurosos acumulados e reduz o pH da fibra, inibindo o desenvolvimento bacteriano e f\u00fangico sem danificar o tecido.<\/p>\n<p><strong>Passo 2 \u2014 Secagem em esturricamento:<\/strong> Garanta que as pe\u00e7as fiquem expostas \u00e0 ventila\u00e7\u00e3o cruzada ou sol at\u00e9 secarem 100%. Ao passar a ferro, espere as pe\u00e7as esfriarem completamente antes de dobrar \u2014 guardar tecidos quentes gera condensa\u00e7\u00e3o imediata nas gavetas.<\/p>\n<p><strong>Passo 3 \u2014 Desinfec\u00e7\u00e3o f\u00edsica do arm\u00e1rio:<\/strong> Esvazie as prateleiras e higienize a madeira com uma solu\u00e7\u00e3o de <strong>\u00e1lcool 70%<\/strong> ou vinagre de \u00e1lcool puro. Deixe as portas abertas por pelo menos <strong>2 horas<\/strong> com as janelas do quarto escancaradas para secagem total do substrato.<\/p>\n<p><strong>Passo 4 \u2014 Barreira qu\u00edmica ativa:<\/strong> Instale potes desumidificadores com <strong>cloreto de c\u00e1lcio granulado<\/strong> ou sach\u00eas de s\u00edlica gel nas prateleiras de roupa de cama. Substitua o refil assim que o sal mineral se liquefazer por completo no reservat\u00f3rio inferior.<\/p>\n<div style=\"overflow-x:auto;margin:28px 0;border-radius:16px;box-shadow:0 6px 20px rgba(0,0,0,.06);border:1px solid #e2e8f0;\">\n<table style=\"width:100%;border-collapse:collapse;background:#fff;font-family:-apple-system,sans-serif;\">&#13;<\/p>\n<thead>\n<tr>\n<th style=\"background:#f0fdfa;border-bottom:2px solid #0f766e;padding:16px 20px;text-align:left;color:#0f766e;font-size:15px;font-weight:700;\">Situa\u00e7\u00e3o Observada<\/th>\n<th style=\"background:#f0fdfa;border-bottom:2px solid #0f766e;padding:16px 20px;text-align:left;color:#0f766e;font-size:15px;font-weight:700;\">Causa F\u00edsico-Qu\u00edmica<\/th>\n<th style=\"background:#f0fdfa;border-bottom:2px solid #0f766e;padding:16px 20px;text-align:left;color:#0f766e;font-size:15px;font-weight:700;\">A\u00e7\u00e3o Corretiva Recomendada<\/th>\n<\/tr>\n<\/thead>\n<p>&#13;<\/p>\n<tbody>&#13;<\/p>\n<tr>\n<td style=\"padding:16px 20px;border-bottom:1px solid #f1f5f9;font-size:14.5px;color:#334155;\">\ud83d\udecf\ufe0f <strong>Odor sem manchas vis\u00edveis<\/strong><\/td>\n<td style=\"padding:16px 20px;border-bottom:1px solid #f1f5f9;font-size:14.5px;color:#334155;\">Emiss\u00e3o inicial de MVOCs por esporos latentes.<\/td>\n<td style=\"padding:16px 20px;border-bottom:1px solid #f1f5f9;font-size:14.5px;color:#334155;\">Lavagem com vinagre de \u00e1lcool e aera\u00e7\u00e3o das prateleiras.<\/td>\n<\/tr>\n<p>&#13;<\/p>\n<tr>\n<td style=\"padding:16px 20px;border-bottom:1px solid #f1f5f9;font-size:14.5px;color:#334155;\">\ud83c\udf2b\ufe0f <strong>P\u00f3 esbranqui\u00e7ado no m\u00f3vel<\/strong><\/td>\n<td style=\"padding:16px 20px;border-bottom:1px solid #f1f5f9;font-size:14.5px;color:#334155;\">Mic\u00e9lio f\u00fangico superficial em expans\u00e3o no MDF.<\/td>\n<td style=\"padding:16px 20px;border-bottom:1px solid #f1f5f9;font-size:14.5px;color:#334155;\">Limpeza com \u00e1lcool 70% e coloca\u00e7\u00e3o de cloreto de c\u00e1lcio.<\/td>\n<\/tr>\n<p>&#13;<\/p>\n<tr>\n<td style=\"padding:16px 20px;border-bottom:1px solid #f1f5f9;font-size:14.5px;color:#334155;\">\ud83d\udce6 <strong>Odor em pe\u00e7as no v\u00e1cuo<\/strong><\/td>\n<td style=\"padding:16px 20px;border-bottom:1px solid #f1f5f9;font-size:14.5px;color:#334155;\">Saco pl\u00e1stico selado com umidade residual interna.<\/td>\n<td style=\"padding:16px 20px;border-bottom:1px solid #f1f5f9;font-size:14.5px;color:#334155;\">Lavar novamente e garantir 100% de secagem antes do selamento.<\/td>\n<\/tr>\n<p>&#13;<br \/>\n    <\/tbody>\n<p>&#13;<br \/>\n  <\/table>\n<\/div>\n<h2 class=\"wp-block-heading\">Como desodorizar pe\u00e7as guardadas com ajuda da microbiologia dom\u00e9stica?<\/h2>\n<p>O bicarbonato de s\u00f3dio atua como um agente neutralizador por adsor\u00e7\u00e3o f\u00edsica e equil\u00edbrio de pH. Diferente dos aromatizadores artificiais que apenas mascaram os MVOCs com mol\u00e9culas sint\u00e9ticas pesadas, o composto alcalino reage com \u00e1cidos graxos vol\u00e1teis e captura gases residuais das fibras.<\/p>\n<p>Para pe\u00e7as grossas de inverno ou cobertores que passaram meses confinados, t\u00e9cnicas mec\u00e2nicas e passivas de absor\u00e7\u00e3o ajudam a recuperar a textura e a neutralidade do tecido sem exigir sucessivas lavagens desnecess\u00e1rias na m\u00e1quina.<\/p>\n<p>Abaixo, um v\u00eddeo do canal <a href=\"https:\/\/www.youtube.com\/watch?v=rplX4MbO_b4\" target=\"_blank\" rel=\"noopener\">Dr. BACT\u00c9RIA (YouTube)<\/a> que aprofunda o tema:<\/p>\n<h2 class=\"wp-block-heading\">O que os \u00f3rg\u00e3os de sa\u00fade ambiental apontam sobre esporos e qualidade do ar interno?<\/h2>\n<p>A exposi\u00e7\u00e3o cont\u00ednua a esporos de bolor e aos seus metab\u00f3litos vol\u00e1teis ultrapassa a esfera do desconforto olfativo. A inala\u00e7\u00e3o de part\u00edculas f\u00fangicas acumuladas em travesseiros e len\u00e7\u00f3is desencadeia crises de rinite al\u00e9rgica, asma br\u00f4nquica e irrita\u00e7\u00e3o conjuntival em indiv\u00edduos sensibilizados.<\/p>\n<p>Conforme relat\u00f3rios da <strong>EPA<\/strong> e entidades de controle ambiental, a estrat\u00e9gia mais eficiente contra o bolor interno \u00e9 o gerenciamento da fonte de umidade, e n\u00e3o o uso cont\u00ednuo de biocidas ou perfumes. Sem controlar a taxa de vapor d\u2019\u00e1gua no ar ambiente, nenhuma desinfec\u00e7\u00e3o qu\u00edmica mant\u00e9m o m\u00f3vel esterilizado por mais de <strong>7 a 10 dias<\/strong>.<\/p>\n<div class=\"wp-block-image\">\n<figure class=\"aligncenter size-large\"><img decoding=\"async\" width=\"1024\" height=\"572\" src=\"https:\/\/www.uai.com.br\/wp-content\/uploads\/2026\/08\/Preventing_mold_in_stored_bedsheets_202608311824-1024x572.jpeg\" alt=\"Composi\u00e7\u00e3o em tr\u00eas etapas mostrando lavagem com vinagre, secagem de len\u00e7\u00f3is ao sol e desumidificador no arm\u00e1rio.\" class=\"wp-image-171117\"\/><figcaption class=\"wp-element-caption\">Passo a passo preventivo: lavagem \u00e1cida, secagem completa ao sol e uso de desumidificador no guarda-roupa \u2014 Cr\u00e9ditos: Imagem gerada por IA<\/figcaption><\/figure>\n<\/div>\n<h2 class=\"wp-block-heading\">Quando o cheiro de mofo no guarda-roupa exige a contrata\u00e7\u00e3o de um especialista em impermeabiliza\u00e7\u00e3o?<\/h2>\n<p>Se as medidas de controle higrom\u00e9trico e desinfec\u00e7\u00e3o forem aplicadas, mas o cheiro de mofo persistir ou a chapa traseira do guarda-roupa apresentar estufamento, manchas escuras ou umidade ao toque, o problema decorre de fatores construtivos externos ao m\u00f3vel.<\/p>\n<p>Nesses cen\u00e1rios, deve-se acionar um <strong>especialista em impermeabiliza\u00e7\u00e3o<\/strong> ou <strong>engenheiro diagn\u00f3stico<\/strong> para inspecionar a alvenaria atr\u00e1s do arm\u00e1rio com termografia ou medidores de umidade de contato. Infiltra\u00e7\u00f5es pluviais em fachadas externas, vazamentos em tubula\u00e7\u00f5es embutidas de banheiros cont\u00edguos ou umidade ascendente por capilaridade exigem reparo estrutural na parede antes de qualquer nova higieniza\u00e7\u00e3o do mobili\u00e1rio.<\/p>\n<p><a href=\"https:\/\/www.uai.com.br\/dicas-de-casa\/2026\/02\/04\/seu-guarda-roupa-nao-vai-mais-ficar-com-cheiro-de-mofo-so-2-colheres-de-bicarbonato-1-copo-de-vinagre-branco-e-1-recipiente-aberto-ja-ajudam\/\" target=\"_blank\" rel=\"noopener\" style=\"display:block;background:#eef4fb;border-left:4px solid #0d3b66;border-radius:8px;padding:14px 18px;margin:20px 0;text-decoration:none;color:#0d3b66;font-weight:600;\">\ud83d\udcd6 <strong>Leia tamb\u00e9m:<\/strong> Seu guarda-roupa n\u00e3o vai mais ficar com cheiro de mofo: s\u00f3 2 colheres de bicarbonato, 1 copo de vinagre branco e 1 recipiente aberto j\u00e1 ajudam<\/a><\/p>\n<p><strong>Nota de seguran\u00e7a:<\/strong> Este conte\u00fado tem finalidade informativa; caso observe mofo generalizado na alvenaria ou sinta sintomas respirat\u00f3rios severos, busque avalia\u00e7\u00e3o t\u00e9cnica profissional e orienta\u00e7\u00e3o m\u00e9dica.<\/p>\n<p><!-- CONTENT END 1 --><\/p><\/div>\n<p><br \/>\n<br \/><a href=\"https:\/\/www.uai.com.br\/dicas-de-casa\/2026\/09\/02\/lencol-limpo-com-cheiro-forte-de-guardado-apos-semanas-no-armario-indica-umidade-residual-nas-fibras-e-proliferacao-de-esporos-em-ar-confinado\/\">Super Esportes<\/a><\/p>\n","protected":false},"excerpt":{"rendered":"<p>Resumo \ud83e\uddeaCausa biol\u00f3gica: O cheiro caracter\u00edstico decorre da libera\u00e7\u00e3o de compostos org\u00e2nicos vol\u00e1teis microbianos (MVOCs) produzidos por fungos como Aspergillus e Penicillium. \ud83d\udca7Gatilho f\u00edsico: Umidade relativa do ar acima de 60% e res\u00edduos de amaciante retidos nas fibras criam o meio ideal para a germina\u00e7\u00e3o de esporos. \ud83d\udee1\ufe0fSolu\u00e7\u00e3o imediata: Lavagem com vinagre de \u00e1lcool, secagem [&hellip;]<\/p>\n","protected":false},"author":1,"featured_media":35547,"comment_status":"closed","ping_status":"","sticky":false,"template":"","format":"standard","meta":{"footnotes":""},"categories":[14],"tags":[],"class_list":["post-35546","post","type-post","status-publish","format-standard","has-post-thumbnail","hentry","category-esportes"],"_links":{"self":[{"href":"https:\/\/diarioalagoas.com.br\/index.php?rest_route=\/wp\/v2\/posts\/35546","targetHints":{"allow":["GET"]}}],"collection":[{"href":"https:\/\/diarioalagoas.com.br\/index.php?rest_route=\/wp\/v2\/posts"}],"about":[{"href":"https:\/\/diarioalagoas.com.br\/index.php?rest_route=\/wp\/v2\/types\/post"}],"author":[{"embeddable":true,"href":"https:\/\/diarioalagoas.com.br\/index.php?rest_route=\/wp\/v2\/users\/1"}],"replies":[{"embeddable":true,"href":"https:\/\/diarioalagoas.com.br\/index.php?rest_route=%2Fwp%2Fv2%2Fcomments&post=35546"}],"version-history":[{"count":0,"href":"https:\/\/diarioalagoas.com.br\/index.php?rest_route=\/wp\/v2\/posts\/35546\/revisions"}],"wp:featuredmedia":[{"embeddable":true,"href":"https:\/\/diarioalagoas.com.br\/index.php?rest_route=\/wp\/v2\/media\/35547"}],"wp:attachment":[{"href":"https:\/\/diarioalagoas.com.br\/index.php?rest_route=%2Fwp%2Fv2%2Fmedia&parent=35546"}],"wp:term":[{"taxonomy":"category","embeddable":true,"href":"https:\/\/diarioalagoas.com.br\/index.php?rest_route=%2Fwp%2Fv2%2Fcategories&post=35546"},{"taxonomy":"post_tag","embeddable":true,"href":"https:\/\/diarioalagoas.com.br\/index.php?rest_route=%2Fwp%2Fv2%2Ftags&post=35546"}],"curies":[{"name":"wp","href":"https:\/\/api.w.org\/{rel}","templated":true}]}}