{"id":35554,"date":"2026-09-02T17:02:07","date_gmt":"2026-09-02T20:02:07","guid":{"rendered":"https:\/\/diarioalagoas.com.br\/?p=35554"},"modified":"2026-09-02T17:02:07","modified_gmt":"2026-09-02T20:02:07","slug":"prouni-candidatos-ja-podem-consultar-selecionados-em-lista-de-espera","status":"publish","type":"post","link":"https:\/\/diarioalagoas.com.br\/?p=35554","title":{"rendered":"Prouni: candidatos j\u00e1 podem consultar selecionados em lista de espera\u00a0"},"content":{"rendered":"<p> <br \/>\n<\/p>\n<div>\n<p><strong>Os participantes do processo seletivo do Programa Universidade para Todos (Prouni) para o segundo semestre de 2026 j\u00e1 podem consultar o resultado da lista de espera. Para saber se foi selecionado, o estudante que manifestou interesse nesta fase do programa deve acessar o <a href=\"https:\/\/acessounico.mec.gov.br\/prouni\" target=\"_blank\">site do Prouni<\/a>, por meio da conta\u00a0Gov.br. <\/strong>\u00a0<img decoding=\"async\" src=\"https:\/\/agenciabrasil.ebc.com.br\/ebc.png?id=1701375&amp;o=node\" style=\"width:1px; height:1px; display:inline;\"\/><img decoding=\"async\" src=\"https:\/\/agenciabrasil.ebc.com.br\/ebc.gif?id=1701375&amp;o=node\" style=\"width:1px; height:1px; display:inline;\"\/><\/p>\n<p>A lista de espera \u00e9 a \u00faltima etapa no preenchimento das vagas n\u00e3o ocupadas ao longo da primeira e da segunda chamadas do programa. Os selecionados t\u00eam at\u00e9 14 de setembro para entregar a documenta\u00e7\u00e3o comprobat\u00f3ria junto \u00e0s institui\u00e7\u00f5es de ensino superior. \u00a0<\/p>\n<p><strong>A comprova\u00e7\u00e3o dos dados deve ser realizada\u00a0diretamente na institui\u00e7\u00e3o privada para a qual o estudante foi pr\u00e9-selecionado.<\/strong> Cada faculdade define o formato de recebimento dos documentos, que pode ser presencial ou por meio de plataforma online.\u00a0<\/p>\n<h2>Confira a lista de documentos necess\u00e1rios:\u00a0<\/h2>\n<ul>\n<li>Comprovante de resid\u00eancia atualizado;\u00a0<\/li>\n<li>Comprovantes de rendimento bruto mensal de todos os integrantes do grupo familiar;\u00a0<\/li>\n<li>Comprovante de conclus\u00e3o do ensino m\u00e9dio em escola da rede p\u00fablica ou em institui\u00e7\u00e3o privada, conforme declarado na inscri\u00e7\u00e3o. \u00a0<\/li>\n<\/ul>\n<h2>Sobre o ProUni\u00a0<\/h2>\n<p>Criado em 2005, o programa oferece bolsas de estudo, parciais e integrais, a estudantes de baixa renda que tenham conclu\u00eddo o ensino m\u00e9dio preferencialmente em institui\u00e7\u00f5es\u00a0p\u00fablicas, ou em col\u00e9gios privados na condi\u00e7\u00e3o de bolsista.\u00a0<\/p>\n<p>Os processos seletivos ocorrem duas vezes ao ano, com oportunidades para ingresso no primeiro e no segundo semestre letivos.\u202f\u202f\u00a0<\/p>\n<p><strong>A classifica\u00e7\u00e3o para a sele\u00e7\u00e3o das bolsas do Prouni considera as notas obtidas pelos candidatos\u00a0no Exame Nacional do Ensino M\u00e9dio (Enem).<\/strong>\u00a0<\/p>\n<p>      <!-- Relacionada --><\/p>\n<p>            <!-- Relacionada -->\n    <\/div>\n<p><br \/>\n<br \/><a href=\"https:\/\/agenciabrasil.ebc.com.br\/educacao\/noticia\/2026-09\/prouni-candidatos-ja-podem-consultar-selecionados-em-lista-de-espera\">Ag\u00eancia Brasil<\/a><\/p>\n","protected":false},"excerpt":{"rendered":"<p>Os participantes do processo seletivo do Programa Universidade para Todos (Prouni) para o segundo semestre de 2026 j\u00e1 podem consultar o resultado da lista de espera. Para saber se foi selecionado, o estudante que manifestou interesse nesta fase do programa deve acessar o site do Prouni, por meio da conta\u00a0Gov.br. \u00a0 A lista de espera [&hellip;]<\/p>\n","protected":false},"author":1,"featured_media":35555,"comment_status":"closed","ping_status":"","sticky":false,"template":"","format":"standard","meta":{"footnotes":""},"categories":[13],"tags":[],"class_list":["post-35554","post","type-post","status-publish","format-standard","has-post-thumbnail","hentry","category-educacao"],"_links":{"self":[{"href":"https:\/\/diarioalagoas.com.br\/index.php?rest_route=\/wp\/v2\/posts\/35554","targetHints":{"allow":["GET"]}}],"collection":[{"href":"https:\/\/diarioalagoas.com.br\/index.php?rest_route=\/wp\/v2\/posts"}],"about":[{"href":"https:\/\/diarioalagoas.com.br\/index.php?rest_route=\/wp\/v2\/types\/post"}],"author":[{"embeddable":true,"href":"https:\/\/diarioalagoas.com.br\/index.php?rest_route=\/wp\/v2\/users\/1"}],"replies":[{"embeddable":true,"href":"https:\/\/diarioalagoas.com.br\/index.php?rest_route=%2Fwp%2Fv2%2Fcomments&post=35554"}],"version-history":[{"count":0,"href":"https:\/\/diarioalagoas.com.br\/index.php?rest_route=\/wp\/v2\/posts\/35554\/revisions"}],"wp:featuredmedia":[{"embeddable":true,"href":"https:\/\/diarioalagoas.com.br\/index.php?rest_route=\/wp\/v2\/media\/35555"}],"wp:attachment":[{"href":"https:\/\/diarioalagoas.com.br\/index.php?rest_route=%2Fwp%2Fv2%2Fmedia&parent=35554"}],"wp:term":[{"taxonomy":"category","embeddable":true,"href":"https:\/\/diarioalagoas.com.br\/index.php?rest_route=%2Fwp%2Fv2%2Fcategories&post=35554"},{"taxonomy":"post_tag","embeddable":true,"href":"https:\/\/diarioalagoas.com.br\/index.php?rest_route=%2Fwp%2Fv2%2Ftags&post=35554"}],"curies":[{"name":"wp","href":"https:\/\/api.w.org\/{rel}","templated":true}]}}