{"id":35560,"date":"2026-09-02T18:54:10","date_gmt":"2026-09-02T21:54:10","guid":{"rendered":"https:\/\/diarioalagoas.com.br\/?p=35560"},"modified":"2026-09-02T18:54:10","modified_gmt":"2026-09-02T21:54:10","slug":"escala-6x1-67-apontam-que-jornada-piora-saude-mental-diz-pesquisa","status":"publish","type":"post","link":"https:\/\/diarioalagoas.com.br\/?p=35560","title":{"rendered":"Escala 6&#215;1: 67% apontam que jornada piora sa\u00fade mental, diz pesquisa"},"content":{"rendered":"<p> <br \/>\n<\/p>\n<div>\n<p><strong>Trabalhar seis dias seguidos e descansar apenas um proporciona piora da sa\u00fade mental para 67% dos brasileiros ouvidos por\u00a0levantamento do Instituto Locomotiva, divulgado nesta ter\u00e7a (2).<\/strong> O poss\u00edvel fim da escala 6&#215;1 est\u00e1 em tramita\u00e7\u00e3o avan\u00e7ada no Congresso.\u00a0<img decoding=\"async\" src=\"https:\/\/agenciabrasil.ebc.com.br\/ebc.png?id=1701385&amp;o=node\" style=\"width:1px; height:1px; display:inline;\"\/><img decoding=\"async\" src=\"https:\/\/agenciabrasil.ebc.com.br\/ebc.gif?id=1701385&amp;o=node\" style=\"width:1px; height:1px; display:inline;\"\/><\/p>\n<p>A proposta de emenda \u00e0 Constitui\u00e7\u00e3o sobre o tema foi <a href=\"https:\/\/agenciabrasil.ebc.com.br\/politica\/noticia\/2026-09\/ccj-do-senado-aprova-pec-que-acaba-com-jornada-6x1\" target=\"_blank\">aprovada nesta tarde pela Comiss\u00e3o de Constitui\u00e7\u00e3o e Justi\u00e7a<\/a> (CCJ) do Senado. A pesquisa do Locomotiva apresenta tamb\u00e9m, por exemplo, que a rotina laboral da escala 6&#215;1 prejudica a sa\u00fade f\u00edsica para 62% das pessoas.<\/p>\n<p><strong>Segundo avaliou o presidente do instituto, Renato Meirelles, o levantamento aponta que o problema central para os brasileiros est\u00e1 no tamanho da vida que sobra depois do trabalho.<\/strong><\/p>\n<blockquote>\n<p>\u201cA pesquisa mostra que a jornada pesa sobre dimens\u00f5es fundamentais da qualidade de vida, como sa\u00fade mental, descanso, tempo com a fam\u00edlia e rela\u00e7\u00f5es pessoais\u201d, destaca.<\/p>\n<\/blockquote>\n<p>O levantamento foi feito\u00a0em parceria com a QuestionPro entre os dias 2 e 8 de junho e ouviu 1.030 brasileiros em todas as regi\u00f5es.\u00a0<\/p>\n<h2>Menos sono e sa\u00fade<\/h2>\n<p><strong>Ao todo, 69% entendem que o tempo com a fam\u00edlia \u00e9 prejudicado ao trabalhar seis dias seguidos e folgar um, e 61% dizem que o sono e o descanso s\u00e3o impactados.\u00a0 Inclusive, 71% dos brasileiros afirmam que a jornada dificulta a manuten\u00e7\u00e3o de h\u00e1bitos saud\u00e1veis e 78% dizem que \u00e9 dif\u00edcil descansar de verdade trabalhando tanto tempo.\u00a0<\/strong><\/p>\n<p><strong>O sentimento de que vivem cada vez mais cansadas \u00e9 citado por 83% das pessoas. O levantamento de quem atua na escala 6&#215;1 \u00e9 de sacrificar sa\u00fade e lazer em nome da renda para 85%. Entre as mulheres, o percentual chega a 89%.<\/strong><\/p>\n<div class=\"dnd-widget-wrapper context-cheio_8colunas type-image\">\n<div class=\"dnd-atom-rendered\"><!-- scald=473320:cheio_8colunas --><br \/>\n            <img decoding=\"async\" src=\"https:\/\/imagens.ebc.com.br\/U2fFYc6VSjPqjDDuPZ8AJrB2V88=\/754x0\/smart\/https:\/\/agenciabrasil.ebc.com.br\/sites\/default\/files\/thumbnails\/image\/2026\/09\/02\/03.07_instituto_locomotiva_e_questionpro_escala_6x1.jpg?itok=NrnJbLkh\" alt=\"Bras\u00edlia (DF), 02\/09\/2026 - Pesquisa sobre escala 6x1 e jornada de trabalho. Foto: Instituto Locomotiva\/Divulga\u00e7\u00e3o\" title=\"Instituto Locomotiva\/Divulga\u00e7\u00e3o\"\/><br \/>\n        <img decoding=\"async\" src=\"https:\/\/imagens.ebc.com.br\/U2fFYc6VSjPqjDDuPZ8AJrB2V88=\/754x0\/smart\/https:\/\/agenciabrasil.ebc.com.br\/sites\/default\/files\/thumbnails\/image\/2026\/09\/02\/03.07_instituto_locomotiva_e_questionpro_escala_6x1.jpg?itok=NrnJbLkh\" alt=\"Bras\u00edlia (DF), 02\/09\/2026 - Pesquisa sobre escala 6x1 e jornada de trabalho. Foto: Instituto Locomotiva\/Divulga\u00e7\u00e3o\" title=\"Instituto Locomotiva\/Divulga\u00e7\u00e3o\"\/><br \/>\n    <!-- END scald=473320 --><\/div>\n<p><h6 class=\"meta\">\u00a0<strong>Instituto Locomotiva\/Divulga\u00e7\u00e3o<\/strong><!--END copyright=473320--><\/h6>\n<\/p>\n<\/div>\n<h2>Projeto<\/h2>\n<p>A PEC 221 de 2019, que tramita no Congresso Nacioanl, prev\u00ea a obrigatoriedade de descanso remunerado de dois dias por semana, sem diminui\u00e7\u00e3o salarial. A proposta reduz a atual jornada de trabalho de 44 para 40 horas semanais, com uma regra de transi\u00e7\u00e3o de 14 meses.\u00a0<\/p>\n<p>Nas discuss\u00f5es no Congresso, os parlamentares destacam que estudos sobre o fim da escala 6&#215;1 divergem sobre os impactos para a infla\u00e7\u00e3o e o Produto Interno Bruto (PIB, soma de bens e servi\u00e7os produzidos no pa\u00eds).\u00a0 \u00a0<\/p>\n<p>      <!-- Relacionada --><\/p>\n<p>            <!-- Relacionada -->\n    <\/div>\n<p><br \/>\n<br \/><a href=\"https:\/\/agenciabrasil.ebc.com.br\/politica\/noticia\/2026-09\/escala-6x1-67-apontam-que-jornada-piora-saude-mental-diz-pesquisa\">Ag\u00eancia Brasil <\/a><\/p>\n","protected":false},"excerpt":{"rendered":"<p>Trabalhar seis dias seguidos e descansar apenas um proporciona piora da sa\u00fade mental para 67% dos brasileiros ouvidos por\u00a0levantamento do Instituto Locomotiva, divulgado nesta ter\u00e7a (2). O poss\u00edvel fim da escala 6&#215;1 est\u00e1 em tramita\u00e7\u00e3o avan\u00e7ada no Congresso.\u00a0 A proposta de emenda \u00e0 Constitui\u00e7\u00e3o sobre o tema foi aprovada nesta tarde pela Comiss\u00e3o de Constitui\u00e7\u00e3o [&hellip;]<\/p>\n","protected":false},"author":1,"featured_media":35561,"comment_status":"closed","ping_status":"","sticky":false,"template":"","format":"standard","meta":{"footnotes":""},"categories":[10],"tags":[],"class_list":["post-35560","post","type-post","status-publish","format-standard","has-post-thumbnail","hentry","category-politica"],"_links":{"self":[{"href":"https:\/\/diarioalagoas.com.br\/index.php?rest_route=\/wp\/v2\/posts\/35560","targetHints":{"allow":["GET"]}}],"collection":[{"href":"https:\/\/diarioalagoas.com.br\/index.php?rest_route=\/wp\/v2\/posts"}],"about":[{"href":"https:\/\/diarioalagoas.com.br\/index.php?rest_route=\/wp\/v2\/types\/post"}],"author":[{"embeddable":true,"href":"https:\/\/diarioalagoas.com.br\/index.php?rest_route=\/wp\/v2\/users\/1"}],"replies":[{"embeddable":true,"href":"https:\/\/diarioalagoas.com.br\/index.php?rest_route=%2Fwp%2Fv2%2Fcomments&post=35560"}],"version-history":[{"count":0,"href":"https:\/\/diarioalagoas.com.br\/index.php?rest_route=\/wp\/v2\/posts\/35560\/revisions"}],"wp:featuredmedia":[{"embeddable":true,"href":"https:\/\/diarioalagoas.com.br\/index.php?rest_route=\/wp\/v2\/media\/35561"}],"wp:attachment":[{"href":"https:\/\/diarioalagoas.com.br\/index.php?rest_route=%2Fwp%2Fv2%2Fmedia&parent=35560"}],"wp:term":[{"taxonomy":"category","embeddable":true,"href":"https:\/\/diarioalagoas.com.br\/index.php?rest_route=%2Fwp%2Fv2%2Fcategories&post=35560"},{"taxonomy":"post_tag","embeddable":true,"href":"https:\/\/diarioalagoas.com.br\/index.php?rest_route=%2Fwp%2Fv2%2Ftags&post=35560"}],"curies":[{"name":"wp","href":"https:\/\/api.w.org\/{rel}","templated":true}]}}