{"id":35562,"date":"2026-09-02T19:09:48","date_gmt":"2026-09-02T22:09:48","guid":{"rendered":"https:\/\/diarioalagoas.com.br\/?p=35562"},"modified":"2026-09-02T19:09:48","modified_gmt":"2026-09-02T22:09:48","slug":"prefeitura-de-maceio-maceio-conquista-lideranca-nacional-em-vendas","status":"publish","type":"post","link":"https:\/\/diarioalagoas.com.br\/?p=35562","title":{"rendered":"Prefeitura de Macei\u00f3 | Macei\u00f3 conquista lideran\u00e7a nacional em vendas\u2026"},"content":{"rendered":"<p> <br \/>\n<\/p>\n<div id=\"\">\n<p><span>Macei\u00f3 segue ampliando sua presen\u00e7a entre os destinos mais desejados do Brasil e consolidando espa\u00e7o tamb\u00e9m no mercado internacional. Dados do mais recente Boletim Braztoa, divulgado pela Associa\u00e7\u00e3o Brasileira das Operadoras de Turismo, colocam a capital alagoana em posi\u00e7\u00e3o de protagonismo nas vendas realizadas pelas operadoras ao longo de 2026.<\/span><\/p>\n<p class=\"text-justify\"><span>O levantamento mostra que Macei\u00f3 foi o destino nacional mais comercializado nas f\u00e9rias de janeiro e fevereiro e repetiu a lideran\u00e7a em julho, dois dos per\u00edodos mais importantes para a movimenta\u00e7\u00e3o tur\u00edstica do Pa\u00eds.<\/span><\/p>\n<p class=\"text-justify\"><span>No consolidado de todo o primeiro semestre, a capital aparece ainda como o segundo destino mais vendido do Brasil, atr\u00e1s apenas de S\u00e3o Paulo e \u00e0 frente de destinos tradicionais como Gramado, Porto de Galinhas e Porto Seguro.<\/span><\/p>\n<p class=\"text-justify\"><span>Os n\u00fameros ganham ainda mais relev\u00e2ncia quando observado o desempenho no turismo internacional. No segmento de receptivo, que considera a comercializa\u00e7\u00e3o de destinos brasileiros para turistas estrangeiros, Macei\u00f3 alcan\u00e7ou a segunda coloca\u00e7\u00e3o nacional no primeiro semestre de 2026, ficando atr\u00e1s somente do Rio de Janeiro e \u00e0 frente de Foz do Igua\u00e7u, S\u00e3o Paulo e Salvador.<\/span><\/p>\n<p class=\"text-justify\"><span>O resultado mostra a for\u00e7a crescente da capital alagoana em diferentes mercados e per\u00edodos do ano. Mais do que um destino associado \u00e0s f\u00e9rias de ver\u00e3o, Macei\u00f3 vem conseguindo manter elevada procura ao longo do calend\u00e1rio e ampliar sua competitividade entre brasileiros e estrangeiros. <\/span><\/p>\n<p class=\"text-justify\"><span>O desempenho tamb\u00e9m reflete o trabalho desenvolvido pela Prefeitura de Macei\u00f3, sob a gest\u00e3o do prefeito Rodrigo Cunha, para fortalecer a presen\u00e7a da capital nos principais mercados emissores. A estrat\u00e9gia envolve a\u00e7\u00f5es de promo\u00e7\u00e3o do destino, articula\u00e7\u00e3o com o trade tur\u00edstico, operadoras e companhias a\u00e9reas, al\u00e9m de iniciativas voltadas \u00e0 amplia\u00e7\u00e3o da conectividade e \u00e0 qualifica\u00e7\u00e3o da experi\u00eancia tur\u00edstica, contribuindo para manter Macei\u00f3 competitiva e em evid\u00eancia nos cen\u00e1rios nacional e internacional.<\/span><\/p>\n<p class=\"text-justify\">Para o prefeito Rodrigo Cunha, o destaque alcan\u00e7ado pela capital alagoana \u00e9 fruto do trabalho conjunto de toda a gest\u00e3o para promover o destino, com investimentos, infraestrutura de qualidade e projetos inovadores, sendo cada vez mais refer\u00eancia em todos os aspectos, trazendo grandes eventos e proporcionando crescimento hist\u00f3rico.<\/p>\n<p>\u00a0\u201cMacei\u00f3 vive um novo momento, tem alta temporada o ano inteiro, o que aquece o mercado imobili\u00e1rio, a economia criativa e atrai novos empreendimentos. A cidade se tornou um destino para visitar e tamb\u00e9m para viver. Tem gente nova chegando por todo lado, e isso \u00e9 fruto de muito trabalho para tornar Macei\u00f3 a capital de todos n\u00f3s. Aqui temos um povo receptivo, praias lindas, investimentos em inova\u00e7\u00e3o, infraestrutura e qualidade de vida, o que proporciona cada vez mais um crescimento para a cidade\u201d, pontuou.<\/p>\n<p class=\"text-justify\"><span>Para o secret\u00e1rio municipal de Turismo de Macei\u00f3, Eduardo Monteiro, os resultados refletem um movimento consistente de fortalecimento do destino e ajudam a dimensionar o espa\u00e7o que a capital vem conquistando no cen\u00e1rio tur\u00edstico. <\/span><\/p>\n<p class=\"text-justify\"><span>\u201cQuando Macei\u00f3 lidera as vendas nacionais nos principais per\u00edodos de f\u00e9rias e, ao mesmo tempo, aparece como o segundo destino brasileiro mais comercializado no receptivo internacional, temos uma demonstra\u00e7\u00e3o muito clara da for\u00e7a que a nossa cidade conquistou no mercado. Estamos falando de resultados concretos, medidos pelas operadoras que efetivamente vendem viagens. \u00c9 um reconhecimento que nos orgulha e, principalmente, nos desafia a continuar trabalhando para ampliar a conectividade, promover o destino e qualificar cada vez mais a experi\u00eancia de quem escolhe Macei\u00f3\u201d, destaca Eduardo Monteiro.<\/span><\/p>\n<p class=\"text-justify\"><strong>De destino desejado a destino efetivamente vendido<\/strong><\/p>\n<p class=\"text-justify\">O levantamento da Braztoa \u00e9 especialmente relevante porque retrata o comportamento das vendas realizadas por suas operadoras associadas. Ou seja, vai al\u00e9m da inten\u00e7\u00e3o de viagem e mostra quais destinos est\u00e3o sendo efetivamente comercializados no mercado tur\u00edstico.<\/p>\n<p class=\"text-justify\">No primeiro semestre, S\u00e3o Paulo, Macei\u00f3, Gramado, Porto de Galinhas e Porto Seguro formaram o Top 5 nacional. Nas f\u00e9rias de janeiro e fevereiro, entretanto, Macei\u00f3 avan\u00e7ou para o primeiro lugar. A lideran\u00e7a voltou a se repetir em julho, quando a capital ficou \u00e0 frente de Rio de Janeiro, S\u00e3o Paulo, Porto de Galinhas e Gramado.<\/p>\n<p class=\"text-justify\">No receptivo internacional, o desempenho tamb\u00e9m se manteve entre os melhores do Pa\u00eds. Rio de Janeiro e Macei\u00f3 permaneceram em posi\u00e7\u00f5es de destaque, tanto no primeiro semestre, quanto nos recortes das f\u00e9rias de janeiro e fevereiro e de julho.<\/p>\n<p class=\"text-justify\">A presidente executiva da Braztoa, Marina Figueiredo, destaca no pr\u00f3prio levantamento que os rankings permitem compreender n\u00e3o apenas onde est\u00e1 concentrada a demanda, mas tamb\u00e9m os movimentos que acontecem ao longo do ano.<\/p>\n<p class=\"text-justify\">\u201cOs destinos l\u00edderes nos mostram onde est\u00e1 concentrada a demanda, mas os que ganham destaque ao longo dos per\u00edodos nos ajudam a enxergar movimentos importantes do consumidor\u201d, afirma Marina Figueiredo.<\/p>\n<p class=\"text-justify\">Segundo a executiva, acompanhar essas mudan\u00e7as \u00e9 fundamental para que as operadoras antecipem oportunidades e diversifiquem produtos e mercados.<\/p>\n<p class=\"text-justify\"><strong>Macei\u00f3 cada vez mais conectada ao Brasil e ao mundo<\/strong><\/p>\n<p class=\"text-justify\">O desempenho registrado pela Braztoa soma-se a um conjunto de movimentos que vem fortalecendo a presen\u00e7a de Macei\u00f3 no mercado tur\u00edstico. A amplia\u00e7\u00e3o da conectividade a\u00e9rea, as a\u00e7\u00f5es de promo\u00e7\u00e3o do destino, a parceria com o trade e as operadoras, os investimentos na cidade e a diversifica\u00e7\u00e3o da oferta tur\u00edstica contribuem para ampliar a competitividade da capital.<\/p>\n<p class=\"text-justify\">A gest\u00e3o do prefeito Rodrigo Cunha tem direcionado esfor\u00e7os para fortalecer Macei\u00f3 como destino tur\u00edstico competitivo durante todo o ano, associando suas belezas naturais a uma oferta cada vez mais diversificada de gastronomia, cultura, eventos, lazer e experi\u00eancias.<\/p>\n<p class=\"text-justify\">Para a Secretaria Municipal de Turismo, o desempenho tamb\u00e9m refor\u00e7a a import\u00e2ncia do trabalho conjunto entre poder p\u00fablico e iniciativa privada na promo\u00e7\u00e3o da cidade nos mercados nacional e internacional.<\/p>\n<p class=\"text-justify\">Com presen\u00e7a entre os destinos mais comercializados do Pa\u00eds, lideran\u00e7a nos principais per\u00edodos de f\u00e9rias e posi\u00e7\u00e3o de destaque entre os estrangeiros, Macei\u00f3 transforma reconhecimento em vendas e consolida uma trajet\u00f3ria de crescimento que ultrapassa as fronteiras brasileiras.<\/p>\n<p><span><strong>Confira o ranking nacional dos destinos mais comercializados pelas operadoras:<\/strong><\/span><\/p>\n<table>\n<tbody>\n<tr>\n<td colspan=\"1\" rowspan=\"1\">\n<p class=\"text-center\"><span><strong>Posi\u00e7\u00e3o<\/strong><\/span><\/p>\n<\/td>\n<td colspan=\"1\" rowspan=\"1\">\n<p class=\"text-center\"><span><strong>1\u00ba semestre de 2026<\/strong><\/span><\/p>\n<\/td>\n<td colspan=\"1\" rowspan=\"1\">\n<p class=\"text-center\"><span><strong>F\u00e9rias jan\/fev<\/strong><\/span><\/p>\n<\/td>\n<td colspan=\"1\" rowspan=\"1\">\n<p class=\"text-center\"><span><strong>F\u00e9rias de julho<\/strong><\/span><\/p>\n<\/td>\n<\/tr>\n<tr>\n<td colspan=\"1\" rowspan=\"1\">\n<p><span><strong>1\u00ba<\/strong><\/span><\/p>\n<\/td>\n<td colspan=\"1\" rowspan=\"1\">\n<p><span>S\u00e3o Paulo<\/span><\/p>\n<\/td>\n<td colspan=\"1\" rowspan=\"1\">\n<p><span><strong>Macei\u00f3<\/strong><\/span><\/p>\n<\/td>\n<td colspan=\"1\" rowspan=\"1\">\n<p><span><strong>Macei\u00f3<\/strong><\/span><\/p>\n<\/td>\n<\/tr>\n<tr>\n<td colspan=\"1\" rowspan=\"1\">\n<p><span><strong>2\u00ba<\/strong><\/span><\/p>\n<\/td>\n<td colspan=\"1\" rowspan=\"1\">\n<p><span><strong>Macei\u00f3<\/strong><\/span><\/p>\n<\/td>\n<td colspan=\"1\" rowspan=\"1\">\n<p><span>Porto de Galinhas<\/span><\/p>\n<\/td>\n<td colspan=\"1\" rowspan=\"1\">\n<p><span>Rio de Janeiro<\/span><\/p>\n<\/td>\n<\/tr>\n<tr>\n<td colspan=\"1\" rowspan=\"1\">\n<p><span><strong>3\u00ba<\/strong><\/span><\/p>\n<\/td>\n<td colspan=\"1\" rowspan=\"1\">\n<p><span>Gramado<\/span><\/p>\n<\/td>\n<td colspan=\"1\" rowspan=\"1\">\n<p><span>S\u00e3o Paulo<\/span><\/p>\n<\/td>\n<td colspan=\"1\" rowspan=\"1\">\n<p><span>S\u00e3o Paulo<\/span><\/p>\n<\/td>\n<\/tr>\n<tr>\n<td colspan=\"1\" rowspan=\"1\">\n<p><span><strong>4\u00ba<\/strong><\/span><\/p>\n<\/td>\n<td colspan=\"1\" rowspan=\"1\">\n<p><span>Porto de Galinhas<\/span><\/p>\n<\/td>\n<td colspan=\"1\" rowspan=\"1\">\n<p><span>Rio de Janeiro<\/span><\/p>\n<\/td>\n<td colspan=\"1\" rowspan=\"1\">\n<p><span>Porto de Galinhas<\/span><\/p>\n<\/td>\n<\/tr>\n<tr>\n<td colspan=\"1\" rowspan=\"1\">\n<p><span><strong>5\u00ba<\/strong><\/span><\/p>\n<\/td>\n<td colspan=\"1\" rowspan=\"1\">\n<p><span>Porto Seguro<\/span><\/p>\n<\/td>\n<td colspan=\"1\" rowspan=\"1\">\n<p><span>Porto Seguro<\/span><\/p>\n<\/td>\n<td colspan=\"1\" rowspan=\"1\">\n<p><span>Gramado<\/span><\/p>\n<\/td>\n<\/tr>\n<\/tbody>\n<\/table>\n<p><span><strong>Receptivo internacional \u2014 destinos brasileiros mais comercializados para estrangeiros<\/strong><\/span><\/p>\n<p><span>No consolidado do primeiro semestre, o ranking informado pela Braztoa \u00e9:<\/span><\/p>\n<table>\n<tbody>\n<tr>\n<td colspan=\"1\" rowspan=\"1\">\n<p class=\"text-center\"><span><strong>Posi\u00e7\u00e3o<\/strong><\/span><\/p>\n<\/td>\n<td colspan=\"1\" rowspan=\"1\">\n<p class=\"text-center\"><span><strong>Destino<\/strong><\/span><\/p>\n<\/td>\n<\/tr>\n<tr>\n<td colspan=\"1\" rowspan=\"1\">\n<p><span><strong>1\u00ba<\/strong><\/span><\/p>\n<\/td>\n<td colspan=\"1\" rowspan=\"1\">\n<p><span>Rio de Janeiro<\/span><\/p>\n<\/td>\n<\/tr>\n<tr>\n<td colspan=\"1\" rowspan=\"1\">\n<p><span><strong>2\u00ba<\/strong><\/span><\/p>\n<\/td>\n<td colspan=\"1\" rowspan=\"1\">\n<p><span><strong>Macei\u00f3<\/strong><\/span><\/p>\n<\/td>\n<\/tr>\n<tr>\n<td colspan=\"1\" rowspan=\"1\">\n<p><span><strong>3\u00ba<\/strong><\/span><\/p>\n<\/td>\n<td colspan=\"1\" rowspan=\"1\">\n<p><span>Foz do Igua\u00e7u<\/span><\/p>\n<\/td>\n<\/tr>\n<tr>\n<td colspan=\"1\" rowspan=\"1\">\n<p><span><strong>4\u00ba<\/strong><\/span><\/p>\n<\/td>\n<td colspan=\"1\" rowspan=\"1\">\n<p><span>S\u00e3o Paulo<\/span><\/p>\n<\/td>\n<\/tr>\n<tr>\n<td colspan=\"1\" rowspan=\"1\">\n<p><span><strong>5\u00ba<\/strong><\/span><\/p>\n<\/td>\n<td colspan=\"1\" rowspan=\"1\">\n<p><span>Salvador<\/span><\/p>\n<\/td>\n<\/tr>\n<\/tbody>\n<\/table>\n<p class=\"text-justify\"><strong>Fonte: Boletim Braztoa \u2013 Dados e Cen\u00e1rios Futuros, Emissivo Nacional, 1\u00ba semestre\/ julho de 2026.<\/strong><\/p>\n<div class=\"gabinate\">\n<a href=\"https:\/\/maceio.al.gov.br\/secretarias-e-orgaos\/semtur\">SEMTUR<\/a><\/p>\n<h2>Secretaria Municipal de Turismo<\/h2>\n<p><span><\/p>\n<p>R. Godofredo Ferro, 53 &#8211; Centro, Macei\u00f3 &#8211; AL, 57020-575<br \/>Telefone: (82) 3312-5803 Hor\u00e1rio de atendimento: segunda a sexta, de 8h \u00e0s 14h<br \/>E-mail: <a href=\"http:\/\/maceio.al.gov.br\/cdn-cgi\/l\/email-protection#81e7e0ede4e2eeefeef2e2eec1f2e4ecf5e4edace0edafe2eeecafe3f3\" target=\"_blank\" rel=\"noreferrer noopener\"><span class=\"__cf_email__\" data-cfemail=\"61070e150e11130e150e020e0d0e2112040c1514134f0c000204080e4f000d4f060e174f0313\">[email\u00a0protected]<\/span><\/a><\/p>\n<p><\/span><\/div>\n<\/div>\n<p><script async defer crossorigin=\"anonymous\" src=\"https:\/\/connect.facebook.net\/pt_BR\/sdk.js#xfbml=1&#038;version=v12.0\" nonce=\"0pFl3y7T\"><\/script><br \/>\n<br \/><br \/>\n<br \/><a href=\"https:\/\/maceio.al.gov.br\/noticias\/semtur\/maceio-conquista-lideranca-nacional-em-vendas-de-turismo-e-amplia-protagonismo-no-mercado-internacional\">Prefeitura de Macei\u00f3 <\/a><\/p>\n","protected":false},"excerpt":{"rendered":"<p>Macei\u00f3 segue ampliando sua presen\u00e7a entre os destinos mais desejados do Brasil e consolidando espa\u00e7o tamb\u00e9m no mercado internacional. Dados do mais recente Boletim Braztoa, divulgado pela Associa\u00e7\u00e3o Brasileira das Operadoras de Turismo, colocam a capital alagoana em posi\u00e7\u00e3o de protagonismo nas vendas realizadas pelas operadoras ao longo de 2026. O levantamento mostra que Macei\u00f3 [&hellip;]<\/p>\n","protected":false},"author":1,"featured_media":35563,"comment_status":"closed","ping_status":"","sticky":false,"template":"","format":"standard","meta":{"footnotes":""},"categories":[9],"tags":[],"class_list":["post-35562","post","type-post","status-publish","format-standard","has-post-thumbnail","hentry","category-maceio"],"_links":{"self":[{"href":"https:\/\/diarioalagoas.com.br\/index.php?rest_route=\/wp\/v2\/posts\/35562","targetHints":{"allow":["GET"]}}],"collection":[{"href":"https:\/\/diarioalagoas.com.br\/index.php?rest_route=\/wp\/v2\/posts"}],"about":[{"href":"https:\/\/diarioalagoas.com.br\/index.php?rest_route=\/wp\/v2\/types\/post"}],"author":[{"embeddable":true,"href":"https:\/\/diarioalagoas.com.br\/index.php?rest_route=\/wp\/v2\/users\/1"}],"replies":[{"embeddable":true,"href":"https:\/\/diarioalagoas.com.br\/index.php?rest_route=%2Fwp%2Fv2%2Fcomments&post=35562"}],"version-history":[{"count":0,"href":"https:\/\/diarioalagoas.com.br\/index.php?rest_route=\/wp\/v2\/posts\/35562\/revisions"}],"wp:featuredmedia":[{"embeddable":true,"href":"https:\/\/diarioalagoas.com.br\/index.php?rest_route=\/wp\/v2\/media\/35563"}],"wp:attachment":[{"href":"https:\/\/diarioalagoas.com.br\/index.php?rest_route=%2Fwp%2Fv2%2Fmedia&parent=35562"}],"wp:term":[{"taxonomy":"category","embeddable":true,"href":"https:\/\/diarioalagoas.com.br\/index.php?rest_route=%2Fwp%2Fv2%2Fcategories&post=35562"},{"taxonomy":"post_tag","embeddable":true,"href":"https:\/\/diarioalagoas.com.br\/index.php?rest_route=%2Fwp%2Fv2%2Ftags&post=35562"}],"curies":[{"name":"wp","href":"https:\/\/api.w.org\/{rel}","templated":true}]}}