{"id":35566,"date":"2026-09-02T21:16:35","date_gmt":"2026-09-03T00:16:35","guid":{"rendered":"https:\/\/diarioalagoas.com.br\/?p=35566"},"modified":"2026-09-02T21:16:35","modified_gmt":"2026-09-03T00:16:35","slug":"fraqueza-muscular-durante-o-emagrecimento-pode-ser-sinal-de-perda-acelerada-de-massa-magra","status":"publish","type":"post","link":"https:\/\/diarioalagoas.com.br\/?p=35566","title":{"rendered":"Fraqueza muscular durante o emagrecimento pode ser sinal de perda acelerada de massa magra"},"content":{"rendered":"<p> <br \/>\n<\/p>\n<div>\n<div class=\"rdp-resumo-wrapper\">\n<ul class=\"rdp-resumo-list\">&#13;<\/p>\n<li class=\"rdp-resumo-item\">&#13;<br \/>\n      <span class=\"rdp-resumo-item-title\">O que \u00e9:<\/span> <span class=\"rdp-resumo-item-desc\">Redu\u00e7\u00e3o progressiva do t\u00f4nus, da for\u00e7a f\u00edsica e do volume muscular durante per\u00edodos de restri\u00e7\u00e3o energ\u00e9tica ou terapias para perda de peso.<\/span>&#13;\n    <\/li>\n<p>&#13;<\/p>\n<li class=\"rdp-resumo-item\">&#13;<br \/>\n      <span class=\"rdp-resumo-item-title\">Pode indicar:<\/span> <span class=\"rdp-resumo-item-desc\">Quadro de catabolismo proteico excessivo, sarcopenia secund\u00e1ria e queda desordenada da taxa metab\u00f3lica basal.<\/span>&#13;\n    <\/li>\n<p>&#13;<\/p>\n<li class=\"rdp-resumo-item\">&#13;<br \/>\n      <span class=\"rdp-resumo-item-title\">Quando buscar ajuda:<\/span> <span class=\"rdp-resumo-item-desc\">Se a perda de peso for acompanhada de dificuldade para subir degraus, fadiga extrema, tonturas persistentes ou desequil\u00edbrio postural.<\/span>&#13;\n    <\/li>\n<p>&#13;\n  <\/ul>\n<\/div>\n<p>Sentir o corpo mais fraco ou notar perda r\u00e1pida de firmeza f\u00edsica durante uma dieta n\u00e3o deve ser encarado como uma consequ\u00eancia natural da queima cal\u00f3rica. Em muitos casos, essa fraqueza persistente sinaliza a degrada\u00e7\u00e3o involunt\u00e1ria de tecido muscular esquel\u00e9tico, configurando um quadro precoce de <em>sarcopenia secund\u00e1ria<\/em> induzida pelo d\u00e9ficit energ\u00e9tico desregulado.<\/p>\n<h2 class=\"wp-block-heading\">Como o d\u00e9ficit cal\u00f3rico aciona o catabolismo do tecido muscular?<\/h2>\n<p>Quando o organismo enfrenta uma restri\u00e7\u00e3o de energia severa ou quando certas vias hormonais de saciedade s\u00e3o estimuladas sem o suporte proteico adequado, o f\u00edgado recorre \u00e0 via da <strong>gliconeog\u00eanese<\/strong> para manter os n\u00edveis circulantes de glicose est\u00e1veis. Nesse processo metab\u00f3lico de emerg\u00eancia, as prote\u00ednas estruturais dos mi\u00f3citos s\u00e3o quebradas em amino\u00e1cidos livres para gerar energia.<\/p>\n<p>Essa degrada\u00e7\u00e3o proteica desenfreada reduz a s\u00edntese via complexo <strong>mTOR<\/strong> e diminui a \u00e1rea de sec\u00e7\u00e3o transversa das fibras musculares do tipo II. O resultado fisiol\u00f3gico direto \u00e9 a queda expressiva na taxa metab\u00f3lica de repouso, tornando a queima de lip\u00eddios cada vez mais lenta e elevando o risco do chamado reganho de peso rebote.<\/p>\n<div class=\"wp-block-image\">\n<figure class=\"aligncenter size-large\"><img fetchpriority=\"high\" decoding=\"async\" width=\"1024\" height=\"572\" src=\"https:\/\/www.uai.com.br\/wp-content\/uploads\/2026\/08\/Diagnosing_sleep_metabolic_stagn\u2026_202608311712-1024x572.jpeg\" alt=\"Tr\u00edptico em tr\u00eas etapas mostrando exame de densitometria corporal, alimenta\u00e7\u00e3o rica em prote\u00ednas e exerc\u00edcio de muscula\u00e7\u00e3o\" class=\"wp-image-171046\"\/><figcaption class=\"wp-element-caption\">Diagn\u00f3stico preciso, aporte proteico adequado e treino de for\u00e7a formam o trip\u00e9 de preserva\u00e7\u00e3o muscular no emagrecimento \u2014 Cr\u00e9ditos: Imagem gerada por IA<\/figcaption><\/figure>\n<\/div>\n<h2 class=\"wp-block-heading\">Quais sinais no corpo indicam perda de m\u00fasculos em vez de apenas gordura?<\/h2>\n<p>A perda de tecido muscular costuma emitir alertas funcionais claros antes mesmo de altera\u00e7\u00f5es vis\u00edveis no espelho. A percep\u00e7\u00e3o de esfor\u00e7o desproporcional em atividades corriqueiras \u00e9 um dos principais par\u00e2metros cl\u00ednicos relatados nos consult\u00f3rios.<\/p>\n<ul class=\"wp-block-list\">\n<li><strong>Dificuldade funcional em tarefas simples:<\/strong> cansa\u00e7o incomum ao subir escadas, levantar de cadeiras baixas ou carregar sacolas leves de compras.<\/li>\n<li><strong>Redu\u00e7\u00e3o da for\u00e7a de preens\u00e3o manual:<\/strong> sensa\u00e7\u00e3o de perda de firmeza nas m\u00e3os ao abrir potes ou segurar objetos com precis\u00e3o.<\/li>\n<li><strong>Fadiga muscular prematura:<\/strong> sensa\u00e7\u00e3o de queima\u00e7\u00e3o muscular r\u00e1pida mesmo em caminhadas curtas no plano.<\/li>\n<li><strong>Sensa\u00e7\u00e3o frequente de frio e letargia:<\/strong> reflexo da desacelera\u00e7\u00e3o da termog\u00eanese gerada pela redu\u00e7\u00e3o do tecido muscular ativo.<\/li>\n<li><strong>Flacidez tecidual abrupta:<\/strong> perda de contorno e volume muscular nos membros inferiores e gl\u00fateos, com preserva\u00e7\u00e3o proporcional de dobras cut\u00e2neas.<\/li>\n<\/ul>\n<h2 class=\"wp-block-heading\">O que a ci\u00eancia revela sobre a queima direcionada de gordura e preserva\u00e7\u00e3o muscular?<\/h2>\n<p>A preserva\u00e7\u00e3o da massa esquel\u00e9tica durante tratamentos de obesidade tornou-se uma das prioridades centrais da endocrinologia contempor\u00e2nea. Pesquisas recentes em biologia molecular investigam terapias capazes de desacoplar a oxida\u00e7\u00e3o de lip\u00eddios do consumo de substrato proteico, estimulando a termog\u00eanese no tecido adiposo marrom sem degradar mi\u00f3citos.<\/p>\n<p>De acordo com <a href=\"https:\/\/www.endocrino.org.br\" target=\"_blank\" rel=\"noopener noreferrer\">posicionamentos da Sociedade Brasileira de Endocrinologia e Metabologia<\/a>, at\u00e9 <strong>25% a 40%<\/strong> do peso eliminado em interven\u00e7\u00f5es estritamente restritivas pode corresponder a tecido magro caso n\u00e3o haja vigil\u00e2ncia nutricional e est\u00edmulo mec\u00e2nico resistido. Estudos translacionais publicados no peri\u00f3dico <em>Nature Metabolism<\/em> indicam que novas mol\u00e9culas em desenvolvimento focam justamente na inibi\u00e7\u00e3o da via da miostatina e no est\u00edmulo seletivo mitocondrial para queimar triglicer\u00eddeos preservando <strong>100%<\/strong> da estrutura contr\u00e1til muscular.<\/p>\n<div class=\"rdp-cards-wrapper\">\n<p>Saiba mais sobre a perda muscular no emagrecimento<\/p>\n<div class=\"rdp-cards-grid\">\n<div class=\"rdp-cards-item\">\n      <span class=\"rdp-cards-icon\">\ud83d\udcca<\/span><br \/>\n      <span class=\"rdp-cards-eyebrow\">Dado cient\u00edfico<\/span><br \/>\n      <span class=\"rdp-cards-figure\">1,2g a 1,6g<\/span><\/p>\n<p>Meta proteica di\u00e1ria por quilo<\/p>\n<p class=\"rdp-cards-item-desc\">Ingest\u00e3o fracionada recomendada em diretrizes cl\u00ednicas para blindar o tecido muscular contra a degrada\u00e7\u00e3o proteica durante d\u00e9ficits de calorias.<\/p>\n<\/p><\/div>\n<div class=\"rdp-cards-item\">\n      <span class=\"rdp-cards-icon\">\ud83e\ude7a<\/span><br \/>\n      <span class=\"rdp-cards-eyebrow\">Exame diagn\u00f3stico<\/span><\/p>\n<p>Densitometria de corpo inteiro (DEXA)<\/p>\n<p class=\"rdp-cards-item-desc\">Padr\u00e3o-ouro para discriminar com precis\u00e3o milim\u00e9trica a quantidade de gordura visceral, massa magra apendicular e conte\u00fado mineral \u00f3sseo.<\/p>\n<\/p><\/div>\n<div class=\"rdp-cards-item\">\n      <span class=\"rdp-cards-icon\">\u26a0\ufe0f<\/span><br \/>\n      <span class=\"rdp-cards-eyebrow\">Sinal de alerta<\/span><\/p>\n<p>Queda de for\u00e7a de preens\u00e3o palmar<\/p>\n<p class=\"rdp-cards-item-desc\">Redu\u00e7\u00e3o mensurada no dinam\u00f4metro abaixo dos par\u00e2metros de idade indica perda funcional grave de fibras musculares ativas.<\/p>\n<\/p><\/div>\n<\/p><\/div>\n<\/div>\n<h2 class=\"wp-block-heading\">Quais fatores metab\u00f3licos e diet\u00e9ticos aceleram o consumo de massa magra?<\/h2>\n<p>O catabolismo muscular n\u00e3o decorre de um \u00fanico fator, mas da intera\u00e7\u00e3o entre aportes nutricionais insuficientes, altera\u00e7\u00f5es hormonais e velocidade da perda ponderal. Avaliar essas causas permite reverter o quadro antes que a funcionalidade seja comprometida.<\/p>\n<ul class=\"wp-block-list\">\n<li><strong>D\u00e9ficit cal\u00f3rico extremo e repentino:<\/strong> dietas muito restritivas for\u00e7am a utiliza\u00e7\u00e3o de amino\u00e1cidos musculares como combust\u00edvel oxidativo principal.<\/li>\n<li><strong>Ingest\u00e3o proteica abaixo das necessidades m\u00ednimas:<\/strong> consumo insuficiente de prote\u00ednas de alto valor biol\u00f3gico impede a repara\u00e7\u00e3o tecidual di\u00e1ria.<\/li>\n<li><strong>Aus\u00eancia de sobrecarga mec\u00e2nica:<\/strong> a falta de contra\u00e7\u00e3o muscular resistida sinaliza ao organismo que a manuten\u00e7\u00e3o daquele tecido n\u00e3o \u00e9 prioridade biol\u00f3gica.<\/li>\n<li><strong>Altera\u00e7\u00f5es no eixo tireoidiano e cortisol elevado:<\/strong> o estresse metab\u00f3lico cont\u00ednuo eleva o cortisol s\u00e9rico, um potente agente indutor de quebra proteica.<\/li>\n<li><strong>Uso inadvertido de medicamentos emagrecedores sem suporte nutricional:<\/strong> redu\u00e7\u00e3o dr\u00e1stica do apetite sem plano alimentar estruturado leva \u00e0 desnutri\u00e7\u00e3o proteica oculta.<\/li>\n<\/ul>\n<div class=\"wp-block-image\">\n<figure class=\"aligncenter size-large\"><img decoding=\"async\" width=\"1024\" height=\"572\" src=\"https:\/\/www.uai.com.br\/wp-content\/uploads\/2026\/08\/Doctor_consulting_patient_with_data_202608311712-1024x572.jpeg\" alt=\"M\u00e9dico endocrinologista avaliando a for\u00e7a de preens\u00e3o manual de paciente com dinam\u00f4metro em consult\u00f3rio cl\u00ednico\" class=\"wp-image-171045\"\/><figcaption class=\"wp-element-caption\">A medi\u00e7\u00e3o da for\u00e7a muscular em consult\u00f3rio ajuda a diagnosticar a perda precoce de massa magra \u2014 Cr\u00e9ditos: Imagem gerada por IA<\/figcaption><\/figure>\n<\/div>\n<h2 class=\"wp-block-heading\">Quando a perda de for\u00e7a exige consulta com endocrinologista e investiga\u00e7\u00e3o cl\u00ednica?<\/h2>\n<p>A perda sutil de condicionamento f\u00edsico deve ser distinguida de quadros graves de deple\u00e7\u00e3o muscular. Se a fraqueza for progressiva, impedir a realiza\u00e7\u00e3o de tarefas cotidianas ou vier acompanhada de perda de peso n\u00e3o intencional superior a <strong>5% do peso corporal<\/strong> em menos de seis meses, uma consulta com <strong>endocrinologista<\/strong> ou <strong>nutr\u00f3logo<\/strong> \u00e9 indispens\u00e1vel para realizar exames de <strong>bioimped\u00e2ncia tetrapolar<\/strong> ou <strong>DEXA<\/strong> e painel laboratorial com <strong>creatinofosfoquinase (CPK)<\/strong> e eletr\u00f3litos.<\/p>\n<p>Por outro lado, a ocorr\u00eancia de fraqueza muscular aguda e generalizada, incapacidade s\u00fabita de sustenta\u00e7\u00e3o dos membros, tontura ao ficar de p\u00e9 com press\u00e3o arterial muito baixa, confus\u00e3o mental ou epis\u00f3dios de desmaio exige atendimento m\u00e9dico imediato em pronto-socorro ou acionamento do <strong>SAMU (192)<\/strong>, pois pode indicar desidrata\u00e7\u00e3o cr\u00edtica, dist\u00farbios hidroeletrol\u00edticos severos ou colapso hemodin\u00e2mico.<\/p>\n<p><strong><em>Este conte\u00fado tem car\u00e1ter exclusivamente informativo e n\u00e3o substitui a avalia\u00e7\u00e3o, o diagn\u00f3stico ou o acompanhamento individualizado de um profissional de sa\u00fade qualificado.<\/em><\/strong><\/p>\n<p><!-- CONTENT END 1 --><\/p><\/div>\n<p><br \/>\n<br \/><a href=\"https:\/\/www.uai.com.br\/saude-e-bem-estar\/2026\/09\/02\/fraqueza-muscular-durante-o-emagrecimento-pode-ser-sinal-de-perda-acelerada-de-massa-magra\/\">Super Esportes<\/a><\/p>\n","protected":false},"excerpt":{"rendered":"<p>&#13; &#13; O que \u00e9: Redu\u00e7\u00e3o progressiva do t\u00f4nus, da for\u00e7a f\u00edsica e do volume muscular durante per\u00edodos de restri\u00e7\u00e3o energ\u00e9tica ou terapias para perda de peso.&#13; &#13; &#13; Pode indicar: Quadro de catabolismo proteico excessivo, sarcopenia secund\u00e1ria e queda desordenada da taxa metab\u00f3lica basal.&#13; &#13; &#13; Quando buscar ajuda: Se a perda de peso [&hellip;]<\/p>\n","protected":false},"author":1,"featured_media":35567,"comment_status":"closed","ping_status":"","sticky":false,"template":"","format":"standard","meta":{"footnotes":""},"categories":[14],"tags":[],"class_list":["post-35566","post","type-post","status-publish","format-standard","has-post-thumbnail","hentry","category-esportes"],"_links":{"self":[{"href":"https:\/\/diarioalagoas.com.br\/index.php?rest_route=\/wp\/v2\/posts\/35566","targetHints":{"allow":["GET"]}}],"collection":[{"href":"https:\/\/diarioalagoas.com.br\/index.php?rest_route=\/wp\/v2\/posts"}],"about":[{"href":"https:\/\/diarioalagoas.com.br\/index.php?rest_route=\/wp\/v2\/types\/post"}],"author":[{"embeddable":true,"href":"https:\/\/diarioalagoas.com.br\/index.php?rest_route=\/wp\/v2\/users\/1"}],"replies":[{"embeddable":true,"href":"https:\/\/diarioalagoas.com.br\/index.php?rest_route=%2Fwp%2Fv2%2Fcomments&post=35566"}],"version-history":[{"count":0,"href":"https:\/\/diarioalagoas.com.br\/index.php?rest_route=\/wp\/v2\/posts\/35566\/revisions"}],"wp:featuredmedia":[{"embeddable":true,"href":"https:\/\/diarioalagoas.com.br\/index.php?rest_route=\/wp\/v2\/media\/35567"}],"wp:attachment":[{"href":"https:\/\/diarioalagoas.com.br\/index.php?rest_route=%2Fwp%2Fv2%2Fmedia&parent=35566"}],"wp:term":[{"taxonomy":"category","embeddable":true,"href":"https:\/\/diarioalagoas.com.br\/index.php?rest_route=%2Fwp%2Fv2%2Fcategories&post=35566"},{"taxonomy":"post_tag","embeddable":true,"href":"https:\/\/diarioalagoas.com.br\/index.php?rest_route=%2Fwp%2Fv2%2Ftags&post=35566"}],"curies":[{"name":"wp","href":"https:\/\/api.w.org\/{rel}","templated":true}]}}