{"id":35568,"date":"2026-09-02T22:48:36","date_gmt":"2026-09-03T01:48:36","guid":{"rendered":"https:\/\/diarioalagoas.com.br\/?p=35568"},"modified":"2026-09-02T22:48:36","modified_gmt":"2026-09-03T01:48:36","slug":"sus-amplia-oferta-de-tromboliticos-para-infarto-e-avc-isquemico","status":"publish","type":"post","link":"https:\/\/diarioalagoas.com.br\/?p=35568","title":{"rendered":"SUS amplia oferta de trombol\u00edticos para infarto e AVC isqu\u00eamico"},"content":{"rendered":"<p> <br \/>\n<\/p>\n<div>\n<p>O Sistema \u00danico de Sa\u00fade (SUS) vai ampliar a oferta de medicamentos trombol\u00edticos na rede de urg\u00eancia e emerg\u00eancia, incluindo as unidades de Pronto Atendimento (UPAs) e o Servi\u00e7o de Atendimento M\u00f3vel de Urg\u00eancia (Samu 192).<img decoding=\"async\" src=\"https:\/\/agenciabrasil.ebc.com.br\/ebc.png?id=1701356&amp;o=node\" style=\"width:1px; height:1px; display:inline;\"\/><img decoding=\"async\" src=\"https:\/\/agenciabrasil.ebc.com.br\/ebc.gif?id=1701356&amp;o=node\" style=\"width:1px; height:1px; display:inline;\"\/><\/p>\n<p>O maior acesso ao tratamento pelas pessoas com Infarto Agudo do Mioc\u00e1rdio (IAM) e o Acidente Vascular Cerebral (AVC) isqu\u00eamico est\u00e1 previsto na <a href=\"https:\/\/www.camara.leg.br\/proposicoesWeb\/prop_mostrarintegra?codteor=2374283&amp;filename=PL%205972\/2023\" target=\"_blank\">Lei n\u00ba 5.972\/2023<\/a>, <strong>sancionada na manh\u00e3 desta quarta-feira (2) pelo presidente da Rep\u00fablica<\/strong>.<\/p>\n<p>Os <strong>trombol\u00edticos s\u00e3o usados, conforme avalia\u00e7\u00e3o cl\u00ednica, para dissolver os co\u00e1gulos sangu\u00edneos que bloqueiam os vasos do cora\u00e7\u00e3o ou do c\u00e9rebro<\/strong> e, dessa forma, restabelecer a circula\u00e7\u00e3o do sangue. O bloqueio pode causar as duas graves condi\u00e7\u00f5es m\u00e9dicas de emerg\u00eancia, o IAM e o AVC isqu\u00eamico.<\/p>\n<p>A rapidez no diagn\u00f3stico e no in\u00edcio da terapia aumenta as chances de sobreviv\u00eancia e reduz o risco de sequelas nos pacientes, ressalta o ministro da Sa\u00fade, Alexandre Padilha.\u00a0<\/p>\n<p><strong>Com a san\u00e7\u00e3o da lei, a terapia estar\u00e1 mais dispon\u00edvel em todo o pa\u00eds.<\/strong>\u00a0<\/p>\n<p>\u201cEm caso de infarto, acidente vascular cerebral, tempo \u00e9 vida! \u00c9 o que pode reduzir o risco de \u00f3bito ou de impactos maiores f\u00edsicos para aquela pessoa\u201d, disse em suas redes sociais.\u00a0<\/p>\n<p>Nos casos de infarto, o uso do trombol\u00edtico pode ser indicado, principalmente, quando os procedimentos de maior complexidade, como a angioplastia (procedimento m\u00e9dico para desobstruir art\u00e9rias), n\u00e3o est\u00e3o dispon\u00edveis no tempo recomendado. Assim, o paciente pode receber o medicamento enquanto a continuidade do atendimento \u00e9 providenciada na rede de sa\u00fade.<\/p>\n<h2>Comit\u00ea<\/h2>\n<p><strong>Atualmente, j\u00e1 existem protocolos do SUS para diagn\u00f3stico e tratamento para o IAM e para o AVC que preveem o uso de trombol\u00edticos nos servi\u00e7os de urg\u00eancia e emerg\u00eancia, incluindo as UPA e o Samu 192.<\/strong> No entanto, a aquisi\u00e7\u00e3o desses medicamentos \u00e9 feita pelos gestores de sa\u00fade locais.<\/p>\n<p>Para ampliar a disponibilidade desses medicamentos e aprimorar a oferta dos trombol\u00edticos na rede p\u00fablica de sa\u00fade de todo pa\u00eds, o ministro da Sa\u00fade assinou a portaria que instituiu o Comit\u00ea de Acompanhamento da Implementa\u00e7\u00e3o das Linhas de Cuidado dos Agravos Cerebrovasculares e Cardiovasculares Tempo-Dependentes: Acidente Vascular Cerebral (AVC) e Infarto Agudo do Mioc\u00e1rdio (IAM).<\/p>\n<p><strong>De acordo com a pasta, esse grupo ser\u00e1 respons\u00e1vel por analisar e propor a\u00e7\u00f5es para tornar os medicamentos mais acess\u00edveis e qualificar a assist\u00eancia aos pacientes.<\/strong><\/p>\n<p>\u201cO Minist\u00e9rio da Sa\u00fade cria hoje um grupo de trabalho, junto com as sociedades de especialidades, para regulamentar, estabelecer diretrizes, implementar e acompanhar a execu\u00e7\u00e3o em todo o Brasil. Isso \u00e9 fundamental para mudar a hist\u00f3ria natural do infarto no nosso pa\u00eds\u201d, explicou o ministro Alexandre Padilha.<\/p>\n<h2>N\u00fameros<\/h2>\n<p><strong>O Brasil registra entre 300 mil e 400 mil casos de infarto por ano.<\/strong> Em 2025, o SUS contabilizou 292 mil atendimentos por AVC, dos quais 218 mil foram relacionados ao AVC isqu\u00eamico, quando um co\u00e1gulo obstrui uma art\u00e9ria do c\u00e9rebro, interrompendo o fluxo sangu\u00edneo e a oxigena\u00e7\u00e3o na regi\u00e3o.<\/p>\n<p>Nas UPAs, as equipes podem fazer o diagn\u00f3stico, avaliar a indica\u00e7\u00e3o cl\u00ednica e, quando necess\u00e1rio, iniciar o tratamento com trombol\u00edticos tanto para o IAM quanto o AVC isqu\u00eamico para dissolu\u00e7\u00e3o dos trombos.<\/p>\n<p>O ministro Alexandre Padilha disse que v\u00e1rias experi\u00eancias com uso de trombol\u00edticos, realizadas junto aos estados e munic\u00edpios, s\u00e3o acompanhadas pela pasta, com a possibilidade de reduzir em at\u00e9 50% os \u00f3bitos por infarto.<\/p>\n<p><strong>No Samu 192, ap\u00f3s avalia\u00e7\u00e3o da equipe de sa\u00fade, o medicamento pode ser administrado nas unidades de Suporte Avan\u00e7ado de Vida habilitadas.<\/strong><\/p>\n<p>Atualmente, 102 unidades do Samu 192 est\u00e3o habilitadas para prestar esse tipo de assist\u00eancia. O Cear\u00e1 concentra 28 unidades, seguido por Minas Gerais, com 22; Sergipe, com 16; Rio Grande do Norte, com 13; Bahia, com 12; S\u00e3o Paulo, com nove; e Para\u00edba, com duas.<\/p>\n<p>Em 2025, foram registradas 861 aplica\u00e7\u00f5es de trombol\u00edticos pelo Samu 192 em todo o pa\u00eds.<\/p>\n<p>      <!-- Relacionada --><\/p>\n<p>            <!-- Relacionada -->\n    <\/div>\n<p><br \/>\n<br \/><a href=\"https:\/\/agenciabrasil.ebc.com.br\/saude\/noticia\/2026-09\/sus-amplia-oferta-de-tromboliticos-para-infarto-e-avc-isquemico\">Ag\u00eancia Brasil<\/a><\/p>\n","protected":false},"excerpt":{"rendered":"<p>O Sistema \u00danico de Sa\u00fade (SUS) vai ampliar a oferta de medicamentos trombol\u00edticos na rede de urg\u00eancia e emerg\u00eancia, incluindo as unidades de Pronto Atendimento (UPAs) e o Servi\u00e7o de Atendimento M\u00f3vel de Urg\u00eancia (Samu 192). O maior acesso ao tratamento pelas pessoas com Infarto Agudo do Mioc\u00e1rdio (IAM) e o Acidente Vascular Cerebral (AVC) [&hellip;]<\/p>\n","protected":false},"author":1,"featured_media":35569,"comment_status":"closed","ping_status":"","sticky":false,"template":"","format":"standard","meta":{"footnotes":""},"categories":[18],"tags":[],"class_list":["post-35568","post","type-post","status-publish","format-standard","has-post-thumbnail","hentry","category-saude"],"_links":{"self":[{"href":"https:\/\/diarioalagoas.com.br\/index.php?rest_route=\/wp\/v2\/posts\/35568","targetHints":{"allow":["GET"]}}],"collection":[{"href":"https:\/\/diarioalagoas.com.br\/index.php?rest_route=\/wp\/v2\/posts"}],"about":[{"href":"https:\/\/diarioalagoas.com.br\/index.php?rest_route=\/wp\/v2\/types\/post"}],"author":[{"embeddable":true,"href":"https:\/\/diarioalagoas.com.br\/index.php?rest_route=\/wp\/v2\/users\/1"}],"replies":[{"embeddable":true,"href":"https:\/\/diarioalagoas.com.br\/index.php?rest_route=%2Fwp%2Fv2%2Fcomments&post=35568"}],"version-history":[{"count":0,"href":"https:\/\/diarioalagoas.com.br\/index.php?rest_route=\/wp\/v2\/posts\/35568\/revisions"}],"wp:featuredmedia":[{"embeddable":true,"href":"https:\/\/diarioalagoas.com.br\/index.php?rest_route=\/wp\/v2\/media\/35569"}],"wp:attachment":[{"href":"https:\/\/diarioalagoas.com.br\/index.php?rest_route=%2Fwp%2Fv2%2Fmedia&parent=35568"}],"wp:term":[{"taxonomy":"category","embeddable":true,"href":"https:\/\/diarioalagoas.com.br\/index.php?rest_route=%2Fwp%2Fv2%2Fcategories&post=35568"},{"taxonomy":"post_tag","embeddable":true,"href":"https:\/\/diarioalagoas.com.br\/index.php?rest_route=%2Fwp%2Fv2%2Ftags&post=35568"}],"curies":[{"name":"wp","href":"https:\/\/api.w.org\/{rel}","templated":true}]}}