{"id":35574,"date":"2026-09-03T01:16:01","date_gmt":"2026-09-03T04:16:01","guid":{"rendered":"https:\/\/diarioalagoas.com.br\/?p=35574"},"modified":"2026-09-03T01:16:01","modified_gmt":"2026-09-03T04:16:01","slug":"professores-de-escolas-particulares-do-rio-fazem-greve-de-24-horas","status":"publish","type":"post","link":"https:\/\/diarioalagoas.com.br\/?p=35574","title":{"rendered":"Professores de escolas particulares do Rio fazem greve de 24 horas"},"content":{"rendered":"<p> <br \/>\n<\/p>\n<div>\n<p>Professores de escolas particulares do Rio de Janeiro cruzaram os bra\u00e7os nesta quarta-feira (2) em reivindica\u00e7\u00e3o por melhores condi\u00e7\u00f5es de trabalho. A luta \u00e9 por reajuste salarial e pela valoriza\u00e7\u00e3o dos profissionais.\u00a0<img decoding=\"async\" src=\"https:\/\/agenciabrasil.ebc.com.br\/ebc.png?id=1701387&amp;o=node\" style=\"width:1px; height:1px; display:inline;\"\/><img decoding=\"async\" src=\"https:\/\/agenciabrasil.ebc.com.br\/ebc.gif?id=1701387&amp;o=node\" style=\"width:1px; height:1px; display:inline;\"\/><\/p>\n<p><strong>A greve, de 24 horas, foi aprovada em assembleia conduzida pelo Sindicato dos Professores do Munic\u00edpio do Rio de Janeiro e Regi\u00e3o (Sinpro-Rio), no \u00faltimo s\u00e1bado (29), ap\u00f3s rodadas de negocia\u00e7\u00e3o sem acordo<\/strong>.<\/p>\n<p>Nesta quarta, mobilizados, os professores realizaram um ato no Largo do Machado, no bairro Catete, na zona sul da cidade. Participaram da paralisa\u00e7\u00e3o, de acordo com o sindicato, mais de 1 mil profissionais.\u00a0<\/p>\n<h2>Reivindica\u00e7\u00f5es<\/h2>\n<ul>\n<li><strong>pagamento da hora-atividade, trabalhada\u00a0fora da sala de aula\u00a0em atividades pedag\u00f3gicas; <\/strong><\/li>\n<li><strong>gratifica\u00e7\u00e3o pelo aprimoramento acad\u00eamico; <\/strong><\/li>\n<li><strong>equipara\u00e7\u00e3o salarial entre profissionais da educa\u00e7\u00e3o infantil, do ensino fundamental e do ensino m\u00e9dio; <\/strong><\/li>\n<li><strong>reajuste salarial de ao menos 5,5%.<\/strong><\/li>\n<\/ul>\n<p>De acordo com o diretor jur\u00eddico do SinproRio, F\u00e1bio Conde, o sal\u00e1rio est\u00e1 defasado. Al\u00e9m disso, <strong>principalmente ap\u00f3s a pandemia, o trabalho fora da sala de aula aumentou, com trabalho virtual, uso de plataformas de ensino, adapta\u00e7\u00e3o de materiais, entre outras tarefas<\/strong>.\u00a0<\/p>\n<p>&#8220;A gente vem solicitando que o patronato aceite que a gente inclua uma cl\u00e1usula para remunera\u00e7\u00e3o por essa hora-atividade fora de sala de aula, porque o professor tem trabalhado demais sem receber nada&#8221;, diz.<\/p>\n<blockquote>\n<p>&#8220;O professor est\u00e1 trabalhando na escala 7 por 0, porque ele trabalha todos os dias, ele tem fichas, tem trabalhos para corrigir, ele tem uma s\u00e9rie de coisas para fazer todos os dias, mesmo fora de sala de aula e n\u00e3o tem intervalo&#8221;, acrescenta. &#8220;A quantidade de professores que est\u00e3o afastados por quest\u00f5es mentais \u00e9 muito grande&#8221;.\u00a0<\/p>\n<\/blockquote>\n<p>A <strong>Ag\u00eancia Brasil<\/strong> entrou em contato com o Sindicato dos Esta\u00adbelecimentos de Ensino no Rio de Janeiro (SinepeRio) que optou por n\u00e3o se manifestar, neste momento, sobre o tema.\u00a0<\/p>\n<p>\u00a0<\/p>\n<div class=\"dnd-widget-wrapper context-cheio_8colunas type-image\">\n<div class=\"dnd-atom-rendered\"><!-- scald=473305:cheio_8colunas --><br \/>\n            <img decoding=\"async\" src=\"https:\/\/imagens.ebc.com.br\/Pkx4rdjW-KqMe61x6ykfMKqye20=\/754x0\/smart\/https:\/\/agenciabrasil.ebc.com.br\/sites\/default\/files\/thumbnails\/image\/2026\/09\/02\/_d6a3052_0.jpg?itok=TE2brKv9\" alt=\"Rio de Janeiro (RJ), 02\/09\/2026  \u2013 Professores das escolas particulares do Rio de Janeiro, em greve por reajuste salarial e outras reivindica\u00e7\u00f5es, protestam nas ruas da regi\u00e3o do Largo do Machado. Foto: Fernando Fraz\u00e3o\/Ag\u00eancia Brasil\" title=\"Fernando Fraz\u00e3o\/Ag\u00eancia Brasil\"\/><br \/>\n        <img decoding=\"async\" src=\"https:\/\/imagens.ebc.com.br\/Pkx4rdjW-KqMe61x6ykfMKqye20=\/754x0\/smart\/https:\/\/agenciabrasil.ebc.com.br\/sites\/default\/files\/thumbnails\/image\/2026\/09\/02\/_d6a3052_0.jpg?itok=TE2brKv9\" alt=\"Rio de Janeiro (RJ), 02\/09\/2026  \u2013 Professores das escolas particulares do Rio de Janeiro, em greve por reajuste salarial e outras reivindica\u00e7\u00f5es, protestam nas ruas da regi\u00e3o do Largo do Machado. Foto: Fernando Fraz\u00e3o\/Ag\u00eancia Brasil\" title=\"Fernando Fraz\u00e3o\/Ag\u00eancia Brasil\"\/><br \/>\n    <!-- END scald=473305 --><\/div>\n<p><h6 class=\"meta\">Professores das escolas particulares do Rio de Janeiro, em greve por reajuste salarial e outras reivindica\u00e7\u00f5es, protestam nas ruas da regi\u00e3o do Largo do Machado. Foto:\u00a0<strong>Fernando Fraz\u00e3o\/Ag\u00eancia Brasil<\/strong><!--END copyright=473305--><\/h6>\n<\/p>\n<\/div>\n<p>      <!-- Relacionada --><\/p>\n<p>            <!-- Relacionada -->\n    <\/div>\n<p><br \/>\n<br \/><a href=\"https:\/\/agenciabrasil.ebc.com.br\/educacao\/noticia\/2026-09\/professores-de-escolas-particulares-no-rio-fazem-greve-de-24-horas\">Ag\u00eancia Brasil<\/a><\/p>\n","protected":false},"excerpt":{"rendered":"<p>Professores de escolas particulares do Rio de Janeiro cruzaram os bra\u00e7os nesta quarta-feira (2) em reivindica\u00e7\u00e3o por melhores condi\u00e7\u00f5es de trabalho. A luta \u00e9 por reajuste salarial e pela valoriza\u00e7\u00e3o dos profissionais.\u00a0 A greve, de 24 horas, foi aprovada em assembleia conduzida pelo Sindicato dos Professores do Munic\u00edpio do Rio de Janeiro e Regi\u00e3o (Sinpro-Rio), [&hellip;]<\/p>\n","protected":false},"author":1,"featured_media":35575,"comment_status":"closed","ping_status":"","sticky":false,"template":"","format":"standard","meta":{"footnotes":""},"categories":[13],"tags":[],"class_list":["post-35574","post","type-post","status-publish","format-standard","has-post-thumbnail","hentry","category-educacao"],"_links":{"self":[{"href":"https:\/\/diarioalagoas.com.br\/index.php?rest_route=\/wp\/v2\/posts\/35574","targetHints":{"allow":["GET"]}}],"collection":[{"href":"https:\/\/diarioalagoas.com.br\/index.php?rest_route=\/wp\/v2\/posts"}],"about":[{"href":"https:\/\/diarioalagoas.com.br\/index.php?rest_route=\/wp\/v2\/types\/post"}],"author":[{"embeddable":true,"href":"https:\/\/diarioalagoas.com.br\/index.php?rest_route=\/wp\/v2\/users\/1"}],"replies":[{"embeddable":true,"href":"https:\/\/diarioalagoas.com.br\/index.php?rest_route=%2Fwp%2Fv2%2Fcomments&post=35574"}],"version-history":[{"count":0,"href":"https:\/\/diarioalagoas.com.br\/index.php?rest_route=\/wp\/v2\/posts\/35574\/revisions"}],"wp:featuredmedia":[{"embeddable":true,"href":"https:\/\/diarioalagoas.com.br\/index.php?rest_route=\/wp\/v2\/media\/35575"}],"wp:attachment":[{"href":"https:\/\/diarioalagoas.com.br\/index.php?rest_route=%2Fwp%2Fv2%2Fmedia&parent=35574"}],"wp:term":[{"taxonomy":"category","embeddable":true,"href":"https:\/\/diarioalagoas.com.br\/index.php?rest_route=%2Fwp%2Fv2%2Fcategories&post=35574"},{"taxonomy":"post_tag","embeddable":true,"href":"https:\/\/diarioalagoas.com.br\/index.php?rest_route=%2Fwp%2Fv2%2Ftags&post=35574"}],"curies":[{"name":"wp","href":"https:\/\/api.w.org\/{rel}","templated":true}]}}