{"id":35598,"date":"2026-09-03T11:47:17","date_gmt":"2026-09-03T14:47:17","guid":{"rendered":"https:\/\/diarioalagoas.com.br\/?p=35598"},"modified":"2026-09-03T11:47:17","modified_gmt":"2026-09-03T14:47:17","slug":"confira-a-agenda-dos-presidenciaveis-nesta-quinta-feira-3","status":"publish","type":"post","link":"https:\/\/diarioalagoas.com.br\/?p=35598","title":{"rendered":"Confira a agenda dos presidenci\u00e1veis nesta quinta-feira (3)"},"content":{"rendered":"<p> <br \/>\n<\/p>\n<div>\n<p>A agenda dos presidenci\u00e1veis inclui entrevistas e sabatinas em ve\u00edculos de comunica\u00e7\u00e3o, encontros com lideran\u00e7as religiosas, visitas a institui\u00e7\u00f5es e obras sociais. Tamb\u00e9m est\u00e3o previstas panfletagem e apresenta\u00e7\u00e3o de programa eleitoral, al\u00e9m de atividades partid\u00e1rias.<img decoding=\"async\" src=\"https:\/\/agenciabrasil.ebc.com.br\/ebc.png?id=1701402&amp;o=node\" style=\"width:1px; height:1px; display:inline;\"\/><img decoding=\"async\" src=\"https:\/\/agenciabrasil.ebc.com.br\/ebc.gif?id=1701402&amp;o=node\" style=\"width:1px; height:1px; display:inline;\"\/><\/p>\n<p><strong>Clariana Bar\u00e3o (Democracia Crist\u00e3)\u00a0<\/strong><br \/>Concede entrevista para o canal Leo Dias\u00a0<\/p>\n<p><strong>Edmilson Costa (PCB)<\/strong><br \/>Cumpre agenda da secretaria-geral do PCB em Lisboa.\u00a0<\/p>\n<p><strong>Fl\u00e1vio Bolsonaro (PL)<\/strong><br \/>Faz transmiss\u00e3o ao vivo pelas redes sociais, \u00e0s 19h.<\/p>\n<p><strong>Hertz Dias (PSTU)<\/strong><br \/>Em Aracaju (SE), participa de panfletagem no Cal\u00e7ad\u00e3o da rua Jo\u00e3o Pessoa e de conversa de apresenta\u00e7\u00e3o do Programa Eleitoral\u00a0\u00a0do PSTU na sede do Sindipetro.\u00a0<\/p>\n<p><strong>Renan Santos (Miss\u00e3o)<\/strong><br \/>Concede entrevista para CNN Brasil, \u00e0s 21h<\/p>\n<p><strong>Romeu Zema (Novo)\u00a0<\/strong><br \/>Participa de sabatina no programa Jornal da Manh\u00e3, da Jovem Pan, das 8h \u00e0s 9h.\u00a0<\/p>\n<p><strong>Ronaldo Caiado (PSD)<\/strong><br \/>Concede entrevista para o jornal O Estado de S. Paulo. \u00c0 tarde, visita a obra social Dom\u00a0Bosco, em S\u00e3o Paulo (SP).\u00a0<\/p>\n<p><strong>Wilson Grassi (Democrata)<\/strong><br \/>Pela manh\u00e3, visita o Hospital e Centro de Reabilita\u00e7\u00e3o da Fauna Silvestre e o Hospital Veterin\u00e1rio Anclivepa, ambos em Taguatinga (DF). \u00c0 tarde, participa de protesto pac\u00edfico contra a suspens\u00e3o de seus canais digitais de campanha. \u00a0<\/p>\n<p><strong>Augusto Cury (Avante)<\/strong><br \/>Participa de reuni\u00e3o na Assembleia de Deus de S\u00e3o Paulo (SP). \u00c0 noite, participa de evento para casais da Igreja Carvalhos de Justi\u00e7a, em Ribeir\u00e3o Preto (SP).\u00a0<\/p>\n<p>Os candidatos\u00a0<strong>Luiz In\u00e1cio Lula da Silva (PT)<\/strong>\u00a0n\u00e3o tem agenda p\u00fablica de campanha nesta quinta-feira.\u00a0<strong>Rui Costa Pimenta (PCO) <\/strong>e <strong>Samara Martins (UP) <\/strong>n\u00e3o divulgaram a agenda at\u00e9 o momento desta publica\u00e7\u00e3o.\u00a0<\/p>\n<p>A ordem de apresenta\u00e7\u00e3o da cobertura da agenda dos candidatos a presidente segue rod\u00edzio di\u00e1rio em ordem alfab\u00e9tica.<\/p>\n<p>\u00a0<\/p>\n<p>      <!-- Relacionada --><\/p>\n<p>            <!-- Relacionada -->\n    <\/div>\n<p><br \/>\n<br \/><a href=\"https:\/\/agenciabrasil.ebc.com.br\/politica\/noticia\/2026-09\/confira-agenda-dos-presidenciaveis-nesta-quinta-feira-3\">Ag\u00eancia Brasil <\/a><\/p>\n","protected":false},"excerpt":{"rendered":"<p>A agenda dos presidenci\u00e1veis inclui entrevistas e sabatinas em ve\u00edculos de comunica\u00e7\u00e3o, encontros com lideran\u00e7as religiosas, visitas a institui\u00e7\u00f5es e obras sociais. Tamb\u00e9m est\u00e3o previstas panfletagem e apresenta\u00e7\u00e3o de programa eleitoral, al\u00e9m de atividades partid\u00e1rias. Clariana Bar\u00e3o (Democracia Crist\u00e3)\u00a0Concede entrevista para o canal Leo Dias\u00a0 Edmilson Costa (PCB)Cumpre agenda da secretaria-geral do PCB em Lisboa.\u00a0 [&hellip;]<\/p>\n","protected":false},"author":1,"featured_media":35599,"comment_status":"closed","ping_status":"","sticky":false,"template":"","format":"standard","meta":{"footnotes":""},"categories":[10],"tags":[],"class_list":["post-35598","post","type-post","status-publish","format-standard","has-post-thumbnail","hentry","category-politica"],"_links":{"self":[{"href":"https:\/\/diarioalagoas.com.br\/index.php?rest_route=\/wp\/v2\/posts\/35598","targetHints":{"allow":["GET"]}}],"collection":[{"href":"https:\/\/diarioalagoas.com.br\/index.php?rest_route=\/wp\/v2\/posts"}],"about":[{"href":"https:\/\/diarioalagoas.com.br\/index.php?rest_route=\/wp\/v2\/types\/post"}],"author":[{"embeddable":true,"href":"https:\/\/diarioalagoas.com.br\/index.php?rest_route=\/wp\/v2\/users\/1"}],"replies":[{"embeddable":true,"href":"https:\/\/diarioalagoas.com.br\/index.php?rest_route=%2Fwp%2Fv2%2Fcomments&post=35598"}],"version-history":[{"count":0,"href":"https:\/\/diarioalagoas.com.br\/index.php?rest_route=\/wp\/v2\/posts\/35598\/revisions"}],"wp:featuredmedia":[{"embeddable":true,"href":"https:\/\/diarioalagoas.com.br\/index.php?rest_route=\/wp\/v2\/media\/35599"}],"wp:attachment":[{"href":"https:\/\/diarioalagoas.com.br\/index.php?rest_route=%2Fwp%2Fv2%2Fmedia&parent=35598"}],"wp:term":[{"taxonomy":"category","embeddable":true,"href":"https:\/\/diarioalagoas.com.br\/index.php?rest_route=%2Fwp%2Fv2%2Fcategories&post=35598"},{"taxonomy":"post_tag","embeddable":true,"href":"https:\/\/diarioalagoas.com.br\/index.php?rest_route=%2Fwp%2Fv2%2Ftags&post=35598"}],"curies":[{"name":"wp","href":"https:\/\/api.w.org\/{rel}","templated":true}]}}