{"id":35600,"date":"2026-09-03T11:49:15","date_gmt":"2026-09-03T14:49:15","guid":{"rendered":"https:\/\/diarioalagoas.com.br\/?p=35600"},"modified":"2026-09-03T11:49:15","modified_gmt":"2026-09-03T14:49:15","slug":"prefeitura-de-maceio-ilumina-conclui-mutirao-de-manutencao-na","status":"publish","type":"post","link":"https:\/\/diarioalagoas.com.br\/?p=35600","title":{"rendered":"Prefeitura de Macei\u00f3 | Ilumina conclui mutir\u00e3o de manuten\u00e7\u00e3o na\u2026"},"content":{"rendered":"<p> <br \/>\n<\/p>\n<div id=\"\">\n<p>A Ilumina Macei\u00f3 concluiu um mutir\u00e3o de manuten\u00e7\u00e3o da ilumina\u00e7\u00e3o p\u00fablica ao longo da BR-104, no trecho entre a Universidade Federal de Alagoas (Ufal) e a entrada do Conjunto Eust\u00e1quio Gomes. Ao todo, 93 lumin\u00e1rias de LED passaram por servi\u00e7os de manuten\u00e7\u00e3o preventiva e corretiva.<\/p>\n<p>Al\u00e9m da revis\u00e3o dos equipamentos, as equipes tamb\u00e9m realizaram a checagem e manuten\u00e7\u00e3o da rede subterr\u00e2nea de ilumina\u00e7\u00e3o, com inspe\u00e7\u00e3o dos cabeamentos, conectores e eletrodutos. O trabalho tem como objetivo garantir o funcionamento adequado do sistema e ampliar a vida \u00fatil dos equipamentos.<\/p>\n<p>A a\u00e7\u00e3o contempla uma das principais vias de chegada e sa\u00edda de Macei\u00f3, contribuindo para a seguran\u00e7a e a qualidade da ilumina\u00e7\u00e3o para motoristas e pedestres que circulam diariamente pela regi\u00e3o. Algumas lumin\u00e1rias chegaram a ser retiradas dos postes met\u00e1licos de 16 metros para serem reparadas em local adequado.<\/p>\n<p>De acordo com o diretor-presidente da Ilumina Macei\u00f3, Gutenberg de Melo, as a\u00e7\u00f5es de manuten\u00e7\u00e3o preventiva s\u00e3o importantes para identificar poss\u00edveis problemas antes que eles provoquem falhas no sistema, enquanto os servi\u00e7os corretivos atuam na recupera\u00e7\u00e3o de equipamentos que apresentam algum tipo de problema. <\/p>\n<p>&#8220;N\u00f3s fizemos esse trabalho em uma via de intenso fluxo de ve\u00edculos e pedestres, em um trecho que possui institui\u00e7\u00f5es importantes como hospitais e a universidade, al\u00e9m de empresas e de ser uma via de liga\u00e7\u00e3o a bairros como o Santos Dumont, Clima Bom e conjuntos residenciais da Cidade Universit\u00e1ria&#8221;, destacou o titular da pasta.<\/p>\n<div class=\"gabinate\">\n<a href=\"https:\/\/maceio.al.gov.br\/secretarias-e-orgaos\/ilumina\">ILUMINA<\/a><\/p>\n<h2>Autarquia Municipal de Ilumina\u00e7\u00e3o P\u00fablica<\/h2>\n<p><span><\/p>\n<p>Rua Coronel Pedro Lima, 28, Jaragu\u00e1<br \/>CEP: 57022-220<br \/>Telefone: 3312-5329<strong><br \/>Disque Luz 0800 031 9055<\/strong><strong><br \/>Aplicativo Ilumina Macei\u00f3<\/strong><br \/>A autarquia tamb\u00e9m pode ser acionada pelo n\u00famero 156, no canal de atendimento unificado da Prefeitura de Macei\u00f3.<br \/>Hor\u00e1rio de atendimento: segunda a sexta, de 8h \u00e0s 14h.<\/p>\n<p><\/span><\/div>\n<\/div>\n<p><script async defer crossorigin=\"anonymous\" src=\"https:\/\/connect.facebook.net\/pt_BR\/sdk.js#xfbml=1&#038;version=v12.0\" nonce=\"0pFl3y7T\"><\/script><br \/>\n<br \/><br \/>\n<br \/><a href=\"https:\/\/maceio.al.gov.br\/noticias\/ilumina\/ilumina-conclui-mutirao-de-manutencao-na-br-104-entre-a-ufal-e-o-eustaquio-gomes\">Prefeitura de Macei\u00f3 <\/a><\/p>\n","protected":false},"excerpt":{"rendered":"<p>A Ilumina Macei\u00f3 concluiu um mutir\u00e3o de manuten\u00e7\u00e3o da ilumina\u00e7\u00e3o p\u00fablica ao longo da BR-104, no trecho entre a Universidade Federal de Alagoas (Ufal) e a entrada do Conjunto Eust\u00e1quio Gomes. Ao todo, 93 lumin\u00e1rias de LED passaram por servi\u00e7os de manuten\u00e7\u00e3o preventiva e corretiva. Al\u00e9m da revis\u00e3o dos equipamentos, as equipes tamb\u00e9m realizaram a [&hellip;]<\/p>\n","protected":false},"author":1,"featured_media":35601,"comment_status":"closed","ping_status":"","sticky":false,"template":"","format":"standard","meta":{"footnotes":""},"categories":[9],"tags":[],"class_list":["post-35600","post","type-post","status-publish","format-standard","has-post-thumbnail","hentry","category-maceio"],"_links":{"self":[{"href":"https:\/\/diarioalagoas.com.br\/index.php?rest_route=\/wp\/v2\/posts\/35600","targetHints":{"allow":["GET"]}}],"collection":[{"href":"https:\/\/diarioalagoas.com.br\/index.php?rest_route=\/wp\/v2\/posts"}],"about":[{"href":"https:\/\/diarioalagoas.com.br\/index.php?rest_route=\/wp\/v2\/types\/post"}],"author":[{"embeddable":true,"href":"https:\/\/diarioalagoas.com.br\/index.php?rest_route=\/wp\/v2\/users\/1"}],"replies":[{"embeddable":true,"href":"https:\/\/diarioalagoas.com.br\/index.php?rest_route=%2Fwp%2Fv2%2Fcomments&post=35600"}],"version-history":[{"count":0,"href":"https:\/\/diarioalagoas.com.br\/index.php?rest_route=\/wp\/v2\/posts\/35600\/revisions"}],"wp:featuredmedia":[{"embeddable":true,"href":"https:\/\/diarioalagoas.com.br\/index.php?rest_route=\/wp\/v2\/media\/35601"}],"wp:attachment":[{"href":"https:\/\/diarioalagoas.com.br\/index.php?rest_route=%2Fwp%2Fv2%2Fmedia&parent=35600"}],"wp:term":[{"taxonomy":"category","embeddable":true,"href":"https:\/\/diarioalagoas.com.br\/index.php?rest_route=%2Fwp%2Fv2%2Fcategories&post=35600"},{"taxonomy":"post_tag","embeddable":true,"href":"https:\/\/diarioalagoas.com.br\/index.php?rest_route=%2Fwp%2Fv2%2Ftags&post=35600"}],"curies":[{"name":"wp","href":"https:\/\/api.w.org\/{rel}","templated":true}]}}