{"id":35606,"date":"2026-09-03T16:10:54","date_gmt":"2026-09-03T19:10:54","guid":{"rendered":"https:\/\/diarioalagoas.com.br\/?p=35606"},"modified":"2026-09-03T16:10:54","modified_gmt":"2026-09-03T19:10:54","slug":"prefeitura-de-maceio-equipe-de-fiscalizacao-de-obras-representa","status":"publish","type":"post","link":"https:\/\/diarioalagoas.com.br\/?p=35606","title":{"rendered":"Prefeitura de Macei\u00f3 | Equipe de fiscaliza\u00e7\u00e3o de obras representa\u2026"},"content":{"rendered":"<p> <br \/>\n<\/p>\n<div id=\"\">\n<p>O trabalho da Diretoria T\u00e9cnica de Fiscaliza\u00e7\u00e3o da Ocupa\u00e7\u00e3o, Parcelamento e Uso do Solo do Instituto de Pesquisa, Planejamento e Licenciamento Urbano e Ambiental de Macei\u00f3 (Iplam) \u00e9 constante e de extrema import\u00e2ncia para a manuten\u00e7\u00e3o da cidade.<\/p>\n<p>Com o objetivo de atualizar os conhecimentos aplicados em campo, seis fiscais da equipe participam dos eventos 2\u00ba Encontro Nacional de Fiscaliza\u00e7\u00e3o Urbana (Enafau) e 13\u00ba Encontro Regional de Fiscaliza\u00e7\u00e3o Urbana Nordeste (Erefau \u2013 NE). As duas programa\u00e7\u00f5es acontecem em Fortaleza (CE), entre os dias 2 e 4 de setembro.<\/p>\n<p>Os dois encontros, que acontecem simultaneamente, t\u00eam como tema \u201cAmar a Cidade e Valorizar a Fiscaliza\u00e7\u00e3o Urbana nos Interessa Mais\u201d e s\u00e3o responsabilidade da Associa\u00e7\u00e3o Nacional de Fiscais e Auditores Fiscais de Atividade Urbanas (Anafisc) e Federa\u00e7\u00e3o Nacional de Fiscais e Auditores Fiscais de Atividades Urbanas (Fenafisc).<\/p>\n<p>As atividades programadas abordam assuntos como \u201cIntelig\u00eancia artificial e cidades inteligentes\u201d; \u201cAvan\u00e7os da categoria: identidade, uni\u00e3o e conquistas e a for\u00e7a do sindicalismo na valoriza\u00e7\u00e3o da fiscaliza\u00e7\u00e3o\u201d; e \u201cSa\u00fade do trabalhador: ass\u00e9dio, conflito e desgaste emocional como proteger quem fiscaliza?\u201d. O intuito \u00e9 mobilizar e informar os fiscais e auditores urbanos sobre os assuntos da atualidade que devem ser debatidos e supervisionados constantemente no dia a dia das a\u00e7\u00f5es.<\/p>\n<p>Para a diretora-t\u00e9cnica de Fiscaliza\u00e7\u00e3o da Ocupa\u00e7\u00e3o, Parcelamento e Uso do Solo, Carolina Neves, representar o Iplam nos dois eventos refor\u00e7a o compromisso do Instituto com a moderniza\u00e7\u00e3o, o planejamento urbano de excel\u00eancia e a inova\u00e7\u00e3o. Al\u00e9m de  trazer de volta as melhores pr\u00e1ticas do setor para aprimorar as diretrizes urbanas do munic\u00edpio de Macei\u00f3.<\/p>\n<p>\u201cO interc\u00e2mbio de experi\u00eancias permite conhecer desafios semelhantes aos enfrentados por outros munic\u00edpios e as solu\u00e7\u00f5es pr\u00e1ticas que funcionaram. Para a fiscaliza\u00e7\u00e3o urbana, isso se traduz em novas abordagens para a resolu\u00e7\u00e3o de conflitos, metodologias mais eficazes de vistoria, atualiza\u00e7\u00e3o em rela\u00e7\u00e3o \u00e0 normativas e a ado\u00e7\u00e3o de estrat\u00e9gias comprovadas que tornam o trabalho rotineiro mais assertivo e seguro. Al\u00e9m de fortalecer a consci\u00eancia de classe\u201d, destacou Carolina.<\/p>\n<div class=\"gabinate\">\n<a href=\"https:\/\/maceio.al.gov.br\/secretarias-e-orgaos\/iplam\">IPLAM<\/a><\/p>\n<h2>Instituto de Pesquisa, Planejamento e Licenciamento Urbano e Ambiental<\/h2>\n<p><span><\/p>\n<p>Rua Bar\u00e3o de Jaragu\u00e1, 398, Jaragu\u00e1<br \/>Hor\u00e1rio de atendimento ao p\u00fablico: 9h \u00e0s 14h<br \/>Hor\u00e1rio de Funcionamento: 8h \u00e0s 17h<\/p>\n<p><\/span><\/div>\n<\/div>\n<p><script async defer crossorigin=\"anonymous\" src=\"https:\/\/connect.facebook.net\/pt_BR\/sdk.js#xfbml=1&#038;version=v12.0\" nonce=\"0pFl3y7T\"><\/script><br \/>\n<br \/><br \/>\n<br \/><a href=\"https:\/\/maceio.al.gov.br\/noticias\/iplam\/equipe-de-fiscalizacao-de-obras-representa-iplam-nos-encontros-enafau-e-erefau---ne\">Prefeitura de Macei\u00f3 <\/a><\/p>\n","protected":false},"excerpt":{"rendered":"<p>O trabalho da Diretoria T\u00e9cnica de Fiscaliza\u00e7\u00e3o da Ocupa\u00e7\u00e3o, Parcelamento e Uso do Solo do Instituto de Pesquisa, Planejamento e Licenciamento Urbano e Ambiental de Macei\u00f3 (Iplam) \u00e9 constante e de extrema import\u00e2ncia para a manuten\u00e7\u00e3o da cidade. Com o objetivo de atualizar os conhecimentos aplicados em campo, seis fiscais da equipe participam dos eventos [&hellip;]<\/p>\n","protected":false},"author":1,"featured_media":35607,"comment_status":"closed","ping_status":"","sticky":false,"template":"","format":"standard","meta":{"footnotes":""},"categories":[9],"tags":[],"class_list":["post-35606","post","type-post","status-publish","format-standard","has-post-thumbnail","hentry","category-maceio"],"_links":{"self":[{"href":"https:\/\/diarioalagoas.com.br\/index.php?rest_route=\/wp\/v2\/posts\/35606","targetHints":{"allow":["GET"]}}],"collection":[{"href":"https:\/\/diarioalagoas.com.br\/index.php?rest_route=\/wp\/v2\/posts"}],"about":[{"href":"https:\/\/diarioalagoas.com.br\/index.php?rest_route=\/wp\/v2\/types\/post"}],"author":[{"embeddable":true,"href":"https:\/\/diarioalagoas.com.br\/index.php?rest_route=\/wp\/v2\/users\/1"}],"replies":[{"embeddable":true,"href":"https:\/\/diarioalagoas.com.br\/index.php?rest_route=%2Fwp%2Fv2%2Fcomments&post=35606"}],"version-history":[{"count":0,"href":"https:\/\/diarioalagoas.com.br\/index.php?rest_route=\/wp\/v2\/posts\/35606\/revisions"}],"wp:featuredmedia":[{"embeddable":true,"href":"https:\/\/diarioalagoas.com.br\/index.php?rest_route=\/wp\/v2\/media\/35607"}],"wp:attachment":[{"href":"https:\/\/diarioalagoas.com.br\/index.php?rest_route=%2Fwp%2Fv2%2Fmedia&parent=35606"}],"wp:term":[{"taxonomy":"category","embeddable":true,"href":"https:\/\/diarioalagoas.com.br\/index.php?rest_route=%2Fwp%2Fv2%2Fcategories&post=35606"},{"taxonomy":"post_tag","embeddable":true,"href":"https:\/\/diarioalagoas.com.br\/index.php?rest_route=%2Fwp%2Fv2%2Ftags&post=35606"}],"curies":[{"name":"wp","href":"https:\/\/api.w.org\/{rel}","templated":true}]}}