{"id":35616,"date":"2026-09-03T20:37:45","date_gmt":"2026-09-03T23:37:45","guid":{"rendered":"https:\/\/diarioalagoas.com.br\/?p=35616"},"modified":"2026-09-03T20:37:45","modified_gmt":"2026-09-03T23:37:45","slug":"prefeitura-de-maceio-procon-maceio-fiscaliza-empresas-de-onibus","status":"publish","type":"post","link":"https:\/\/diarioalagoas.com.br\/?p=35616","title":{"rendered":"Prefeitura de Macei\u00f3 | Procon Macei\u00f3 fiscaliza empresas de \u00f4nibus\u2026"},"content":{"rendered":"<p> <br \/>\n<\/p>\n<div id=\"\">\n<p>Macei\u00f3 est\u00e1 entre os cinco destinos mais procurados para o feriado nacional desta segunda-feira (7). Diante da expectativa de aumento no fluxo de passageiros, o Procon Macei\u00f3 realizou, nesta quinta-feira (3), uma fiscaliza\u00e7\u00e3o nas empresas de transportes interestaduais que atuam no Terminal Rodovi\u00e1rio da capital alagoana.<\/p>\n<p>A a\u00e7\u00e3o teve como objetivo verificar o cumprimento das normas que garantem os direitos dos passageiros, al\u00e9m de identificar poss\u00edveis irregularidades na presta\u00e7\u00e3o dos servi\u00e7os durante o per\u00edodo de maior movimenta\u00e7\u00e3o.<\/p>\n<p>Durante a fiscaliza\u00e7\u00e3o, a equipe do Procon verificou a disponibilidade de informa\u00e7\u00f5es objetivas e precisas sobre pre\u00e7os, hor\u00e1rios, categorias dos servi\u00e7os e formas de pagamento. Tamb\u00e9m foram verificadas as documenta\u00e7\u00f5es das empresas, a disponibilidade de assentos gratuitos, conforme prev\u00ea a lei, e demais aspectos relacionados \u00e0 presta\u00e7\u00e3o adequada e segura do servi\u00e7o.<\/p>\n<p>De acordo com o gerente de fiscaliza\u00e7\u00e3o do Procon Macei\u00f3, Matheus Pita, a atua\u00e7\u00e3o preventiva \u00e9 importante para garantir que os direitos dos passageiros sejam respeitados, especialmente em per\u00edodos de grande demanda. \u201cCom o feriad\u00e3o se aproximando, foi importante realizar essa averigua\u00e7\u00e3o para garantir aos usu\u00e1rios um servi\u00e7o seguro e adequado&#8221;, afirma.<\/p>\n<p>Ainda segundo Matheus, durante a fiscaliza\u00e7\u00e3o, uma das pr\u00e1ticas encontradas foi a aus\u00eancia de informa\u00e7\u00f5es objetivas sobre pre\u00e7os e condi\u00e7\u00f5es da contrata\u00e7\u00e3o, o que pode dificultar a tomada de decis\u00e3o do cliente e configura infra\u00e7\u00e3o \u00e0s normas de prote\u00e7\u00e3o e defesa do consumidor.<\/p>\n<p>Todas as empresas foram notificadas e ter\u00e3o prazo de dois dias para apresentarem documentos como alvar\u00e1 de funcionamento e de bombeiros, al\u00e9m de regularizarem as demais pend\u00eancias verificadas pelo Procon. Se n\u00e3o houver resposta, haver\u00e1  aplica\u00e7\u00e3o de multa, conforme previsto na legisla\u00e7\u00e3o.<\/p>\n<p>O Procon Macei\u00f3 orienta que, em casos de atraso excessivo, interrup\u00e7\u00e3o da viagem ou falha no ve\u00edculo que comprometa a continuidade do servi\u00e7o, o consumidor deve buscar informa\u00e7\u00f5es junto \u00e0 empresa e exigir as alternativas previstas na legisla\u00e7\u00e3o, como reembolso, remarca\u00e7\u00e3o da passagem ou transporte alternativo, quando cab\u00edvel.<\/p>\n<p>O bilhete de passagem tamb\u00e9m deve ser guardado at\u00e9 o final da viagem, pois \u00e9 um documento essencial para comprovar a contrata\u00e7\u00e3o do servi\u00e7o. O Procon tamb\u00e9m recomenda que os passageiros mantenham guardados os comprovantes de pagamento, recibos, bilhetes e registros de atendimento realizados pela empresa. Esses documentos podem ser importantes, caso seja necess\u00e1rio formalizar uma reclama\u00e7\u00e3o, ou buscar a repara\u00e7\u00e3o de eventuais danos.<\/p>\n<p>Em caso de d\u00favidas ou problemas relacionados aos servi\u00e7os de transporte, o consumidor pode procurar o Procon Macei\u00f3 para receber orienta\u00e7\u00e3o e formalizar reclama\u00e7\u00f5es pelos canais de atendimento. Basta ligar para o n\u00famero gratuito <strong>0800 082 4567, <\/strong>entrar em contato pelo WhatsApp <strong>(82) 98882-8326<\/strong> e ainda presencialmente na sede do Procon Macei\u00f3 ou nos demais n\u00facleos da capital.<\/p>\n<div class=\"gabinate\">\n<a href=\"https:\/\/maceio.al.gov.br\/secretarias-e-orgaos\/segov\">SEGOV<\/a><\/p>\n<h2>Secretaria Municipal de Governo e de Subprefeituras<\/h2>\n<p><span><\/p>\n<p>Rua S\u00e1 e Albuquerque, 235 &#8211; Jaragu\u00e1<br \/>CEP: 57022-180 &#8211; Macei\u00f3\/AL \/\/ Telefone: (82) 3312-5880<br \/>Hor\u00e1rio de atendimento: segunda a sexta, de 8h \u00e0s 14h<\/p>\n<p><\/span><\/div>\n<\/div>\n<p><script async defer crossorigin=\"anonymous\" src=\"https:\/\/connect.facebook.net\/pt_BR\/sdk.js#xfbml=1&#038;version=v12.0\" nonce=\"0pFl3y7T\"><\/script><br \/>\n<br \/><br \/>\n<br \/><a href=\"https:\/\/maceio.al.gov.br\/noticias\/segov\/procon-maceio-fiscaliza-empresas-de-onibus-interestaduais-no-terminal-rodoviario-da-capital\">Prefeitura de Macei\u00f3 <\/a><\/p>\n","protected":false},"excerpt":{"rendered":"<p>Macei\u00f3 est\u00e1 entre os cinco destinos mais procurados para o feriado nacional desta segunda-feira (7). Diante da expectativa de aumento no fluxo de passageiros, o Procon Macei\u00f3 realizou, nesta quinta-feira (3), uma fiscaliza\u00e7\u00e3o nas empresas de transportes interestaduais que atuam no Terminal Rodovi\u00e1rio da capital alagoana. A a\u00e7\u00e3o teve como objetivo verificar o cumprimento das [&hellip;]<\/p>\n","protected":false},"author":1,"featured_media":35617,"comment_status":"closed","ping_status":"","sticky":false,"template":"","format":"standard","meta":{"footnotes":""},"categories":[9],"tags":[],"class_list":["post-35616","post","type-post","status-publish","format-standard","has-post-thumbnail","hentry","category-maceio"],"_links":{"self":[{"href":"https:\/\/diarioalagoas.com.br\/index.php?rest_route=\/wp\/v2\/posts\/35616","targetHints":{"allow":["GET"]}}],"collection":[{"href":"https:\/\/diarioalagoas.com.br\/index.php?rest_route=\/wp\/v2\/posts"}],"about":[{"href":"https:\/\/diarioalagoas.com.br\/index.php?rest_route=\/wp\/v2\/types\/post"}],"author":[{"embeddable":true,"href":"https:\/\/diarioalagoas.com.br\/index.php?rest_route=\/wp\/v2\/users\/1"}],"replies":[{"embeddable":true,"href":"https:\/\/diarioalagoas.com.br\/index.php?rest_route=%2Fwp%2Fv2%2Fcomments&post=35616"}],"version-history":[{"count":0,"href":"https:\/\/diarioalagoas.com.br\/index.php?rest_route=\/wp\/v2\/posts\/35616\/revisions"}],"wp:featuredmedia":[{"embeddable":true,"href":"https:\/\/diarioalagoas.com.br\/index.php?rest_route=\/wp\/v2\/media\/35617"}],"wp:attachment":[{"href":"https:\/\/diarioalagoas.com.br\/index.php?rest_route=%2Fwp%2Fv2%2Fmedia&parent=35616"}],"wp:term":[{"taxonomy":"category","embeddable":true,"href":"https:\/\/diarioalagoas.com.br\/index.php?rest_route=%2Fwp%2Fv2%2Fcategories&post=35616"},{"taxonomy":"post_tag","embeddable":true,"href":"https:\/\/diarioalagoas.com.br\/index.php?rest_route=%2Fwp%2Fv2%2Ftags&post=35616"}],"curies":[{"name":"wp","href":"https:\/\/api.w.org\/{rel}","templated":true}]}}