{"id":35618,"date":"2026-09-03T21:55:43","date_gmt":"2026-09-04T00:55:43","guid":{"rendered":"https:\/\/diarioalagoas.com.br\/?p=35618"},"modified":"2026-09-03T21:55:43","modified_gmt":"2026-09-04T00:55:43","slug":"professores-tem-8-mil-vagas-gratuitas-para-pos-graduacao","status":"publish","type":"post","link":"https:\/\/diarioalagoas.com.br\/?p=35618","title":{"rendered":"Professores t\u00eam 8 mil vagas gratuitas para p\u00f3s-gradua\u00e7\u00e3o"},"content":{"rendered":"<p> <br \/>\n<\/p>\n<div>\n<p><strong>Professores da <a href=\"https:\/\/agenciabrasil.ebc.com.br\/tags\/educacao-basica\" target=\"_blank\">educa\u00e7\u00e3o b\u00e1sica<\/a> da\u00a0rede\u00a0p\u00fablica\u00a0de todo o pa\u00eds t\u00eam \u00e0 disposi\u00e7\u00e3o mais de 8 mil vagas em cursos de p\u00f3s-gradua\u00e7\u00e3o presenciais e gratuitos.<\/strong><img decoding=\"async\" src=\"https:\/\/agenciabrasil.ebc.com.br\/ebc.png?id=1701495&amp;o=node\" style=\"width:1px; height:1px; display:inline;\"\/><img decoding=\"async\" src=\"https:\/\/agenciabrasil.ebc.com.br\/ebc.gif?id=1701495&amp;o=node\" style=\"width:1px; height:1px; display:inline;\"\/><\/p>\n<p>O <a href=\"https:\/\/www.gov.br\/mec\/pt-br\" target=\"_blank\">Minist\u00e9rio da Educa\u00e7\u00e3o (MEC)<\/a> e a Coordena\u00e7\u00e3o de Aperfei\u00e7oamento de Pessoal de N\u00edvel Superior (Capes) divulgaram, de forma unificada, nesta quarta-feira (3), os processos seletivos no <a href=\"https:\/\/www.gov.br\/mec\/pt-br\/mais-professores\/portal-formacao\" target=\"_blank\">Portal\u202fForma\u00e7\u00e3o Mais Professores<\/a>.\u202f<\/p>\n<p>A divulga\u00e7\u00e3o nacional busca ampliar o alcance das informa\u00e7\u00f5es sobre cursos de\u202fp\u00f3s-gradua\u00e7\u00e3o\u202fdestinados a qualificar os professores em exerc\u00edcio na educa\u00e7\u00e3o b\u00e1sica p\u00fablica.\u202f\u202f<\/p>\n<h2>\u00c1reas dos cursos<\/h2>\n<p>Nos editais publicados principalmente de\u00a0agosto a\u00a0setembro, foram disponibilizadas cerca de 7 mil vagas de mestrado e doutorado\u202fnas seguintes \u00e1reas:<\/p>\n<ul>\n<li>244 em sociologia;\u202f<\/li>\n<li>480\u202fem\u202feduca\u00e7\u00e3o f\u00edsica;\u202f\u202f\u202f\u202f<\/li>\n<li>919 em\u202fletras;\u202f\u202f\u202f\u202f<\/li>\n<li>719 em\u202ff\u00edsica;\u202f\u202f\u202f\u202f<\/li>\n<li>385 em\u202fartes;\u202f\u202f\u202f\u202f<\/li>\n<li>324 em\u202ffilosofia;\u202f\u202f<\/li>\n<li>702 em hist\u00f3ria;\u202f\u202f<\/li>\n<li>181 em hist\u00f3ria;\u202f\u202f<\/li>\n<li>288 em\u202fqu\u00edmica;\u202f\u202f<\/li>\n<li>1.848 em\u202fmatem\u00e1tica;\u202f\u202f<\/li>\n<li>100 em matem\u00e1tica;\u202f\u202f\u202f\u202f<\/li>\n<li>572 em\u202fbiologia;\u202f\u202f\u202f\u202f<\/li>\n<li>130 em\u202feduca\u00e7\u00e3o tecnol\u00f3gica;\u202f\u202f<\/li>\n<li>75 em alfabetiza\u00e7\u00e3o.\u202f\u202f<\/li>\n<\/ul>\n<p><strong>O MEC comunica que, em breve, ser\u00e1 publicado um novo edital do Programa de Mestrado Profissional em Educa\u00e7\u00e3o Inclusiva em Rede Nacional (ProfEI) com a previs\u00e3o de oferta de\u202f700 vagas aos docentes.<\/strong><\/p>\n<p>Tamb\u00e9m est\u00e3o previstas oportunidades relacionadas \u00e0 educa\u00e7\u00e3o\u202fprofissional e tecnol\u00f3gica por meio do Programa de P\u00f3s-Gradua\u00e7\u00e3o em Educa\u00e7\u00e3o Profissional e Tecnol\u00f3gica (PROF-EPT)\u202fe\u202fdo Programa de P\u00f3s-Gradua\u00e7\u00e3o em Ci\u00eancia, Cultura e Educa\u00e7\u00e3o Digital (ProfEDigital), ainda sem n\u00famero\u202fde vagas.<\/p>\n<p>      <!-- Relacionada --><\/p>\n<p>            <!-- Relacionada -->\n    <\/div>\n<p><br \/>\n<br \/><a href=\"https:\/\/agenciabrasil.ebc.com.br\/educacao\/noticia\/2026-09\/professores-tem-8-mil-vagas-gratuitas-para-pos-graduacao\">Ag\u00eancia Brasil<\/a><\/p>\n","protected":false},"excerpt":{"rendered":"<p>Professores da educa\u00e7\u00e3o b\u00e1sica da\u00a0rede\u00a0p\u00fablica\u00a0de todo o pa\u00eds t\u00eam \u00e0 disposi\u00e7\u00e3o mais de 8 mil vagas em cursos de p\u00f3s-gradua\u00e7\u00e3o presenciais e gratuitos. O Minist\u00e9rio da Educa\u00e7\u00e3o (MEC) e a Coordena\u00e7\u00e3o de Aperfei\u00e7oamento de Pessoal de N\u00edvel Superior (Capes) divulgaram, de forma unificada, nesta quarta-feira (3), os processos seletivos no Portal\u202fForma\u00e7\u00e3o Mais Professores.\u202f A divulga\u00e7\u00e3o [&hellip;]<\/p>\n","protected":false},"author":1,"featured_media":35619,"comment_status":"closed","ping_status":"","sticky":false,"template":"","format":"standard","meta":{"footnotes":""},"categories":[13],"tags":[],"class_list":["post-35618","post","type-post","status-publish","format-standard","has-post-thumbnail","hentry","category-educacao"],"_links":{"self":[{"href":"https:\/\/diarioalagoas.com.br\/index.php?rest_route=\/wp\/v2\/posts\/35618","targetHints":{"allow":["GET"]}}],"collection":[{"href":"https:\/\/diarioalagoas.com.br\/index.php?rest_route=\/wp\/v2\/posts"}],"about":[{"href":"https:\/\/diarioalagoas.com.br\/index.php?rest_route=\/wp\/v2\/types\/post"}],"author":[{"embeddable":true,"href":"https:\/\/diarioalagoas.com.br\/index.php?rest_route=\/wp\/v2\/users\/1"}],"replies":[{"embeddable":true,"href":"https:\/\/diarioalagoas.com.br\/index.php?rest_route=%2Fwp%2Fv2%2Fcomments&post=35618"}],"version-history":[{"count":0,"href":"https:\/\/diarioalagoas.com.br\/index.php?rest_route=\/wp\/v2\/posts\/35618\/revisions"}],"wp:featuredmedia":[{"embeddable":true,"href":"https:\/\/diarioalagoas.com.br\/index.php?rest_route=\/wp\/v2\/media\/35619"}],"wp:attachment":[{"href":"https:\/\/diarioalagoas.com.br\/index.php?rest_route=%2Fwp%2Fv2%2Fmedia&parent=35618"}],"wp:term":[{"taxonomy":"category","embeddable":true,"href":"https:\/\/diarioalagoas.com.br\/index.php?rest_route=%2Fwp%2Fv2%2Fcategories&post=35618"},{"taxonomy":"post_tag","embeddable":true,"href":"https:\/\/diarioalagoas.com.br\/index.php?rest_route=%2Fwp%2Fv2%2Ftags&post=35618"}],"curies":[{"name":"wp","href":"https:\/\/api.w.org\/{rel}","templated":true}]}}