{"id":35624,"date":"2026-09-04T01:13:25","date_gmt":"2026-09-04T04:13:25","guid":{"rendered":"https:\/\/diarioalagoas.com.br\/?p=35624"},"modified":"2026-09-04T01:13:25","modified_gmt":"2026-09-04T04:13:25","slug":"prefeitura-de-maceio-mais-uma-turma-de-estudantes-se-prepara-para","status":"publish","type":"post","link":"https:\/\/diarioalagoas.com.br\/?p=35624","title":{"rendered":"Prefeitura de Macei\u00f3 | Mais uma turma de estudantes se prepara para\u2026"},"content":{"rendered":"<p> <br \/>\n<\/p>\n<div id=\"\">\n<p>A expectativa, a ansiedade e o sonho de conhecer um novo pa\u00eds tomaram conta do terceiro grupo de estudantes selecionados no programa Macei\u00f3 Abra\u00e7a o Mundo. Ao todo, 50 alunos da rede p\u00fablica municipal de ensino v\u00e3o embarcar para a Inglaterra, viver uma experi\u00eancia de imers\u00e3o na l\u00edngua inglesa e conhecer uma nova cultura.<\/p>\n<p>Para o prefeito Rodrigo Cunha, o Macei\u00f3 Abra\u00e7a o Mundo \u00e9 uma forma de ampliar as oportunidades oferecidas aos estudantes da rede municipal.<\/p>\n<p>\u201cO Macei\u00f3 Abra\u00e7a o Mundo \u00e9 uma oportunidade \u00fanica para esses jovens ampliarem seus conhecimentos, terem contato com um novo idioma e conhecerem de perto a cultura de outro Pa\u00eds. \u00c9 uma experi\u00eancia que muitos deles talvez n\u00e3o tivessem a chance de viver. Macei\u00f3, hoje, tem ensino de qualidade, e n\u00f3s estamos preparando os nossos jovens para o futuro. Estamos investindo cada vez mais na educa\u00e7\u00e3o, com a climatiza\u00e7\u00e3o das escolas, melhorias na infraestrutura, tecnologia, seguran\u00e7a e alimenta\u00e7\u00e3o escolar. Seguimos trabalhando para construir uma rede de ensino cada vez mais preparada e oferecer aos nossos estudantes as oportunidades que eles precisam e merecem\u201d, destacou.<\/p>\n<p><strong>Realiza\u00e7\u00e3o de sonho<\/strong><\/p>\n<p>Durante a prepara\u00e7\u00e3o para a viagem, os estudantes participaram da verifica\u00e7\u00e3o dos documentos e receberam os kits com mala e outros materiais que ir\u00e3o acompanh\u00e1-los durante a experi\u00eancia internacional. O atendimento foi dividido em dois per\u00edodos, nesta segunda-feira (3), com 23 estudantes recebidos pela manh\u00e3, e outros 27, no per\u00edodo da tarde, na System Idiomas, localizada no bairro Ponta Verde.<\/p>\n<p>Entre os jovens que se preparam para atravessar o oceano est\u00e1 J\u00falia Gabriely, 12 anos, estudante da Escola Municipal Maria das Gra\u00e7as de S\u00e1 Teixeira. Para ela, a oportunidade representa a realiza\u00e7\u00e3o de algo que jamais imaginou viver. \u201cEu estou muito feliz com essa oportunidade, porque nunca imaginava que ia viajar para fora do Pa\u00eds. Estou ansiosa para aprender novas culturas, novas pessoas e um novo idioma e melhorar meu ingl\u00eas\u201d, contou.<\/p>\n<p>A expectativa tamb\u00e9m \u00e9 compartilhada por Juliane Vit\u00f3ria, 12 anos, estudante da mesma unidade de ensino. Para ela, a viagem tamb\u00e9m ser\u00e1 uma oportunidade de colocar em pr\u00e1tica outro idioma. \u201cQuero aprender a falar ingl\u00eas, conhecer pessoas e ver o Big Bem. Achei um dos s\u00edmbolos mais bonitos de l\u00e1\u201d, destacou.<\/p>\n<p>Samuel Salgueiro, 14 anos, tamb\u00e9m aluno da Maria das Gra\u00e7as de S\u00e1 Teixeira, n\u00e3o esconde a empolga\u00e7\u00e3o. Para ele, a experi\u00eancia representa uma oportunidade que poder\u00e1 trazer aprendizados para al\u00e9m da sala de aula.<\/p>\n<p>Samuel espera aproveitar cada momento da experi\u00eancia para aperfei\u00e7oar o ingl\u00eas, fazer novas amizades e ampliar sua vis\u00e3o de mundo. \u201cEstou muito feliz. \u00c9 uma oportunidade muito boa para n\u00f3s, estudantes da escola municipal. Poder conhecer um novo pa\u00eds, um novo idioma e uma nova cultura \u00e9 algo que vai ajudar muito no futuro. Quero melhorar o idioma, conhecer novas amizades, uma nova cultura e viver experi\u00eancias que acredito que v\u00e3o me ajudar no futuro e na minha vida profissional\u201d, disse.<\/p>\n<p>O secret\u00e1rio de Educa\u00e7\u00e3o de Macei\u00f3, Jo\u00e3o Folha, participou da entrega, destacando que o interc\u00e2mbio representa uma oportunidade de transforma\u00e7\u00e3o na trajet\u00f3ria dos jovens e refor\u00e7ando o compromisso da gest\u00e3o com uma educa\u00e7\u00e3o capaz de ampliar horizontes.<\/p>\n<p>\u201cHoje, estamos entregando, mais uma vez, muito mais do que malas e documentos. Estamos entregando sonhos e oportunidades. Cada estudante que embarca nessa experi\u00eancia leva junto a hist\u00f3ria da nossa rede municipal e volta com uma bagagem que vai muito al\u00e9m do que cabe em uma mala. O contato com uma nova cultura, com o idioma ingl\u00eas e com uma realidade diferente amplia horizontes e mostra que nossos estudantes podem sonhar grande e conquistar espa\u00e7os no mundo. Afinal, esse \u00e9 o papel da educa\u00e7\u00e3o, transformar vidas e criar caminhos para o futuro\u201d, afirmou Jo\u00e3o Folha.<\/p>\n<p>A recep\u00e7\u00e3o dos alunos e seus familiares e a entrega dos kits tamb\u00e9m foram acompanhadas pelo professor Jefferson Simons, integrante da Comiss\u00e3o do Interc\u00e2mbio e coordenador-geral da Educa\u00e7\u00e3o Bil\u00edngue e dos N\u00facleos de L\u00ednguas da Semed.<\/p>\n<p>Com malas e documentos sendo preparados, os 50 estudantes, agora, contam os dias para embarcar rumo \u00e0 Inglaterra. Para alguns, ser\u00e1 a primeira viagem internacional. Para todos, a chance de voltar para casa com novas experi\u00eancias, conhecimentos e, possivelmente, novos sonhos.<\/p>\n<div class=\"gallery-item\">\n<span class=\"gallery-item__legend\">Foto: Mel Cleto e Caio Cruz<\/span><\/div>\n<div class=\"gabinate\">\n<a href=\"https:\/\/maceio.al.gov.br\/secretarias-e-orgaos\/semed\">SEMED<\/a><\/p>\n<h2>Secretaria Municipal de Educa\u00e7\u00e3o<\/h2>\n<p><span><\/p>\n<p>Rua General Hermes, 1199 &#8211; Cambona<br \/>CEP 57017-201 \/\/ Telefone: (82) 3312-5608<br \/>Hor\u00e1rio de atendimento: segunda a sexta, de 8h \u00e0s 14h.<\/p>\n<p><\/span><\/div>\n<\/div>\n<p><script async defer crossorigin=\"anonymous\" src=\"https:\/\/connect.facebook.net\/pt_BR\/sdk.js#xfbml=1&#038;version=v12.0\" nonce=\"0pFl3y7T\"><\/script><br \/>\n<br \/><br \/>\n<br \/><a href=\"https:\/\/maceio.al.gov.br\/noticias\/semed\/mais-uma-turma-de-estudantes-se-prepara-para-viagem-a-inglaterra-pelo-maceio-abraca-o-mundo\">Prefeitura de Macei\u00f3 <\/a><\/p>\n","protected":false},"excerpt":{"rendered":"<p>A expectativa, a ansiedade e o sonho de conhecer um novo pa\u00eds tomaram conta do terceiro grupo de estudantes selecionados no programa Macei\u00f3 Abra\u00e7a o Mundo. Ao todo, 50 alunos da rede p\u00fablica municipal de ensino v\u00e3o embarcar para a Inglaterra, viver uma experi\u00eancia de imers\u00e3o na l\u00edngua inglesa e conhecer uma nova cultura. Para [&hellip;]<\/p>\n","protected":false},"author":1,"featured_media":35625,"comment_status":"closed","ping_status":"","sticky":false,"template":"","format":"standard","meta":{"footnotes":""},"categories":[9],"tags":[],"class_list":["post-35624","post","type-post","status-publish","format-standard","has-post-thumbnail","hentry","category-maceio"],"_links":{"self":[{"href":"https:\/\/diarioalagoas.com.br\/index.php?rest_route=\/wp\/v2\/posts\/35624","targetHints":{"allow":["GET"]}}],"collection":[{"href":"https:\/\/diarioalagoas.com.br\/index.php?rest_route=\/wp\/v2\/posts"}],"about":[{"href":"https:\/\/diarioalagoas.com.br\/index.php?rest_route=\/wp\/v2\/types\/post"}],"author":[{"embeddable":true,"href":"https:\/\/diarioalagoas.com.br\/index.php?rest_route=\/wp\/v2\/users\/1"}],"replies":[{"embeddable":true,"href":"https:\/\/diarioalagoas.com.br\/index.php?rest_route=%2Fwp%2Fv2%2Fcomments&post=35624"}],"version-history":[{"count":0,"href":"https:\/\/diarioalagoas.com.br\/index.php?rest_route=\/wp\/v2\/posts\/35624\/revisions"}],"wp:featuredmedia":[{"embeddable":true,"href":"https:\/\/diarioalagoas.com.br\/index.php?rest_route=\/wp\/v2\/media\/35625"}],"wp:attachment":[{"href":"https:\/\/diarioalagoas.com.br\/index.php?rest_route=%2Fwp%2Fv2%2Fmedia&parent=35624"}],"wp:term":[{"taxonomy":"category","embeddable":true,"href":"https:\/\/diarioalagoas.com.br\/index.php?rest_route=%2Fwp%2Fv2%2Fcategories&post=35624"},{"taxonomy":"post_tag","embeddable":true,"href":"https:\/\/diarioalagoas.com.br\/index.php?rest_route=%2Fwp%2Fv2%2Ftags&post=35624"}],"curies":[{"name":"wp","href":"https:\/\/api.w.org\/{rel}","templated":true}]}}