{"id":35640,"date":"2026-09-04T09:31:42","date_gmt":"2026-09-04T12:31:42","guid":{"rendered":"https:\/\/diarioalagoas.com.br\/?p=35640"},"modified":"2026-09-04T09:31:42","modified_gmt":"2026-09-04T12:31:42","slug":"prefeitura-de-maceio-alurb-participa-de-seminario-sobre-mudancas","status":"publish","type":"post","link":"https:\/\/diarioalagoas.com.br\/?p=35640","title":{"rendered":"Prefeitura de Macei\u00f3 | Alurb participa de semin\u00e1rio sobre mudan\u00e7as\u2026"},"content":{"rendered":"<p> <br \/>\n<\/p>\n<div id=\"\">\n<p>A Autarquia Municipal de Desenvolvimento Sustent\u00e1vel e Limpeza Urbana (Alurb) participou, na \u00faltima quarta-feira (2), da 4\u00aa edi\u00e7\u00e3o do projeto ambiental, solid\u00e1rio e cultural \u201cPelas Ruas do Meu Cora\u00e7\u00e3o\u201d, realizado no Espa\u00e7o Cultural Reitor Jo\u00e3o Sampaio, no bairro do Farol, em Macei\u00f3. O encontro reuniu especialistas, estudantes, representantes de institui\u00e7\u00f5es e a sociedade para discutir temas relacionados ao meio ambiente e aos desafios para a preserva\u00e7\u00e3o dos recursos naturais.<\/p>\n<p>Entre os destaques da programa\u00e7\u00e3o esteve a participa\u00e7\u00e3o da diretora-executiva da Alurb, Kedyna Tavares, que integrou o ciclo de palestras ao lado de representantes de \u00f3rg\u00e3os ambientais, Minist\u00e9rio P\u00fablico, Corpo de Bombeiros, institui\u00e7\u00f5es de ensino e outras entidades. As discuss\u00f5es abordaram temas como mudan\u00e7as clim\u00e1ticas, barragens e preserva\u00e7\u00e3o da \u00e1gua, ampliando o debate sobre a import\u00e2ncia de pol\u00edticas p\u00fablicas e da participa\u00e7\u00e3o da sociedade na prote\u00e7\u00e3o ambiental.<\/p>\n<div class=\"single-section-box single-section-img single-box-full\">\n<figure>\n<a href=\"https:\/\/cdnpm.dhost.cloud\/imagens\/02-09-2026-Palestra-Kedyna-Tavares-Pelas-Ruas-do-Meu-coracao-Farol-Alurb-Walisson-Vieira-4.jpeg\" data-fancybox=\"images\"><br \/>\n<img decoding=\"async\" src=\"https:\/\/maceio.al.gov.br\/transform\/imagens\/_845x560_crop_center-center_none\/02-09-2026-Palestra-Kedyna-Tavares-Pelas-Ruas-do-Meu-coracao-Farol-Alurb-Walisson-Vieira-4.jpeg\" alt=\"Foto: Walisson Vieira\/Ascom Alurb\"\/><br \/>\n<\/a><figcaption><small class=\"img-credits\">Foto: Walisson Vieira\/Ascom Alurb<\/small><\/figcaption><\/figure>\n<\/div>\n<p>\u201cDiscutir meio ambiente \u00e9 falar sobre o presente e, principalmente, sobre o futuro. A educa\u00e7\u00e3o ambiental e a participa\u00e7\u00e3o da sociedade s\u00e3o fundamentais para que as pol\u00edticas p\u00fablicas tenham resultados cada vez mais efetivos. Momentos como este fortalecem a troca de conhecimento e ajudam a construir uma consci\u00eancia coletiva sobre a responsabilidade que todos n\u00f3s temos com a cidade e com os recursos naturais\u201d, destacou Kedyna Tavares.<\/p>\n<p>Al\u00e9m das palestras, o evento contou com apresenta\u00e7\u00f5es culturais e uma exposi\u00e7\u00e3o de projetos socioambientais. Entre as iniciativas apresentadas esteve o Projeto Shi\u00e1, de S\u00e3o Miguel dos Campos, que transforma cascas de sururu em pe\u00e7as artesanais, al\u00e9m de a\u00e7\u00f5es desenvolvidas por marisqueiras do Vergel do Lago, unindo sustentabilidade, valoriza\u00e7\u00e3o cultural e gera\u00e7\u00e3o de renda.<\/p>\n<div class=\"single-section-box single-section-img single-box-full\">\n<figure>\n<a href=\"https:\/\/cdnpm.dhost.cloud\/imagens\/02-09-2026-Palestra-Kedyna-Tavares-Pelas-Ruas-do-Meu-coracao-Farol-Alurb-Walisson-Vieira-2.jpeg\" data-fancybox=\"images\"><br \/>\n<img decoding=\"async\" src=\"https:\/\/maceio.al.gov.br\/transform\/imagens\/_845x560_crop_center-center_none\/02-09-2026-Palestra-Kedyna-Tavares-Pelas-Ruas-do-Meu-coracao-Farol-Alurb-Walisson-Vieira-2.jpeg\" alt=\"Foto: Walisson Vieira\/Ascom Alurb\"\/><br \/>\n<\/a><figcaption><small class=\"img-credits\">Foto: Walisson Vieira\/Ascom Alurb<\/small><\/figcaption><\/figure>\n<\/div>\n<p>A programa\u00e7\u00e3o tamb\u00e9m teve car\u00e1ter solid\u00e1rio. O acesso foi realizado mediante a doa\u00e7\u00e3o de 1 kg de alimento n\u00e3o perec\u00edvel, destinado ao Projeto Crescer, ou de 10 tampinhas pl\u00e1sticas para a\u00e7\u00f5es de responsabilidade socioambiental. Para a Alurb, a participa\u00e7\u00e3o no encontro refor\u00e7a a import\u00e2ncia de aproximar o poder p\u00fablico, especialistas, institui\u00e7\u00f5es e popula\u00e7\u00e3o em torno de iniciativas de educa\u00e7\u00e3o ambiental e constru\u00e7\u00e3o de uma Macei\u00f3 mais sustent\u00e1vel.<\/p>\n<div class=\"gallery-item\">\n<span class=\"gallery-item__legend\">Foto: Walisson Vieira\/Ascom Alurb<\/span><\/div>\n<div class=\"gabinate\">\n<a href=\"https:\/\/maceio.al.gov.br\/secretarias-e-orgaos\/alurb\">ALURB<\/a><\/p>\n<h2>Autarquia de Desenvolvimento Sustent\u00e1vel e Limpeza Urbana<\/h2>\n<p><span><\/p>\n<p>Rua Cel. Pedro Lima, 69 &#8211; Jaragu\u00e1;<br \/>CEP 57022-220 \/\/ Telefone: (82) 3312-5380 | Central de Monitoramento Sudes: 0800 082 2600 \/ (82) 98802-4834 (Whatsapp) | Informa\u00e7\u00f5es\/Agendamento Parques: (82) 98801-3651<br \/><a href=\"http:\/\/maceio.al.gov.br\/cdn-cgi\/l\/email-protection#88f8fae7fce7ebe7e4e7c8e9e4fdfaeaa6e5e9ebede1e7a6e9e4a6efe7fea6eafa\" target=\"_blank\" rel=\"noreferrer noopener\"><span class=\"__cf_email__\" data-cfemail=\"fd8d8f9289929e929192bd9c91888f9fd3909c9e989492d39c91d39a928bd39f8f\">[email\u00a0protected]<\/span><\/a><br \/>Hor\u00e1rio de atendimento: segunda a sexta, de 8h \u00e0s 14h<\/p>\n<p><\/span><\/div>\n<\/div>\n<p><script async defer crossorigin=\"anonymous\" src=\"https:\/\/connect.facebook.net\/pt_BR\/sdk.js#xfbml=1&#038;version=v12.0\" nonce=\"0pFl3y7T\"><\/script><br \/>\n<br \/><br \/>\n<br \/><a href=\"https:\/\/maceio.al.gov.br\/noticias\/alurb\/alurb-participa-de-seminario-sobre-mudancas-climaticas-e-preservacao-ambiental-em-maceio\">Prefeitura de Macei\u00f3 <\/a><\/p>\n","protected":false},"excerpt":{"rendered":"<p>A Autarquia Municipal de Desenvolvimento Sustent\u00e1vel e Limpeza Urbana (Alurb) participou, na \u00faltima quarta-feira (2), da 4\u00aa edi\u00e7\u00e3o do projeto ambiental, solid\u00e1rio e cultural \u201cPelas Ruas do Meu Cora\u00e7\u00e3o\u201d, realizado no Espa\u00e7o Cultural Reitor Jo\u00e3o Sampaio, no bairro do Farol, em Macei\u00f3. O encontro reuniu especialistas, estudantes, representantes de institui\u00e7\u00f5es e a sociedade para discutir [&hellip;]<\/p>\n","protected":false},"author":1,"featured_media":35641,"comment_status":"closed","ping_status":"","sticky":false,"template":"","format":"standard","meta":{"footnotes":""},"categories":[9],"tags":[],"class_list":["post-35640","post","type-post","status-publish","format-standard","has-post-thumbnail","hentry","category-maceio"],"_links":{"self":[{"href":"https:\/\/diarioalagoas.com.br\/index.php?rest_route=\/wp\/v2\/posts\/35640","targetHints":{"allow":["GET"]}}],"collection":[{"href":"https:\/\/diarioalagoas.com.br\/index.php?rest_route=\/wp\/v2\/posts"}],"about":[{"href":"https:\/\/diarioalagoas.com.br\/index.php?rest_route=\/wp\/v2\/types\/post"}],"author":[{"embeddable":true,"href":"https:\/\/diarioalagoas.com.br\/index.php?rest_route=\/wp\/v2\/users\/1"}],"replies":[{"embeddable":true,"href":"https:\/\/diarioalagoas.com.br\/index.php?rest_route=%2Fwp%2Fv2%2Fcomments&post=35640"}],"version-history":[{"count":0,"href":"https:\/\/diarioalagoas.com.br\/index.php?rest_route=\/wp\/v2\/posts\/35640\/revisions"}],"wp:featuredmedia":[{"embeddable":true,"href":"https:\/\/diarioalagoas.com.br\/index.php?rest_route=\/wp\/v2\/media\/35641"}],"wp:attachment":[{"href":"https:\/\/diarioalagoas.com.br\/index.php?rest_route=%2Fwp%2Fv2%2Fmedia&parent=35640"}],"wp:term":[{"taxonomy":"category","embeddable":true,"href":"https:\/\/diarioalagoas.com.br\/index.php?rest_route=%2Fwp%2Fv2%2Fcategories&post=35640"},{"taxonomy":"post_tag","embeddable":true,"href":"https:\/\/diarioalagoas.com.br\/index.php?rest_route=%2Fwp%2Fv2%2Ftags&post=35640"}],"curies":[{"name":"wp","href":"https:\/\/api.w.org\/{rel}","templated":true}]}}