{"id":35648,"date":"2026-09-04T13:35:18","date_gmt":"2026-09-04T16:35:18","guid":{"rendered":"https:\/\/diarioalagoas.com.br\/?p=35648"},"modified":"2026-09-04T13:35:18","modified_gmt":"2026-09-04T16:35:18","slug":"prefeitura-de-maceio-confira-o-funcionamento-dos-servicos-da-saude-4","status":"publish","type":"post","link":"https:\/\/diarioalagoas.com.br\/?p=35648","title":{"rendered":"Prefeitura de Macei\u00f3 | Confira o funcionamento dos servi\u00e7os da Sa\u00fade\u2026"},"content":{"rendered":"<p> <br \/>\n<\/p>\n<div id=\"\">\n<p><span>Em decorr\u00eancia do feriado do Dia Independ\u00eancia do Brasil, que acontece na segunda-feira (7), os servi\u00e7os da Secretaria Municipal de Sa\u00fade (SMS) de Macei\u00f3 ir\u00e3o passar por altera\u00e7\u00f5es.\u00a0<\/span><\/p>\n<p class=\"text-justify\"><span>Abaixo, confira como ficar\u00e3o os atendimentos na capital durante o feriado:<\/span><\/p>\n<p><strong>Unidades de Sa\u00fade<\/strong><\/p>\n<p>Unidades de Sa\u00fade e Centros de Aten\u00e7\u00e3o Psicossocial (Caps) fecham durante o feriado, dia 7 de setembro, retomando normalmente na ter\u00e7a-feira (8). O Sa\u00fade da Gente Especialidades (Unidade Salgadinho) tamb\u00e9m fecha no feriado e retorna com os atendimentos na ter\u00e7a-feira. <\/p>\n<p><strong>Vacina\u00e7\u00e3o<\/strong><\/p>\n<p>A vacina\u00e7\u00e3o na capital n\u00e3o vai funcionar no feriado e retorna na ter\u00e7a-feira, nos pontos fixos de imuniza\u00e7\u00e3o dos shoppings Macei\u00f3 e P\u00e1tio, das 12h \u00e0s 20h, e Cat Levada, das 8h \u00e0s 14h.<\/p>\n<p class=\"text-justify\"><span><strong>Sa\u00fade da Gente Especialidades<\/strong><\/span><\/p>\n<p class=\"text-justify\"><span>O Sa\u00fade da Gente Especialidades, situado no Benedito Bentes, fechar\u00e1 nesta segunda-feira e abrir\u00e1 na ter\u00e7a-feira.<\/span><\/p>\n<p class=\"text-justify\"><span><br \/><strong>CAT Mercado<\/strong><\/span><\/p>\n<p class=\"text-justify\"><span>O Centro de Atendimento ao Turista (CAT) Levada tamb\u00e9m n\u00e3o funcionar\u00e1\u00a0 no feriado do dia 7 e retorna na ter\u00e7a-feira, das 8h \u00e0s 14h.<\/span><\/p>\n<p class=\"text-justify\"><span><br \/><strong>Unidade de Vigil\u00e2ncia de Zoonoses (UVZ)<\/strong><\/span><\/p>\n<p>A Unidade de Vigil\u00e2ncia em Zoonoses (UVZ) fecha no feriado de 7 de setembro, retornando \u00e0s atividades administrativas na ter\u00e7a-feira, para atendimento ao p\u00fablico. No entanto, no feriado, a UVZ vai manter o regime de plant\u00e3o para poss\u00edveis apreens\u00f5es de animais e demais den\u00fancias da popula\u00e7\u00e3o. O plant\u00e3o funcionar\u00e1 no hor\u00e1rio das 8h \u00e0s 16h via canal oficial no WhatsApp <strong>(82) 3312-5492<\/strong>.<\/p>\n<p class=\"text-justify\"><span>Os demais servi\u00e7os administrativos tamb\u00e9m n\u00e3o funcionam durante o 7 de setembro e retornam normalmente na ter\u00e7a-feira.<\/span><\/p>\n<div class=\"gabinate\">\n<a href=\"https:\/\/maceio.al.gov.br\/secretarias-e-orgaos\/sms\">SMS<\/a><\/p>\n<h2>Secretaria Municipal de Sa\u00fade<\/h2>\n<p><span><\/p>\n<p>Avenida Fernandes Lima, 2335 &#8211; Farol<br \/>CEP 57020-250 \/\/ Telefone: 82 3312-5400<br \/>Hor\u00e1rio de atendimento: segunda a sexta, de 8h \u00e0s 14h.<\/p>\n<p><\/span><\/div>\n<\/div>\n<p><script async defer crossorigin=\"anonymous\" src=\"https:\/\/connect.facebook.net\/pt_BR\/sdk.js#xfbml=1&#038;version=v12.0\" nonce=\"0pFl3y7T\"><\/script><br \/>\n<br \/><br \/>\n<br \/><a href=\"https:\/\/maceio.al.gov.br\/noticias\/sms\/confira-o-funcionamento-dos-servicos-da-saude-de-maceio-no-feriado-de-7-de-setembro\">Prefeitura de Macei\u00f3 <\/a><\/p>\n","protected":false},"excerpt":{"rendered":"<p>Em decorr\u00eancia do feriado do Dia Independ\u00eancia do Brasil, que acontece na segunda-feira (7), os servi\u00e7os da Secretaria Municipal de Sa\u00fade (SMS) de Macei\u00f3 ir\u00e3o passar por altera\u00e7\u00f5es.\u00a0 Abaixo, confira como ficar\u00e3o os atendimentos na capital durante o feriado: Unidades de Sa\u00fade Unidades de Sa\u00fade e Centros de Aten\u00e7\u00e3o Psicossocial (Caps) fecham durante o feriado, [&hellip;]<\/p>\n","protected":false},"author":1,"featured_media":35649,"comment_status":"closed","ping_status":"","sticky":false,"template":"","format":"standard","meta":{"footnotes":""},"categories":[9],"tags":[],"class_list":["post-35648","post","type-post","status-publish","format-standard","has-post-thumbnail","hentry","category-maceio"],"_links":{"self":[{"href":"https:\/\/diarioalagoas.com.br\/index.php?rest_route=\/wp\/v2\/posts\/35648","targetHints":{"allow":["GET"]}}],"collection":[{"href":"https:\/\/diarioalagoas.com.br\/index.php?rest_route=\/wp\/v2\/posts"}],"about":[{"href":"https:\/\/diarioalagoas.com.br\/index.php?rest_route=\/wp\/v2\/types\/post"}],"author":[{"embeddable":true,"href":"https:\/\/diarioalagoas.com.br\/index.php?rest_route=\/wp\/v2\/users\/1"}],"replies":[{"embeddable":true,"href":"https:\/\/diarioalagoas.com.br\/index.php?rest_route=%2Fwp%2Fv2%2Fcomments&post=35648"}],"version-history":[{"count":0,"href":"https:\/\/diarioalagoas.com.br\/index.php?rest_route=\/wp\/v2\/posts\/35648\/revisions"}],"wp:featuredmedia":[{"embeddable":true,"href":"https:\/\/diarioalagoas.com.br\/index.php?rest_route=\/wp\/v2\/media\/35649"}],"wp:attachment":[{"href":"https:\/\/diarioalagoas.com.br\/index.php?rest_route=%2Fwp%2Fv2%2Fmedia&parent=35648"}],"wp:term":[{"taxonomy":"category","embeddable":true,"href":"https:\/\/diarioalagoas.com.br\/index.php?rest_route=%2Fwp%2Fv2%2Fcategories&post=35648"},{"taxonomy":"post_tag","embeddable":true,"href":"https:\/\/diarioalagoas.com.br\/index.php?rest_route=%2Fwp%2Fv2%2Ftags&post=35648"}],"curies":[{"name":"wp","href":"https:\/\/api.w.org\/{rel}","templated":true}]}}