{"id":35654,"date":"2026-09-04T17:47:35","date_gmt":"2026-09-04T20:47:35","guid":{"rendered":"https:\/\/diarioalagoas.com.br\/?p=35654"},"modified":"2026-09-04T17:47:35","modified_gmt":"2026-09-04T20:47:35","slug":"prefeitura-de-maceio-secretaria-do-trabalho-promove-mutirao-de","status":"publish","type":"post","link":"https:\/\/diarioalagoas.com.br\/?p=35654","title":{"rendered":"Prefeitura de Macei\u00f3 | Secretaria do Trabalho promove mutir\u00e3o de\u2026"},"content":{"rendered":"<p> <br \/>\n<\/p>\n<div id=\"\">\n<p><span>A Secretaria Municipal do Trabalho, Emprego e Economia Solid\u00e1ria (Semtes), por meio do Sine Macei\u00f3, vai promover, na pr\u00f3xima quarta-feira (9), um mutir\u00e3o de vagas de emprego voltado para a \u00e1rea da constru\u00e7\u00e3o civil. A a\u00e7\u00e3o contar\u00e1 com processo seletivo para as fun\u00e7\u00f5es de servente, pedreiro e ajudante pr\u00e1tico para a empresa <\/span>Uch\u00f4a Empreendimentos.<\/p>\n<p><span>Para a vaga de servente, n\u00e3o \u00e9 necess\u00e1rio ter experi\u00eancia profissional. Os candidatos interessados nas oportunidades de ajudante pr\u00e1tico de pedreiro e pedreiro devem comprovar m\u00ednimo de seis meses de experi\u00eancia na fun\u00e7\u00e3o.<\/span><\/p>\n<p><span>Os trabalhadores interessados em participar da sele\u00e7\u00e3o devem comparecer ao Sine Macei\u00f3, na pr\u00f3xima quarta-feira, munidos de curr\u00edculo impresso. Durante o mutir\u00e3o, os candidatos poder\u00e3o participar do processo seletivo realizado pela empresa parceira.<\/span><\/p>\n<p><span>A iniciativa visa ampliar o acesso dos trabalhadores \u00e0s oportunidades dispon\u00edveis no mercado de trabalho e facilitar o encaminhamento de profissionais que est\u00e3o em busca de emprego para empresas que possuem vagas abertas.<\/span><\/p>\n<div class=\"gabinate\">\n<a href=\"https:\/\/maceio.al.gov.br\/secretarias-e-orgaos\/semtes\">SEMTES<\/a><\/p>\n<h2>Secretaria Municipal de Trabalho, Emprego e Economia Solid\u00e1ria<\/h2>\n<p><span><\/p>\n<p>Parque do Centen\u00e1rio, 884 (ao lado da Subway)<\/p>\n<p><\/span><\/div>\n<\/div>\n<p><script async defer crossorigin=\"anonymous\" src=\"https:\/\/connect.facebook.net\/pt_BR\/sdk.js#xfbml=1&#038;version=v12.0\" nonce=\"0pFl3y7T\"><\/script><br \/>\n<br \/><br \/>\n<br \/><a href=\"https:\/\/maceio.al.gov.br\/noticias\/semtes\/secretaria-do-trabalho-promove-mutirao-de-vagas-para-a-construcao-civil-no-sine-maceio\">Prefeitura de Macei\u00f3 <\/a><\/p>\n","protected":false},"excerpt":{"rendered":"<p>A Secretaria Municipal do Trabalho, Emprego e Economia Solid\u00e1ria (Semtes), por meio do Sine Macei\u00f3, vai promover, na pr\u00f3xima quarta-feira (9), um mutir\u00e3o de vagas de emprego voltado para a \u00e1rea da constru\u00e7\u00e3o civil. A a\u00e7\u00e3o contar\u00e1 com processo seletivo para as fun\u00e7\u00f5es de servente, pedreiro e ajudante pr\u00e1tico para a empresa Uch\u00f4a Empreendimentos. Para [&hellip;]<\/p>\n","protected":false},"author":1,"featured_media":35655,"comment_status":"closed","ping_status":"","sticky":false,"template":"","format":"standard","meta":{"footnotes":""},"categories":[9],"tags":[],"class_list":["post-35654","post","type-post","status-publish","format-standard","has-post-thumbnail","hentry","category-maceio"],"_links":{"self":[{"href":"https:\/\/diarioalagoas.com.br\/index.php?rest_route=\/wp\/v2\/posts\/35654","targetHints":{"allow":["GET"]}}],"collection":[{"href":"https:\/\/diarioalagoas.com.br\/index.php?rest_route=\/wp\/v2\/posts"}],"about":[{"href":"https:\/\/diarioalagoas.com.br\/index.php?rest_route=\/wp\/v2\/types\/post"}],"author":[{"embeddable":true,"href":"https:\/\/diarioalagoas.com.br\/index.php?rest_route=\/wp\/v2\/users\/1"}],"replies":[{"embeddable":true,"href":"https:\/\/diarioalagoas.com.br\/index.php?rest_route=%2Fwp%2Fv2%2Fcomments&post=35654"}],"version-history":[{"count":0,"href":"https:\/\/diarioalagoas.com.br\/index.php?rest_route=\/wp\/v2\/posts\/35654\/revisions"}],"wp:featuredmedia":[{"embeddable":true,"href":"https:\/\/diarioalagoas.com.br\/index.php?rest_route=\/wp\/v2\/media\/35655"}],"wp:attachment":[{"href":"https:\/\/diarioalagoas.com.br\/index.php?rest_route=%2Fwp%2Fv2%2Fmedia&parent=35654"}],"wp:term":[{"taxonomy":"category","embeddable":true,"href":"https:\/\/diarioalagoas.com.br\/index.php?rest_route=%2Fwp%2Fv2%2Fcategories&post=35654"},{"taxonomy":"post_tag","embeddable":true,"href":"https:\/\/diarioalagoas.com.br\/index.php?rest_route=%2Fwp%2Fv2%2Ftags&post=35654"}],"curies":[{"name":"wp","href":"https:\/\/api.w.org\/{rel}","templated":true}]}}