{"id":35670,"date":"2026-09-05T08:06:07","date_gmt":"2026-09-05T11:06:07","guid":{"rendered":"https:\/\/diarioalagoas.com.br\/?p=35670"},"modified":"2026-09-05T08:06:07","modified_gmt":"2026-09-05T11:06:07","slug":"travar-ao-tentar-fazer-um-trabalho-perfeito-nao-e-sinal-de-preguica-mas-uma-sobrecarga-do-cortex-pre-frontal-causada-pela-amigdala-ao-interpretar-o-medo-de-errar-como-perigo-real","status":"publish","type":"post","link":"https:\/\/diarioalagoas.com.br\/?p=35670","title":{"rendered":"Travar ao tentar fazer um trabalho perfeito n\u00e3o \u00e9 sinal de pregui\u00e7a, mas uma sobrecarga do c\u00f3rtex pr\u00e9-frontal causada pela am\u00edgdala ao interpretar o medo de errar como perigo real"},"content":{"rendered":"<p> <br \/>\n<\/p>\n<div>\n<div class=\"rdp-resumo-wrapper\">\n<ul class=\"rdp-resumo-list\">&#13;<\/p>\n<li class=\"rdp-resumo-item\">&#13;<br \/>\n      <span class=\"rdp-resumo-item-title\">O que \u00e9:<\/span> <span class=\"rdp-resumo-item-desc\">A perda r\u00e1pida da mem\u00f3ria das experi\u00eancias on\u00edricas nos primeiros minutos ap\u00f3s acordar, um reflexo direto do estado neuroqu\u00edmico transit\u00f3rio entre o sono e a vig\u00edlia.<\/span>&#13;\n    <\/li>\n<p>&#13;<\/p>\n<li class=\"rdp-resumo-item\">&#13;<br \/>\n      <span class=\"rdp-resumo-item-title\">Pode indicar:<\/span> <span class=\"rdp-resumo-item-desc\">Processo fisiol\u00f3gico saud\u00e1vel de triagem neural ou, quando associado a cansa\u00e7o e despertares em p\u00e2nico, fragmenta\u00e7\u00e3o do sono REM causada por estresse ou apneia.<\/span>&#13;\n    <\/li>\n<p>&#13;<\/p>\n<li class=\"rdp-resumo-item\">&#13;<br \/>\n      <span class=\"rdp-resumo-item-title\">Quando buscar ajuda:<\/span> <span class=\"rdp-resumo-item-desc\">Se o esquecimento vier acompanhado de sonol\u00eancia diurna severa, pesadelos frequentes ou epis\u00f3dios de falta de ar ao acordar.<\/span>&#13;\n    <\/li>\n<p>&#13;\n  <\/ul>\n<\/div>\n<p>Acordar com a n\u00edtida sensa\u00e7\u00e3o de ter vivido uma hist\u00f3ria detalhada e v\u00ea-la evaporar em menos de <strong>10 minutos<\/strong> \u00e9 uma experi\u00eancia universal. Conhecido clinicamente como <em>amn\u00e9sia on\u00edrica<\/em>, esse esquecimento imediato costuma decorrer do modo operacional do c\u00e9rebro durante o repouso, e n\u00e3o de qualquer defici\u00eancia cognitiva precoce.<\/p>\n<h2 class=\"wp-block-heading\">Por que o hipocampo n\u00e3o grava as lembran\u00e7as dos sonhos durante o sono REM?<\/h2>\n<p>A explica\u00e7\u00e3o central para a perda r\u00e1pida das mem\u00f3rias on\u00edricas reside na neuroqu\u00edmica do sono de movimentos oculares r\u00e1pidos, o sono REM. Nessa etapa, o neurotransmissor <strong>noradrenalina<\/strong>, subst\u00e2ncia essencial para a fixa\u00e7\u00e3o de mem\u00f3rias de curto prazo no <strong>hipocampo<\/strong>, atinge n\u00edveis praticamente nulos no c\u00f3rtex cerebral, enquanto a acetilcolina permanece elevada.<\/p>\n<p>Sem a presen\u00e7a da noradrenalina, os circuitos neurais produzem imagens v\u00edvidas, mas n\u00e3o ativam o mecanismo de grava\u00e7\u00e3o de longo prazo. Em sonhos tranquilos ou agrad\u00e1veis, o despertar ocorre de forma gradual, mantendo o hipocampo desligado por tempo suficiente para que a narrativa se dissipe. Em contrapartida, conte\u00fados aterrorizantes ativam a <strong>am\u00edgdala cerebral<\/strong>, liberando uma descarga s\u00fabita de adrenalina que for\u00e7a o c\u00e9rebro a despertar em alerta, consolidando aquele trecho do sonho na mem\u00f3ria consciente.<\/p>\n<div class=\"wp-block-image\">\n<figure class=\"aligncenter size-large\"><img fetchpriority=\"high\" decoding=\"async\" width=\"1024\" height=\"572\" src=\"https:\/\/www.uai.com.br\/wp-content\/uploads\/2026\/09\/Cognitive_overload_and_emotional\u2026_202609021522-1024x572.jpeg\" alt=\"Composi\u00e7\u00e3o em tr\u00eas pain\u00e9is mostrando uma pessoa passando por estresse, reflex\u00e3o e relaxamento.\" class=\"wp-image-171737\"\/><figcaption class=\"wp-element-caption\">Sequ\u00eancia ilustrando a transi\u00e7\u00e3o do esgotamento mental para o controle emocional \u2014 Cr\u00e9ditos: Imagem gerada por IA<\/figcaption><\/figure>\n<\/div>\n<h2 class=\"wp-block-heading\">Quais sintomas matinais ajudam a identificar altera\u00e7\u00f5es graves no ciclo do descanso?<\/h2>\n<p>Embora esquecer sonhos seja o padr\u00e3o biol\u00f3gico esperado, a forma como a pessoa acorda fornece dados cl\u00ednicos relevantes sobre a continuidade do descanso. Quando a transi\u00e7\u00e3o entre o sono e a vig\u00edlia ocorre sob estresse fisiol\u00f3gico, o organismo costuma emitir sinais associados ao longo da manh\u00e3:<\/p>\n<ul class=\"wp-block-list\">\n<li><strong>In\u00e9rcia do sono prolongada:<\/strong> dificuldade acentuada de racioc\u00ednio e sensa\u00e7\u00e3o de torpor mental que persiste por mais de <strong>30 minutos<\/strong> ap\u00f3s levantar da cama.<\/li>\n<li><strong>Cefaleia matinal e boca seca:<\/strong> dores de cabe\u00e7a tensionais ao despertar e ressecamento oral, que frequentemente apontam para pausas respirat\u00f3rias noturnas.<\/li>\n<li><strong>Taquicardia ou suor frio:<\/strong> acordar sobressaltado no meio da madrugada, com cora\u00e7\u00e3o acelerado e sensa\u00e7\u00e3o de ang\u00fastia inexplic\u00e1vel.<\/li>\n<li><strong>Fadiga diurna desproporcional:<\/strong> necessidade imperativa de cochilos ou cansa\u00e7o muscular que n\u00e3o melhora mesmo ap\u00f3s <strong>8 horas<\/strong> de perman\u00eancia no leito.<\/li>\n<\/ul>\n<h2 class=\"wp-block-heading\">O que a neuroci\u00eancia comprova sobre a velocidade com que as narrativas on\u00edricas somem da mente?<\/h2>\n<p>Dados consolidados pela neurofisiologia indicam que cerca de <strong>95%<\/strong> de todos os sonhos s\u00e3o esquecidos de maneira irrevers\u00edvel logo nos primeiros instantes da transi\u00e7\u00e3o para a vig\u00edlia. Conforme apontam evid\u00eancias reunidas em estudos sobre a din\u00e2mica cerebral no sono no <a href=\"https:\/\/pubmed.ncbi.nlm.nih.gov\/24075193\/\" target=\"_blank\" rel=\"noopener noreferrer\">portal PubMed<\/a>, indiv\u00edduos que raramente lembram do que sonharam apresentam menor reatividade espont\u00e2nea na jun\u00e7\u00e3o temporoparietal durante a noite, resultando em menos microdespertares.<\/p>\n<p>A <a href=\"https:\/\/absono.com.br\/\" target=\"_blank\" rel=\"noopener noreferrer\">Associa\u00e7\u00e3o Brasileira do Sono<\/a> refor\u00e7a que a reten\u00e7\u00e3o da mem\u00f3ria do sonho depende criticamente da ocorr\u00eancia de uma pausa consciente entre os ciclos. Se o indiv\u00edduo n\u00e3o acorda por pelo menos <strong>2 minutos<\/strong> cont\u00ednuos imediatamente ap\u00f3s a fase REM, os dados el\u00e9tricos gerados durante o sonho s\u00e3o sobrepostos pela atividade do c\u00f3rtex pr\u00e9-frontal acordado, apagando a narrativa antes de sua fixa\u00e7\u00e3o.<\/p>\n<div class=\"rdp-cards-wrapper\">\n<p>Entenda a neurobiologia da mem\u00f3ria noturna<\/p>\n<div class=\"rdp-cards-grid\">\n<div class=\"rdp-cards-item\">\n      <span class=\"rdp-cards-icon\">\ud83d\udcca<\/span><br \/>\n      <span class=\"rdp-cards-eyebrow\">Dado cient\u00edfico<\/span><br \/>\n      <span class=\"rdp-cards-figure\">95%<\/span><\/p>\n<p>Taxa de esquecimento dos sonhos<\/p>\n<p class=\"rdp-cards-item-desc\">A imensa maioria das experi\u00eancias on\u00edricas se dissolve nos primeiros minutos devido \u00e0 inatividade noradren\u00e9rgica do hipocampo.<\/p>\n<\/p><\/div>\n<div class=\"rdp-cards-item\">\n      <span class=\"rdp-cards-icon\">\ud83e\ude7a<\/span><br \/>\n      <span class=\"rdp-cards-eyebrow\">Exame diagn\u00f3stico<\/span><\/p>\n<p>Polissonografia basal noturna<\/p>\n<p class=\"rdp-cards-item-desc\">Avalia\u00e7\u00e3o padr\u00e3o-ouro que mapeia est\u00e1gios cerebrais, \u00edndice de microdespertares e oxigena\u00e7\u00e3o para detectar dist\u00farbios do sono.<\/p>\n<\/p><\/div>\n<div class=\"rdp-cards-item\">\n      <span class=\"rdp-cards-icon\">\u26a0\ufe0f<\/span><br \/>\n      <span class=\"rdp-cards-eyebrow\">Quando procurar ajuda<\/span><\/p>\n<p>Pesadelos recorrentes e sufoco<\/p>\n<p class=\"rdp-cards-item-desc\">Despertar frequentemente com sensa\u00e7\u00e3o de afogamento, p\u00e2nico ou sonol\u00eancia ao volante exige investiga\u00e7\u00e3o m\u00e9dica urgente.<\/p>\n<\/p><\/div>\n<\/p><\/div>\n<\/div>\n<h2 class=\"wp-block-heading\">Quais condi\u00e7\u00f5es cl\u00ednicas provocam despertares frequentes e pesadelos persistentes?<\/h2>\n<p>Quando a reten\u00e7\u00e3o de sonhos ruins deixa de ser eventual e passa a ditar a rotina matinal, tr\u00eas diagn\u00f3sticos diferenciais costumam ser levantados na pr\u00e1tica ambulatorial:<\/p>\n<ul class=\"wp-block-list\">\n<li><strong>Transtorno de ansiedade generalizada e estresse cr\u00f4nico:<\/strong> a hiperativa\u00e7\u00e3o sustentada do eixo hipot\u00e1lamo-hip\u00f3fise-adrenal eleva as taxas basais de cortisol, fragmentando o sono REM e gerando sonhos de conte\u00fado persecut\u00f3rio que despertam o paciente repetidamente.<\/li>\n<li><strong>Apneia obstrutiva do sono:<\/strong> os colapsos intermitentes da via a\u00e9rea superior causam quedas na oxigena\u00e7\u00e3o do sangue, desencadeando descargas adren\u00e9rgicas de emerg\u00eancia que interrompem abruptamente os sonhos com sensa\u00e7\u00f5es v\u00edvidas de perigo ou asfixia.<\/li>\n<li><strong>Efeito rebote farmacol\u00f3gico ou priva\u00e7\u00e3o do sono:<\/strong> a retirada abrupta de sedativos, antidepressivos ou o consumo excessivo de \u00e1lcool suprime inicialmente o sono REM e depois provoca um rebote agressivo, com sonhos intensos, l\u00facidos e perturbadores.<\/li>\n<\/ul>\n<div class=\"wp-block-image\">\n<figure class=\"aligncenter size-large\"><img decoding=\"async\" width=\"1024\" height=\"572\" src=\"https:\/\/www.uai.com.br\/wp-content\/uploads\/2026\/09\/Person_looking_at_brain_scan_202609021522-1024x572.jpeg\" alt=\"Profissional de sa\u00fade analisando exames e gr\u00e1ficos em um tablet em um consult\u00f3rio m\u00e9dico iluminado.\" class=\"wp-image-171736\"\/><figcaption class=\"wp-element-caption\">A avalia\u00e7\u00e3o cl\u00ednica ajuda a diferenciar a sobrecarga emocional de transtornos de ansiedade \u2014 Cr\u00e9ditos: Imagem gerada por IA<\/figcaption><\/figure>\n<\/div>\n<h2 class=\"wp-block-heading\">Quando o padr\u00e3o de pesadelos e o cansa\u00e7o ao despertar exigem avalia\u00e7\u00e3o m\u00e9dica?<\/h2>\n<p>A perda natural de lembran\u00e7as sobre sonhos tranquilos n\u00e3o demanda interven\u00e7\u00e3o terap\u00eautica. O ponto de alerta surge quando a pessoa passa a relatar pesadelos mais de <strong>duas vezes por semana<\/strong>, sofrimento psicol\u00f3gico ao antecipar a hora de dormir ou comportamentos f\u00edsicos violentos durante o sono, como chutes e gritos involunt\u00e1rios.<\/p>\n<p>Casos em que o despertar ocorre acompanhado de dor opressiva no peito, falta de ar incapacitante ou palpita\u00e7\u00f5es descompassadas exigem atendimento m\u00e9dico imediato em pronto-socorro e acionamento do <strong>SAMU (192)<\/strong>, pois podem refletir arritmias ou eventos isqu\u00eamicos precipitados pela apneia. Para o manejo de quadros cr\u00f4nicos de fadiga, ins\u00f4nia e pesadelos, a consulta deve ser agendada com um <strong>m\u00e9dico especialista em sono<\/strong>, neurologista ou psiquiatra.<\/p>\n<p><strong><em>Este conte\u00fado tem car\u00e1ter exclusivamente informativo e n\u00e3o substitui a avalia\u00e7\u00e3o, o diagn\u00f3stico ou o acompanhamento individualizado por um profissional de sa\u00fade qualificado.<\/em><\/strong><\/p>\n<p><!-- CONTENT END 1 --><\/p><\/div>\n<p><br \/>\n<br \/><a href=\"https:\/\/www.uai.com.br\/saude-e-bem-estar\/2026\/09\/05\/travar-ao-tentar-fazer-um-trabalho-perfeito-nao-e-sinal-de-preguica-mas-uma-sobrecarga-do-cortex-pre-frontal-causada-pela-amigdala-ao-interpretar-o-medo-de-errar-como-perigo-real\/\">Super Esportes<\/a><\/p>\n","protected":false},"excerpt":{"rendered":"<p>&#13; &#13; O que \u00e9: A perda r\u00e1pida da mem\u00f3ria das experi\u00eancias on\u00edricas nos primeiros minutos ap\u00f3s acordar, um reflexo direto do estado neuroqu\u00edmico transit\u00f3rio entre o sono e a vig\u00edlia.&#13; &#13; &#13; Pode indicar: Processo fisiol\u00f3gico saud\u00e1vel de triagem neural ou, quando associado a cansa\u00e7o e despertares em p\u00e2nico, fragmenta\u00e7\u00e3o do sono REM causada [&hellip;]<\/p>\n","protected":false},"author":1,"featured_media":35671,"comment_status":"closed","ping_status":"","sticky":false,"template":"","format":"standard","meta":{"footnotes":""},"categories":[14],"tags":[],"class_list":["post-35670","post","type-post","status-publish","format-standard","has-post-thumbnail","hentry","category-esportes"],"_links":{"self":[{"href":"https:\/\/diarioalagoas.com.br\/index.php?rest_route=\/wp\/v2\/posts\/35670","targetHints":{"allow":["GET"]}}],"collection":[{"href":"https:\/\/diarioalagoas.com.br\/index.php?rest_route=\/wp\/v2\/posts"}],"about":[{"href":"https:\/\/diarioalagoas.com.br\/index.php?rest_route=\/wp\/v2\/types\/post"}],"author":[{"embeddable":true,"href":"https:\/\/diarioalagoas.com.br\/index.php?rest_route=\/wp\/v2\/users\/1"}],"replies":[{"embeddable":true,"href":"https:\/\/diarioalagoas.com.br\/index.php?rest_route=%2Fwp%2Fv2%2Fcomments&post=35670"}],"version-history":[{"count":0,"href":"https:\/\/diarioalagoas.com.br\/index.php?rest_route=\/wp\/v2\/posts\/35670\/revisions"}],"wp:featuredmedia":[{"embeddable":true,"href":"https:\/\/diarioalagoas.com.br\/index.php?rest_route=\/wp\/v2\/media\/35671"}],"wp:attachment":[{"href":"https:\/\/diarioalagoas.com.br\/index.php?rest_route=%2Fwp%2Fv2%2Fmedia&parent=35670"}],"wp:term":[{"taxonomy":"category","embeddable":true,"href":"https:\/\/diarioalagoas.com.br\/index.php?rest_route=%2Fwp%2Fv2%2Fcategories&post=35670"},{"taxonomy":"post_tag","embeddable":true,"href":"https:\/\/diarioalagoas.com.br\/index.php?rest_route=%2Fwp%2Fv2%2Ftags&post=35670"}],"curies":[{"name":"wp","href":"https:\/\/api.w.org\/{rel}","templated":true}]}}