{"id":35674,"date":"2026-09-05T12:09:05","date_gmt":"2026-09-05T15:09:05","guid":{"rendered":"https:\/\/diarioalagoas.com.br\/?p=35674"},"modified":"2026-09-05T12:09:05","modified_gmt":"2026-09-05T15:09:05","slug":"prefeitura-de-maceio-saude-amplia-oferta-de-diu-em-maceio","status":"publish","type":"post","link":"https:\/\/diarioalagoas.com.br\/?p=35674","title":{"rendered":"Prefeitura de Macei\u00f3 | Sa\u00fade amplia oferta de DIU em Macei\u00f3\u00a0"},"content":{"rendered":"<p> <br \/>\n<\/p>\n<div id=\"\">\n<p class=\"text-justify\"><span>A Secretaria de Sa\u00fade de Macei\u00f3 (SMS) ampliou a oferta do dispositivo intrauterino (DIU) na rede p\u00fablica. O m\u00e9todo contraceptivo est\u00e1 dispon\u00edvel em 23 unidades de sa\u00fade da capital, ampliando o acesso do p\u00fablico feminino ao planejamento familiar.<\/span><\/p>\n<p class=\"text-justify\"><span>Para ter acesso, a usu\u00e1ria deve procurar uma das unidades habilitadas. Na Aten\u00e7\u00e3o Prim\u00e1ria, onde ir\u00e1 passar por avalia\u00e7\u00e3o e receber orienta\u00e7\u00f5es sobre o funcionamento do m\u00e9todo, indica\u00e7\u00f5es, benef\u00edcios e poss\u00edveis efeitos adversos.<\/span><\/p>\n<p class=\"text-justify\"><span>De acordo com a coordenadora da Sa\u00fade da Mulher de Macei\u00f3, Suz\u00e2ngela Mendon\u00e7a, a inser\u00e7\u00e3o do DIU \u00e9 realizada ap\u00f3s uma avalia\u00e7\u00e3o criteriosa para garantir a seguran\u00e7a da paciente. \u201cAntes da coloca\u00e7\u00e3o, \u00e9 necess\u00e1rio verificar as condi\u00e7\u00f5es do \u00fatero, afastar a possibilidade de gravidez e identificar eventuais infec\u00e7\u00f5es. Ap\u00f3s o procedimento, a paciente continua sendo acompanhada e, em cerca de duas semanas, realiza ultrassonografia para confirmar o posicionamento correto do dispositivo\u201d, explica.<\/span><\/p>\n<p class=\"text-justify\"><span>Para a inser\u00e7\u00e3o do DIU \u00e9 solicitado exames, \u00e0 exemplo de ultrassonografia p\u00e9lvica, colpocitologia onc\u00f3tica, cultura de secre\u00e7\u00e3o vaginal e beta-HCG. Antes do procedimento, a usu\u00e1ria tamb\u00e9m deve assinar um termo de consentimento, declarando estar ciente dos benef\u00edcios e poss\u00edveis efeitos adversos.<\/span><\/p>\n<p class=\"text-justify\"><span>Para realizar o procedimento, \u00e9 necess\u00e1rio apresentar documento de identifica\u00e7\u00e3o, CPF, Cart\u00e3o SUS e comprovante de resid\u00eancia.<\/span><\/p>\n<p class=\"text-justify\"><span><strong>Unidades que oferecem o procedimento:<\/strong><\/span><\/p>\n<ul>\n<li><span>URS II Centro de Sa\u00fade Dr. Di\u00f3genes Juc\u00e1 Bernardes \u2013 Po\u00e7o<\/span><\/li>\n<li><span>USF Reginaldo \u2013 Po\u00e7o<\/span><\/li>\n<li><span>UBS Osvaldo Brand\u00e3o Vilela \u2013 Ponta da Terra<\/span><\/li>\n<li><span>URS Roland Simon \u2013 Vergel do Lago<\/span><\/li>\n<li><span>UBS Pam Dique Estrada \u2013 Ponta Grossa<\/span><\/li>\n<li><span>UDA Paulo Oliveira Costa \u2013 Cesmac \u2013 Farol<\/span><\/li>\n<li><span>URS Dr. Ant\u00f4nio de P\u00e1dua \u2013 Petr\u00f3polis<\/span><\/li>\n<li><span>UBS Para\u00edso do Horto \u2013 Amacoph \u2013 Ch\u00e3 da Jaqueira<\/span><\/li>\n<li><span>USF Jo\u00e3o Sampaio \u2013 Petr\u00f3polis<\/span><\/li>\n<li><span>USF Jo\u00e3o Moreira \u2013 Jacintinho<\/span><\/li>\n<li><span>USF Jos\u00e9 Maria de Vasconcelos \u2013 S\u00e3o Jorge<\/span><\/li>\n<li><span>URS Jo\u00e3o Paulo II \u2013 Jacintinho<\/span><\/li>\n<li><span>UBS Jos\u00e9 Ara\u00fajo \u2013 Jacintinho<\/span><\/li>\n<li><span>URS Hamilton Falc\u00e3o \u2013 Benedito Bentes<\/span><\/li>\n<li><span>UBS Aliomar Lins \u2013 Benedito Bentes<\/span><\/li>\n<li><span>USF Frei Dami\u00e3o \u2013 Benedito Bentes<\/span><\/li>\n<li><span>UBS Dr. Jos\u00e9 Pimentel Amorim \u2013 Tabuleiro dos Martins<\/span><\/li>\n<li><span>UDA Prof. Gilberto de Macedo \u2013 UFAL \u2013 Cidade Universit\u00e1ria<\/span><\/li>\n<li><span>USF Vereador S\u00e9rgio Quintella \u2013 Tabuleiro dos Martins<\/span><\/li>\n<li><span>UBS Marlene Fernandes Lanverly de Melo \u2013 Santa L\u00facia<\/span><\/li>\n<li><span>USF Galba Novaes<\/span><\/li>\n<li><span>URS Maria Concei\u00e7\u00e3o Fonseca Paranhos \u2013 Jacarecica<\/span><\/li>\n<li><span>USF Didimo Otto \u2013 Benedito Bentes<\/span><\/li>\n<\/ul>\n<div class=\"gabinate\">\n<a href=\"https:\/\/maceio.al.gov.br\/secretarias-e-orgaos\/sms\">SMS<\/a><\/p>\n<h2>Secretaria Municipal de Sa\u00fade<\/h2>\n<p><span><\/p>\n<p>Avenida Fernandes Lima, 2335 &#8211; Farol<br \/>CEP 57020-250 \/\/ Telefone: 82 3312-5400<br \/>Hor\u00e1rio de atendimento: segunda a sexta, de 8h \u00e0s 14h.<\/p>\n<p><\/span><\/div>\n<\/div>\n<p><script async defer crossorigin=\"anonymous\" src=\"https:\/\/connect.facebook.net\/pt_BR\/sdk.js#xfbml=1&#038;version=v12.0\" nonce=\"0pFl3y7T\"><\/script><br \/>\n<br \/><br \/>\n<br \/><a href=\"https:\/\/maceio.al.gov.br\/noticias\/sms\/saude-amplia-oferta-de-diu-em-maceio\">Prefeitura de Macei\u00f3 <\/a><\/p>\n","protected":false},"excerpt":{"rendered":"<p>A Secretaria de Sa\u00fade de Macei\u00f3 (SMS) ampliou a oferta do dispositivo intrauterino (DIU) na rede p\u00fablica. O m\u00e9todo contraceptivo est\u00e1 dispon\u00edvel em 23 unidades de sa\u00fade da capital, ampliando o acesso do p\u00fablico feminino ao planejamento familiar. Para ter acesso, a usu\u00e1ria deve procurar uma das unidades habilitadas. Na Aten\u00e7\u00e3o Prim\u00e1ria, onde ir\u00e1 passar [&hellip;]<\/p>\n","protected":false},"author":1,"featured_media":35675,"comment_status":"closed","ping_status":"","sticky":false,"template":"","format":"standard","meta":{"footnotes":""},"categories":[9],"tags":[],"class_list":["post-35674","post","type-post","status-publish","format-standard","has-post-thumbnail","hentry","category-maceio"],"_links":{"self":[{"href":"https:\/\/diarioalagoas.com.br\/index.php?rest_route=\/wp\/v2\/posts\/35674","targetHints":{"allow":["GET"]}}],"collection":[{"href":"https:\/\/diarioalagoas.com.br\/index.php?rest_route=\/wp\/v2\/posts"}],"about":[{"href":"https:\/\/diarioalagoas.com.br\/index.php?rest_route=\/wp\/v2\/types\/post"}],"author":[{"embeddable":true,"href":"https:\/\/diarioalagoas.com.br\/index.php?rest_route=\/wp\/v2\/users\/1"}],"replies":[{"embeddable":true,"href":"https:\/\/diarioalagoas.com.br\/index.php?rest_route=%2Fwp%2Fv2%2Fcomments&post=35674"}],"version-history":[{"count":0,"href":"https:\/\/diarioalagoas.com.br\/index.php?rest_route=\/wp\/v2\/posts\/35674\/revisions"}],"wp:featuredmedia":[{"embeddable":true,"href":"https:\/\/diarioalagoas.com.br\/index.php?rest_route=\/wp\/v2\/media\/35675"}],"wp:attachment":[{"href":"https:\/\/diarioalagoas.com.br\/index.php?rest_route=%2Fwp%2Fv2%2Fmedia&parent=35674"}],"wp:term":[{"taxonomy":"category","embeddable":true,"href":"https:\/\/diarioalagoas.com.br\/index.php?rest_route=%2Fwp%2Fv2%2Fcategories&post=35674"},{"taxonomy":"post_tag","embeddable":true,"href":"https:\/\/diarioalagoas.com.br\/index.php?rest_route=%2Fwp%2Fv2%2Ftags&post=35674"}],"curies":[{"name":"wp","href":"https:\/\/api.w.org\/{rel}","templated":true}]}}