{"id":35676,"date":"2026-09-05T12:21:20","date_gmt":"2026-09-05T15:21:20","guid":{"rendered":"https:\/\/diarioalagoas.com.br\/?p=35676"},"modified":"2026-09-05T12:21:20","modified_gmt":"2026-09-05T15:21:20","slug":"adeus-ao-sofa-de-canto-o-modelo-modular-mais-versatil-e-leve-para-salas-pequenas-que-ganhou-espaco-em-2026","status":"publish","type":"post","link":"https:\/\/diarioalagoas.com.br\/?p=35676","title":{"rendered":"Adeus ao sof\u00e1 de canto, o modelo modular mais vers\u00e1til e leve para salas pequenas que ganhou espa\u00e7o em 2026"},"content":{"rendered":"<p> <br \/>\n<\/p>\n<div>\n<div style=\"background:#ecfeff;border:1px solid #e2e8f0;border-radius:16px;padding:24px 28px;margin:24px 0;box-shadow:0 4px 16px rgba(0,0,0,.08);font-family:-apple-system,sans-serif;\">\n<p>Resumo<\/p>\n<p><span style=\"font-size:18px;\">\ud83d\udecb\ufe0f<\/span><span style=\"color:#334155;font-size:15px;line-height:1.6;\"><strong>Substitui\u00e7\u00e3o funcional:<\/strong> O sof\u00e1 modular sem bra\u00e7o substitui o modelo de canto em L ao eliminar pe\u00e7as r\u00edgidas que travam o layout e bloqueiam portas e tomadas.<\/span><\/p>\n<p><span style=\"font-size:18px;\">\ud83d\udccf<\/span><span style=\"color:#334155;font-size:15px;line-height:1.6;\"><strong>Regra de circula\u00e7\u00e3o:<\/strong> Garante os <strong>70 cm<\/strong> livres de passagem cont\u00ednua exigidos pela ergonomia residencial entre o assento, a mesa de centro e o m\u00f3vel da TV.<\/span><\/p>\n<p><span style=\"font-size:18px;\">\ud83e\udde9<\/span><span style=\"color:#334155;font-size:15px;line-height:1.6;\"><strong>Versatilidade di\u00e1ria:<\/strong> M\u00f3dulos individuais e pufes volantes permitem alternar facilmente entre o modo de conviv\u00eancia social e o formato estendido para filmes.<\/span><\/p>\n<p><span style=\"font-size:18px;\">\ud83d\uded7<\/span><span style=\"color:#334155;font-size:15px;line-height:1.6;\"><strong>Log\u00edstica simplificada:<\/strong> Blocos fracionados de <strong>80 cm<\/strong> a <strong>90 cm<\/strong> passam sem atrito por portas e elevadores padr\u00e3o, eliminando custos com i\u00e7amentos externos.<\/span><\/p>\n<\/div>\n<p>Tentando acomodar toda a fam\u00edlia em salas de estar com menos de 15 m\u00b2, muitos moradores recorrem ao tradicional sof\u00e1 de canto em \u201cL\u201d e acabam encurralados pela pr\u00f3pria mob\u00edlia. O modelo modular sem bra\u00e7o ganhou espa\u00e7o absoluto nos projetos residenciais porque fragmenta o volume do estofado, preserva o respiro visual e devolve a fluidez do tr\u00e2nsito di\u00e1rio dentro de casa.<\/p>\n<h2 class=\"wp-block-heading\">Por que o sof\u00e1 de canto engessa a planta de salas pequenas e estrangula o espa\u00e7o?<\/h2>\n<p>O sof\u00e1 em \u201cL\u201d tradicional foi concebido para salas amplas de arquitetura aberta, onde suas duas alas cont\u00ednuas funcionavam como divisores de ambientes sem encostar em paredes de passagem. Quando transferido para plantas de 10 m\u00b2 a 16 m\u00b2, sua estrutura fixa dita uma \u00fanica posi\u00e7\u00e3o poss\u00edvel e anula a flexibilidade do c\u00f4modo.<\/p>\n<p>O principal problema mec\u00e2nico reside no chamado \u201ccanto cego\u201d: o v\u00e9rtice no qual os dois assentos se encontram devora cerca de <strong>90 cm x 90 cm<\/strong> de piso sem oferecer conforto ergon\u00f4mico, j\u00e1 que duas pessoas n\u00e3o conseguem sentar simultaneamente no \u00e2ngulo sem cruzar as pernas de maneira inc\u00f4moda.<\/p>\n<div class=\"wp-block-image\">\n<figure class=\"aligncenter size-large\"><img fetchpriority=\"high\" decoding=\"async\" width=\"1024\" height=\"572\" src=\"https:\/\/www.uai.com.br\/wp-content\/uploads\/2026\/09\/Designer_adjusting_modular_couch\u2026_202609031357-1024x572.jpeg\" alt=\"Arquiteta conferindo o alinhamento de m\u00f3dulos estofados e medindo o v\u00e3o livre de passagem com trena digital em sala compacta.\" class=\"wp-image-172005\"\/><figcaption class=\"wp-element-caption\">O c\u00e1lculo pr\u00e9vio das dist\u00e2ncias de passagem evita compras inadequadas e assegura a ergonomia da sala \u2014 Cr\u00e9ditos: Imagem gerada por IA<\/figcaption><\/figure>\n<\/div>\n<h2 class=\"wp-block-heading\">Quais s\u00e3o os 3 gargalos graves causados pelo sof\u00e1 em L na circula\u00e7\u00e3o de apartamentos compactos?<\/h2>\n<p>Segundo par\u00e2metros de circula\u00e7\u00e3o habitacional orientados pelo <a href=\"https:\/\/www.caubr.gov.br\/\" target=\"_blank\" rel=\"noopener\">Conselho de Arquitetura e Urbanismo do Brasil (CAU\/BR)<\/a> e baseados nas diretrizes de habitabilidade da <strong>ABNT NBR 15575<\/strong>, qualquer ambiente residencial precisa de faixas m\u00ednimas de passagem desobstru\u00edda para garantir bem-estar e acessibilidade.<\/p>\n<p>1. Estrangulamento do corredor interno: a ala perpendicular do sof\u00e1 de canto costuma empurrar o fluxo contra a parede oposta, deixando v\u00e3os residuais inferiores a <strong>50 cm<\/strong>, quando o recomendado para o tr\u00e1fego de uma pessoa adulta \u00e9 manter uma largura entre <strong>60 cm<\/strong> e <strong>80 cm<\/strong> livres.<\/p>\n<p>2. Bloqueio de esquadrias e infraestrutura el\u00e9trica: o retorno r\u00edgido do estofado frequentemente cruza o trilho da porta de correr da varanda ou cobre as tomadas baixas instaladas a <strong>30 cm<\/strong> do piso acabado, impedindo a liga\u00e7\u00e3o de lumin\u00e1rias de apoio sem o uso de r\u00e9guas e extens\u00f5es pelo ch\u00e3o.<\/p>\n<p>3. Dificuldade de i\u00e7amento e sobrecarga de transporte: pe\u00e7as monobloco pesam comumente entre <strong>70 kg<\/strong> e <strong>110 kg<\/strong> e medem mais de <strong>2,20 m<\/strong> de comprimento linear. Como a maioria das portas de elevadores de servi\u00e7o possui <strong>80 cm<\/strong> de v\u00e3o livre, o m\u00f3vel simplesmente n\u00e3o sobe pelas \u00e1reas comuns do edif\u00edcio.<\/p>\n<div style=\"background:#ecfeff;border:1px solid #e1e5eb;border-radius:12px;padding:28px 28px 22px;margin:32px 0;font-family:-apple-system,sans-serif;\">\n<p>M\u00e9tricas de layout para salas compactas<\/p>\n<div style=\"display:grid;grid-template-columns:repeat(3,1fr);gap:18px;\">\n<div style=\"background:#fff;border:1px solid #e1e5eb;border-top:3px solid #0e7490;border-radius:12px;padding:24px 20px;box-shadow:0 2px 8px rgba(0,0,0,.06);\">\n<p>\ud83d\udccf<\/p>\n<p>ERGONOMIA DE FLUXO<\/p>\n<p>Faixa livre de 70 cm<\/p>\n<p>O v\u00e3o m\u00ednimo para circula\u00e7\u00e3o confort\u00e1vel sem que o morador precise andar de lado entre estofado e m\u00f3vel de apoio.<\/p>\n<\/p><\/div>\n<div style=\"background:#fff;border:1px solid #e1e5eb;border-top:3px solid #0e7490;border-radius:12px;padding:24px 20px;box-shadow:0 2px 8px rgba(0,0,0,.06);\">\n<p>\ud83e\uddf1<\/p>\n<p>GANHO DE ESPA\u00c7O<\/p>\n<p>Bra\u00e7os slim economizam 40 cm<\/p>\n<p>Bra\u00e7os tradicionais de 20 cm consomem quase meio metro \u00fatil; blocos modulares concentram 100% da largura em assento real.<\/p>\n<\/p><\/div>\n<div style=\"background:#fff;border:1px solid #e1e5eb;border-top:3px solid #0e7490;border-radius:12px;padding:24px 20px;box-shadow:0 2px 8px rgba(0,0,0,.06);\">\n<p>\ud83d\uded7<\/p>\n<p>LOG\u00cdSTICA DE PR\u00c9DIO<\/p>\n<p>Passagem em v\u00e3os de 80 cm<\/p>\n<p>Blocos fracionados de 80 a 90 cm entram em elevadores residenciais padr\u00e3o, dispensando servi\u00e7os caros de i\u00e7amento externo.<\/p>\n<\/p><\/div>\n<\/p><\/div>\n<\/div>\n<h2 class=\"wp-block-heading\">Como montar o layout modular perfeito garantindo os 70 cm de circula\u00e7\u00e3o livre?<\/h2>\n<p>O primeiro passo pr\u00e1tico consiste em medir a parede de fundo do estofado e deduzir uma folga t\u00e9cnica de <strong>20 cm<\/strong> para o caimento de cortinas de tecido ou trilhos de persianas. Em uma parede de <strong>2,60 m<\/strong>, por exemplo, o v\u00e3o \u00fatil livre para a mob\u00edlia fica estabelecido em exatamente <strong>2,40 m<\/strong>.<\/p>\n<p>Em seguida, monte a composi\u00e7\u00e3o principal com dois m\u00f3dulos lineares centrais de <strong>80 cm<\/strong> a <strong>90 cm<\/strong> de largura cada. Essa dupla totaliza entre <strong>1,60 m<\/strong> e <strong>1,80 m<\/strong>, garantindo assento folgado para at\u00e9 tr\u00eas adultos e deixando as laterais da parede livres para lumin\u00e1rias de piso ou mesas laterais leves.<\/p>\n<div style=\"overflow-x:auto;margin:28px 0;border-radius:16px;box-shadow:0 6px 20px rgba(0,0,0,.08);border:1px solid #e2e8f0;\">\n<table style=\"width:100%;border-collapse:collapse;background:#fff;font-family:-apple-system,sans-serif;\">&#13;<\/p>\n<thead>\n<tr>\n<th style=\"background:#ecfeff;border-bottom:2px solid #0e7490;padding:16px 20px;text-align:left;color:#0e7490;font-size:15px;font-weight:700;\">Crit\u00e9rio de Layout<\/th>\n<th style=\"background:#ecfeff;border-bottom:2px solid #0e7490;padding:16px 20px;text-align:left;color:#0e7490;font-size:15px;font-weight:700;\">Sof\u00e1 de Canto Tradicional (em L)<\/th>\n<th style=\"background:#ecfeff;border-bottom:2px solid #0e7490;padding:16px 20px;text-align:left;color:#0e7490;font-size:15px;font-weight:700;\">Sof\u00e1 Modular Independente<\/th>\n<\/tr>\n<\/thead>\n<p>&#13;<\/p>\n<tbody>&#13;<\/p>\n<tr>\n<td style=\"padding:16px 20px;border-bottom:1px solid #f1f5f9;font-size:14.5px;color:#334155;\">\ud83d\udeb6 <strong>Circula\u00e7\u00e3o livre<\/strong><\/td>\n<td style=\"padding:16px 20px;border-bottom:1px solid #f1f5f9;font-size:14.5px;color:#334155;\">Estrangulada (abaixo de 50 cm no retorno do L)<\/td>\n<td style=\"padding:16px 20px;border-bottom:1px solid #f1f5f9;font-size:14.5px;color:#334155;\">Preservada (<strong>70 cm<\/strong> a 80 cm cont\u00ednuos)<\/td>\n<\/tr>\n<p>&#13;<\/p>\n<tr>\n<td style=\"padding:16px 20px;border-bottom:1px solid #f1f5f9;font-size:14.5px;color:#334155;\">\ud83e\udde9 <strong>Flexibilidade de arranjo<\/strong><\/td>\n<td style=\"padding:16px 20px;border-bottom:1px solid #f1f5f9;font-size:14.5px;color:#334155;\">Fixa em apenas um v\u00e9rtice de parede<\/td>\n<td style=\"padding:16px 20px;border-bottom:1px solid #f1f5f9;font-size:14.5px;color:#334155;\">Reconfigur\u00e1vel em linha, ilha ou com pufe avulso<\/td>\n<\/tr>\n<p>&#13;<\/p>\n<tr>\n<td style=\"padding:16px 20px;border-bottom:1px solid #f1f5f9;font-size:14.5px;color:#334155;\">\ud83d\udecb\ufe0f <strong>Aproveitamento do assento<\/strong><\/td>\n<td style=\"padding:16px 20px;border-bottom:1px solid #f1f5f9;font-size:14.5px;color:#334155;\">V\u00e9rtice cego perde 1 lugar confort\u00e1vel<\/td>\n<td style=\"padding:16px 20px;border-bottom:1px solid #f1f5f9;font-size:14.5px;color:#334155;\">100% de \u00e1rea \u00fatil para sentar ou deitar<\/td>\n<\/tr>\n<p>&#13;<\/p>\n<tr>\n<td style=\"padding:16px 20px;border-bottom:1px solid #f1f5f9;font-size:14.5px;color:#334155;\">\ud83d\udce6 <strong>Entrega e transporte<\/strong><\/td>\n<td style=\"padding:16px 20px;border-bottom:1px solid #f1f5f9;font-size:14.5px;color:#334155;\">Pe\u00e7a monobloco pesada (70 a 110 kg) que trava no elevador<\/td>\n<td style=\"padding:16px 20px;border-bottom:1px solid #f1f5f9;font-size:14.5px;color:#334155;\">M\u00f3dulos leves (20 a 30 kg cada) que passam por v\u00e3os de 80 cm<\/td>\n<\/tr>\n<p>&#13;<br \/>\n    <\/tbody>\n<p>&#13;<br \/>\n  <\/table>\n<\/div>\n<h2 class=\"wp-block-heading\">Como arquitetos e designers de interiores planejam o dimensionamento do sof\u00e1 modular para a sala?<\/h2>\n<p>O sucesso de um arranjo de sala de estar depende da sintonia entre a profundidade da pe\u00e7a e a din\u00e2mica da fam\u00edlia. Para ambientes de recep\u00e7\u00e3o social, assentos com profundidade entre <strong>85 cm<\/strong> e <strong>95 cm<\/strong> e encosto mais firme proporcionam postura ergon\u00f4mica e facilitam o sentar e levantar sem desconforto na coluna.<\/p>\n<p>Quando a sala \u00e9 utilizada para maratonar s\u00e9ries e filmes, estofados retr\u00e1teis costumam ser a primeira ideia, mas abertos chegam a <strong>1,80 m<\/strong> de profundidade e bloqueiam totalmente o fluxo. Os m\u00f3dulos fixos com pufes m\u00f3veis oferecem o mesmo repouso para as pernas com a vantagem de desmonte instant\u00e2neo.<\/p>\n<p>Abaixo, um v\u00eddeo do canal <a href=\"https:\/\/www.youtube.com\/watch?v=KuqU37qS_20\" target=\"_blank\" rel=\"noopener\">Laion Fernandes \u2013 Arquitetura e Interiores (YouTube)<\/a> que aprofunda o dimensionamento de estofados para salas:<\/p>\n<h2 class=\"wp-block-heading\">Quais especifica\u00e7\u00f5es de tecido e densidade de espuma garantem durabilidade no sof\u00e1 modular?<\/h2>\n<p>A durabilidade de um conjunto modular submetido ao uso cont\u00ednuo em apartamentos pequenos passa pela escolha correta do n\u00facleo estofado. A base de assento deve contar com espuma de poliuretano com densidade m\u00ednima <strong>D28<\/strong> ou preferencialmente <strong>D33<\/strong> para sustentar o peso sem ceder de forma prematura.<\/p>\n<p>Para aliar suporte e maciez, as melhores fabricantes combinam a estrutura firme de base a uma camada superior de manta de fibra siliconada ou l\u00e2mina de espuma <strong>D26 Soft<\/strong> com <strong>3 cm<\/strong> a <strong>5 cm<\/strong> de espessura, o que previne marcas de afundamento e recupera o formato ap\u00f3s o uso.<\/p>\n<div class=\"wp-block-image\">\n<figure class=\"aligncenter size-large\"><img decoding=\"async\" width=\"1024\" height=\"572\" src=\"https:\/\/www.uai.com.br\/wp-content\/uploads\/2026\/09\/Configuring_modular_living_room_202609031357-1024x572.jpeg\" alt=\"Composi\u00e7\u00e3o em tr\u00eas partes mostrando a demarca\u00e7\u00e3o de 70 cm no ch\u00e3o, o transporte do m\u00f3dulo leve e o layout final montado com pufe.\" class=\"wp-image-172006\"\/><figcaption class=\"wp-element-caption\">As tr\u00eas etapas para renovar a sala: medi\u00e7\u00e3o da circula\u00e7\u00e3o m\u00ednima, transporte dos blocos leves e arranjo flex\u00edvel \u2014 Cr\u00e9ditos: Imagem gerada por IA<\/figcaption><\/figure>\n<\/div>\n<h2 class=\"wp-block-heading\">Quando vale a pena contratar um arquiteto ou designer de interiores para repensar o layout da sala?<\/h2>\n<p>Em apartamentos com metragem \u00fatil total abaixo de <strong>45 m\u00b2<\/strong>, cada cent\u00edmetro mal posicionado compromete a ventila\u00e7\u00e3o natural e cria pontos cegos de desordem. Situa\u00e7\u00f5es que envolvem pilares estruturais salientes, portas de sacada de giro para dentro ou paredes diagonais exigem planejamento sob medida.<\/p>\n<p>Nesses casos, contratar um <strong>arquiteto<\/strong> ou um <strong>designer de interiores<\/strong> viabiliza o desenvolvimento de um projeto de layout executivo em escala real. O profissional detalha engates mec\u00e2nicos invis\u00edveis sob os m\u00f3dulos para impedir que as pe\u00e7as escorreguem no piso e compatibiliza os m\u00f3veis com o projeto luminot\u00e9cnico.<\/p>\n<p><a href=\"https:\/\/www.uai.com.br\/dicas-de-casa\/2026\/07\/24\/adeus-aos-grandes-paineis-de-tv-de-madeira-ocupando-toda-a-sala-essa-tendencia-minimalista-para-renovar-o-ambiente-com-suportes-invisiveis-direto-na-parede\/\" target=\"_blank\" rel=\"noopener\" style=\"display:block;background:#eef4fb;border-left:4px solid #0d3b66;border-radius:8px;padding:14px 18px;margin:20px 0;text-decoration:none;color:#0d3b66;font-weight:600;\">\ud83d\udcd6 <strong>Leia tamb\u00e9m:<\/strong> Adeus aos grandes pain\u00e9is de TV de madeira ocupando toda a sala: essa tend\u00eancia minimalista para renovar o ambiente com suportes invis\u00edveis direto na parede<\/a><\/p>\n<p>Repensar o mobili\u00e1rio da sala trocando um estofado de canto por blocos modulares leves \u00e9 uma decis\u00e3o direta sobre o conforto e a mobilidade da rotina. Antes de fechar a compra, marque a proje\u00e7\u00e3o das pe\u00e7as no piso usando fita crepe, valide os <strong>70 cm<\/strong> de faixa de passagem e assegure que o ambiente continue respirando em todos os momentos.<\/p>\n<p><!-- CONTENT END 1 --><\/p><\/div>\n<p><br \/>\n<br \/><a href=\"https:\/\/www.uai.com.br\/curiosidades\/2026\/09\/05\/adeus-ao-sofa-de-canto-o-modelo-modular-mais-versatil-e-leve-para-salas-pequenas-que-ganhou-espaco-em-2026\/\">Super Esportes<\/a><\/p>\n","protected":false},"excerpt":{"rendered":"<p>Resumo \ud83d\udecb\ufe0fSubstitui\u00e7\u00e3o funcional: O sof\u00e1 modular sem bra\u00e7o substitui o modelo de canto em L ao eliminar pe\u00e7as r\u00edgidas que travam o layout e bloqueiam portas e tomadas. \ud83d\udccfRegra de circula\u00e7\u00e3o: Garante os 70 cm livres de passagem cont\u00ednua exigidos pela ergonomia residencial entre o assento, a mesa de centro e o m\u00f3vel da TV. [&hellip;]<\/p>\n","protected":false},"author":1,"featured_media":35677,"comment_status":"closed","ping_status":"","sticky":false,"template":"","format":"standard","meta":{"footnotes":""},"categories":[14],"tags":[],"class_list":["post-35676","post","type-post","status-publish","format-standard","has-post-thumbnail","hentry","category-esportes"],"_links":{"self":[{"href":"https:\/\/diarioalagoas.com.br\/index.php?rest_route=\/wp\/v2\/posts\/35676","targetHints":{"allow":["GET"]}}],"collection":[{"href":"https:\/\/diarioalagoas.com.br\/index.php?rest_route=\/wp\/v2\/posts"}],"about":[{"href":"https:\/\/diarioalagoas.com.br\/index.php?rest_route=\/wp\/v2\/types\/post"}],"author":[{"embeddable":true,"href":"https:\/\/diarioalagoas.com.br\/index.php?rest_route=\/wp\/v2\/users\/1"}],"replies":[{"embeddable":true,"href":"https:\/\/diarioalagoas.com.br\/index.php?rest_route=%2Fwp%2Fv2%2Fcomments&post=35676"}],"version-history":[{"count":0,"href":"https:\/\/diarioalagoas.com.br\/index.php?rest_route=\/wp\/v2\/posts\/35676\/revisions"}],"wp:featuredmedia":[{"embeddable":true,"href":"https:\/\/diarioalagoas.com.br\/index.php?rest_route=\/wp\/v2\/media\/35677"}],"wp:attachment":[{"href":"https:\/\/diarioalagoas.com.br\/index.php?rest_route=%2Fwp%2Fv2%2Fmedia&parent=35676"}],"wp:term":[{"taxonomy":"category","embeddable":true,"href":"https:\/\/diarioalagoas.com.br\/index.php?rest_route=%2Fwp%2Fv2%2Fcategories&post=35676"},{"taxonomy":"post_tag","embeddable":true,"href":"https:\/\/diarioalagoas.com.br\/index.php?rest_route=%2Fwp%2Fv2%2Ftags&post=35676"}],"curies":[{"name":"wp","href":"https:\/\/api.w.org\/{rel}","templated":true}]}}