{"id":35680,"date":"2026-09-05T14:37:36","date_gmt":"2026-09-05T17:37:36","guid":{"rendered":"https:\/\/diarioalagoas.com.br\/?p=35680"},"modified":"2026-09-05T14:37:36","modified_gmt":"2026-09-05T17:37:36","slug":"veja-alteracoes-no-transito-de-brasilia-para-desfile-do-7-de-setembro","status":"publish","type":"post","link":"https:\/\/diarioalagoas.com.br\/?p=35680","title":{"rendered":"Veja altera\u00e7\u00f5es no tr\u00e2nsito de Bras\u00edlia para desfile do 7 de Setembro"},"content":{"rendered":"<p> <br \/>\n<\/p>\n<div>\n<p><strong>Em raz\u00e3o do <a href=\"https:\/\/agenciabrasil.ebc.com.br\/tags\/7-de-setembro\" target=\"_blank\">Desfile C\u00edvico de 7 de Setembro<\/a>, na pr\u00f3xima segunda-feira (7), em Bras\u00edlia, o tr\u00e2nsito na capital federal j\u00e1 passa por\u00a0altera\u00e7\u00f5es.<\/strong><img decoding=\"async\" src=\"https:\/\/agenciabrasil.ebc.com.br\/ebc.png?id=1701615&amp;o=node\" style=\"width:1px; height:1px; display:inline;\"\/><img decoding=\"async\" src=\"https:\/\/agenciabrasil.ebc.com.br\/ebc.gif?id=1701615&amp;o=node\" style=\"width:1px; height:1px; display:inline;\"\/><\/p>\n<p>Neste s\u00e1bado (5), na <a href=\"https:\/\/agenciabrasil.ebc.com.br\/tags\/esplanada-dos-ministerios-2\" target=\"_blank\">Esplanada dos Minist\u00e9rios<\/a>, a partir das 16h, a liga\u00e7\u00e3o das vias S1\/N1, pr\u00f3ximo ao <a href=\"https:\/\/museu.cultura.df.gov.br\/\" target=\"_blank\">Museu da Rep\u00fablica<\/a>, ser\u00e1 fechada para demarca\u00e7\u00e3o dos locais destinados aos ambulantes. A partir das 23h, ser\u00e3o instaladas\u00a0barreiras de concreto para fechamento das vias e demais sinaliza\u00e7\u00f5es de desvios.<\/p>\n<p>Nessa\u00a0sexta-feira (4), dois pain\u00e9is de mensagens foram instalados no Eixo Monumental, perto da\u00a0Torre de TV, para orientar\u00a0os condutores sobre a suspens\u00e3o do tr\u00e1fego no fim de semana. Outro aviso foi colocado pr\u00f3ximo \u00e0 Rodovi\u00e1ria do Plano Piloto para informar que, neste\u00a0domingo, o acesso ser\u00e1 liberado apenas para \u00f4nibus.<\/p>\n<p>No domingo (6), o tr\u00e1fego de ve\u00edculos na Esplanada dos Minist\u00e9rios ser\u00e1 bloqueado a partir das 16h. A circula\u00e7\u00e3o\u00a0de ve\u00edculos nas vias S2, S3 ser\u00e1 controlada, at\u00e9 o t\u00e9rmino do desfile e a total evacua\u00e7\u00e3o do local.<\/p>\n<h2>Pedestres<\/h2>\n<p>Durante toda a segunda-feira, agentes de tr\u00e2nsito v\u00e3o auxiliar nas travessias de pedestres que v\u00e3o participar do desfile. O acesso de ve\u00edculos e pedestres n\u00e3o autorizados \u00e0 \u00e1rea do desfile pela via S2 ser\u00e1 impedido, assim como o estacionamento em locais proibidos ou que prejudiquem a fluidez nas vias.<\/p>\n<p>De acordo com o governo do Distrito Federal, haver\u00e1 patrulhamento nas vias S2, S3 e proximidades, com guincho e empilhadeira na chamada Cidade da Seguran\u00e7a, montada no Complexo do Rep\u00fablica e em outros pontos estrat\u00e9gicos da Esplanada, com equipe pronta a atender \u00e0 necessidade de remo\u00e7\u00e3o de ve\u00edculos.<\/p>\n<h2>Bras\u00edlia Air Show<\/h2>\n<p><strong>Ainda no domingo, das 9h \u00e0s 17h, a <a href=\"https:\/\/www.fab.mil.br\/\" target=\"_blank\">For\u00e7a A\u00e9rea Brasileira (FAB) <\/a>promover\u00e1 o evento <a href=\"https:\/\/www.portoesabertosbabr.com\/\" target=\"_blank\">Bras\u00edlia Air Show<\/a>, na Base A\u00e9rea de Bras\u00edlia.<\/strong> A expectativa \u00e9 que 80 mil pessoas passem pelo local. Haver\u00e1 demonstra\u00e7\u00f5es a\u00e9reas, exposi\u00e7\u00e3o de aeronaves e atra\u00e7\u00f5es interativas,\u00a0com foco em tecnologia e\u00a0inova\u00e7\u00e3o. A finalidade \u00e9 aproximar o o p\u00fablico do universo da avia\u00e7\u00e3o civil e militar.<br \/>\u00a0<\/p>\n<blockquote class=\"instagram-media\" data-instgrm-permalink=\"https:\/\/www.instagram.com\/reel\/Dc4SYMdxW7q\/?utm_source=ig_embed&amp;utm_campaign=loading\" data-instgrm-version=\"14\" style=\" background:#FFF; border:0; border-radius:3px; box-shadow:0 0 1px 0 rgba(0,0,0,0.5),0 1px 10px 0 rgba(0,0,0,0.15); margin: 1px; max-width:540px; min-width:326px; padding:0; width:99.375%; width:-webkit-calc(100% - 2px); width:calc(100% - 2px);\">\n<\/blockquote>\n<p>Com isso, a rotat\u00f3ria na quadra 14, conjunto 1, do Park Way, no sentido marginal da Estrada Parque Aeroporto, DF-047, ser\u00e1 fechada. Tamb\u00e9m ser\u00e1 fechada a al\u00e7a de liga\u00e7\u00e3o da DF-025, que d\u00e1 acesso \u00e0 marginal da Estrada Parque Aeroporto.<\/p>\n<p>O local ser\u00e1 sinalizado com cones, destinando duas faixas para o acesso \u00e0 Base A\u00e9rea e duas para seguir em dire\u00e7\u00e3o ao aeroporto.<\/p>\n<p>      <!-- Relacionada --><br \/>\n            <!-- Relacionada -->\n    <\/div>\n<p><script async src=\"\/\/www.instagram.com\/embed.js\"><\/script><br \/>\n<br \/><br \/>\n<br \/><a href=\"https:\/\/agenciabrasil.ebc.com.br\/geral\/noticia\/2026-09\/veja-alteracoes-no-transito-de-brasilia-para-desfile-do-7-de-setembro\">Ag\u00eancia Brasil <\/a><\/p>\n","protected":false},"excerpt":{"rendered":"<p>Em raz\u00e3o do Desfile C\u00edvico de 7 de Setembro, na pr\u00f3xima segunda-feira (7), em Bras\u00edlia, o tr\u00e2nsito na capital federal j\u00e1 passa por\u00a0altera\u00e7\u00f5es. Neste s\u00e1bado (5), na Esplanada dos Minist\u00e9rios, a partir das 16h, a liga\u00e7\u00e3o das vias S1\/N1, pr\u00f3ximo ao Museu da Rep\u00fablica, ser\u00e1 fechada para demarca\u00e7\u00e3o dos locais destinados aos ambulantes. A partir [&hellip;]<\/p>\n","protected":false},"author":1,"featured_media":35681,"comment_status":"closed","ping_status":"","sticky":false,"template":"","format":"standard","meta":{"footnotes":""},"categories":[16],"tags":[],"class_list":["post-35680","post","type-post","status-publish","format-standard","has-post-thumbnail","hentry","category-internacional"],"_links":{"self":[{"href":"https:\/\/diarioalagoas.com.br\/index.php?rest_route=\/wp\/v2\/posts\/35680","targetHints":{"allow":["GET"]}}],"collection":[{"href":"https:\/\/diarioalagoas.com.br\/index.php?rest_route=\/wp\/v2\/posts"}],"about":[{"href":"https:\/\/diarioalagoas.com.br\/index.php?rest_route=\/wp\/v2\/types\/post"}],"author":[{"embeddable":true,"href":"https:\/\/diarioalagoas.com.br\/index.php?rest_route=\/wp\/v2\/users\/1"}],"replies":[{"embeddable":true,"href":"https:\/\/diarioalagoas.com.br\/index.php?rest_route=%2Fwp%2Fv2%2Fcomments&post=35680"}],"version-history":[{"count":0,"href":"https:\/\/diarioalagoas.com.br\/index.php?rest_route=\/wp\/v2\/posts\/35680\/revisions"}],"wp:featuredmedia":[{"embeddable":true,"href":"https:\/\/diarioalagoas.com.br\/index.php?rest_route=\/wp\/v2\/media\/35681"}],"wp:attachment":[{"href":"https:\/\/diarioalagoas.com.br\/index.php?rest_route=%2Fwp%2Fv2%2Fmedia&parent=35680"}],"wp:term":[{"taxonomy":"category","embeddable":true,"href":"https:\/\/diarioalagoas.com.br\/index.php?rest_route=%2Fwp%2Fv2%2Fcategories&post=35680"},{"taxonomy":"post_tag","embeddable":true,"href":"https:\/\/diarioalagoas.com.br\/index.php?rest_route=%2Fwp%2Fv2%2Ftags&post=35680"}],"curies":[{"name":"wp","href":"https:\/\/api.w.org\/{rel}","templated":true}]}}