{"id":35682,"date":"2026-09-05T15:29:08","date_gmt":"2026-09-05T18:29:08","guid":{"rendered":"https:\/\/diarioalagoas.com.br\/?p=35682"},"modified":"2026-09-05T15:29:08","modified_gmt":"2026-09-05T18:29:08","slug":"hospital-de-amor-em-barretos-inaugura-ala-de-reabilitacao-oncologica","status":"publish","type":"post","link":"https:\/\/diarioalagoas.com.br\/?p=35682","title":{"rendered":"Hospital de Amor em Barretos inaugura ala de reabilita\u00e7\u00e3o oncol\u00f3gica"},"content":{"rendered":"<p> <br \/>\n<\/p>\n<div>\n<p><strong>Com sede em Barretos (SP), o Hospital de Amor, maior centro oncol\u00f3gico de atendimento 100% gratuito da Am\u00e9rica Latina, inaugurou recentemente o Diret\u00f3rio de Reabilita\u00e7\u00e3o Moderna (DREAM), que vai articular atendimentos ambulatoriais, terapias, interna\u00e7\u00e3o e suporte cir\u00fargico.<\/strong><img decoding=\"async\" src=\"https:\/\/agenciabrasil.ebc.com.br\/ebc.png?id=1701625&amp;o=node\" style=\"width:1px; height:1px; display:inline;\"\/><img decoding=\"async\" src=\"https:\/\/agenciabrasil.ebc.com.br\/ebc.gif?id=1701625&amp;o=node\" style=\"width:1px; height:1px; display:inline;\"\/><\/p>\n<p>A nova unidade, que aumenta a capacidade anterior, ocupa uma \u00e1rea de quase 8 mil metros quadrados e \u00e9 <strong>voltada ao atendimento de pacientes com c\u00e2ncer que j\u00e1 s\u00e3o acompanhados pelo hospital que apresentam sequelas da doen\u00e7a ou do tratamento, como altera\u00e7\u00f5es de mobilidade, for\u00e7a, equil\u00edbrio, cogni\u00e7\u00e3o, comunica\u00e7\u00e3o, degluti\u00e7\u00e3o, audi\u00e7\u00e3o ou vis\u00e3o, al\u00e9m de amputa\u00e7\u00f5es e outras limita\u00e7\u00f5es funcionais. <\/strong><\/p>\n<p>Tamb\u00e9m s\u00e3o atendidos pacientes n\u00e3o oncol\u00f3gicos com defici\u00eancias ou limita\u00e7\u00f5es f\u00edsicas, intelectuais, visuais ou auditivas, de origem cong\u00eanita, adquirida, cr\u00f4nica ou transit\u00f3ria.<\/p>\n<p>Em visita neste s\u00e1bado (5), o presidente Luiz In\u00e1cio Lula da Silva e o ministro da Sa\u00fade, Alexandre Padilha, conheceram as novas instala\u00e7\u00f5es. A estrutura re\u00fane ambulat\u00f3rios, boxes individualizados de terapia e espa\u00e7os para atendimentos m\u00e9dicos e multiprofissionais, al\u00e9m de uma unidade de interna\u00e7\u00e3o com 18 leitos, sendo dois destinados a cuidados semi-intensivos, e assist\u00eancia 24 horas.<\/p>\n<p>A constru\u00e7\u00e3o da ala de reabilita\u00e7\u00e3o contou com recursos da Funda\u00e7\u00e3o Banco do Brasil.<\/p>\n<p>O diretor do hospital, Henrique Prata, afirmou que a qualidade do atendimento \u00e9 superior ao setor privado.<\/p>\n<p>&#8220;Esse exemplo aqui hoje n\u00e3o existe nem para os ricos, um centro completo como esse. Tudo \u00e9 poss\u00edvel com a participa\u00e7\u00e3o da sociedade e do governo&#8221;, destacou.<\/p>\n<p>O ministro da Sa\u00fade explicou porque que o centro foi pensado e enfatizou que a unidade vai garantir um tratamento integral aos pacientes com c\u00e2ncer. \u00a0<\/p>\n<p>&#8220;Os profissionais e sa\u00fade e os gestores do Hospital de Amor come\u00e7aram a perceber que a pessoa vencia o c\u00e2ncer, que j\u00e1 \u00e9 algo t\u00e3o importante, conseguia tratar do c\u00e2ncer, mas muitas vezes, pela medica\u00e7\u00e3o, pela cirurgia, pelo tratamento ou mesmo a pessoa j\u00e1 tinha algum tipo de defici\u00eancia e o c\u00e2ncer, era necess\u00e1rio fazer a reabilita\u00e7\u00e3o f\u00edsica, a reabilita\u00e7\u00e3o visual, a reabilita\u00e7\u00e3o auditiva&#8221;, disse Padilha. \u00a0<\/p>\n<p>Antigo Hospital de C\u00e2ncer de Barretos, o Hospital de Amor, como atualmente \u00e9 nomeado, foi inaugurado em 1962. Sua administra\u00e7\u00e3o \u00e9 feita por uma institui\u00e7\u00e3o privada sem fins lucrativos, liderada por Henrique Prata, filho dos fundadores, os m\u00e9dicos Paulo Prata e Scylla Duarte Prata.<\/p>\n<p>Trata-se, portanto, de uma institui\u00e7\u00e3o privada filantr\u00f3pica, mas que presta atendimento totalmente gratuito pelo Sistema \u00danico de Sa\u00fade (SUS), contando com doa\u00e7\u00f5es da iniciativa privada, apoio da comunidade e repasses governamentais.<\/p>\n<p>&#8220;N\u00e3o tem nenhum pa\u00eds do mundo, com mais de 100 milh\u00f5es de habitantes, que tem um sistema de sa\u00fade como o SUS&#8221;, afirmou Lula em discurso durante a visita.<\/p>\n<h2>Estrutura da unidade<\/h2>\n<p>O centro cir\u00fargico do DREAM conta com duas salas para procedimentos de m\u00e9dia e alta complexidade, com foco em oftalmologia, ortopedia, neurocirurgia e otorrinolaringologia, al\u00e9m de quatro leitos para recupera\u00e7\u00e3o p\u00f3s-anest\u00e9sica.<\/p>\n<p>O complexo disp\u00f5e ainda de c\u00e2mara de oxigenoterapia hiperb\u00e1rica para o cuidado de feridas complexas, infec\u00e7\u00f5es e les\u00f5es associadas \u00e0 radioterapia.<\/p>\n<p>Na \u00e1rea de reabilita\u00e7\u00e3o, h\u00e1 piscina aquecida para hidroterapia, salas de cinesioterapia, academia, laborat\u00f3rio de movimento, gin\u00e1sio poliesportivo e espa\u00e7os para atividades f\u00edsicas e esportes adaptados. O diret\u00f3rio conta tamb\u00e9m com uma casa adaptada para o treinamento de atividades da vida di\u00e1ria, como alimenta\u00e7\u00e3o, autocuidado e tarefas dom\u00e9sticas, al\u00e9m de um centro h\u00edpico para a realiza\u00e7\u00e3o de equoterapia.<\/p>\n<p>A estrutura inclui ainda Oficina Ortop\u00e9dica para confec\u00e7\u00e3o, ajuste e dispensa\u00e7\u00e3o de \u00f3rteses e pr\u00f3teses sob medida, integrada ao processo de reabilita\u00e7\u00e3o. Tecnologias de reabilita\u00e7\u00e3o rob\u00f3tica, realidade virtual e gamifica\u00e7\u00e3o complementam o atendimento e apoiam a avalia\u00e7\u00e3o, o tratamento e o acompanhamento da evolu\u00e7\u00e3o funcional dos pacientes.<\/p>\n<p>Entre os recursos utilizados pela reabilita\u00e7\u00e3o do Hospital de Amor est\u00e3o o Lokomat, um exoesqueleto rob\u00f3tico acoplado a uma esteira, que visa a reabilita\u00e7\u00e3o intensiva da marcha em pacientes com dificuldades de locomo\u00e7\u00e3o, e o NIRVANA, tecnologia imersiva empregada na estimula\u00e7\u00e3o motora, cognitiva e neurossensorial.<\/p>\n<p>      <!-- Relacionada --><\/p>\n<p>            <!-- Relacionada -->\n    <\/div>\n<p><br \/>\n<br \/><a href=\"https:\/\/agenciabrasil.ebc.com.br\/saude\/noticia\/2026-09\/hospital-de-amor-em-barretos-inaugura-ala-de-reabilitacao-oncologica\">Ag\u00eancia Brasil<\/a><\/p>\n","protected":false},"excerpt":{"rendered":"<p>Com sede em Barretos (SP), o Hospital de Amor, maior centro oncol\u00f3gico de atendimento 100% gratuito da Am\u00e9rica Latina, inaugurou recentemente o Diret\u00f3rio de Reabilita\u00e7\u00e3o Moderna (DREAM), que vai articular atendimentos ambulatoriais, terapias, interna\u00e7\u00e3o e suporte cir\u00fargico. A nova unidade, que aumenta a capacidade anterior, ocupa uma \u00e1rea de quase 8 mil metros quadrados e [&hellip;]<\/p>\n","protected":false},"author":1,"featured_media":35683,"comment_status":"closed","ping_status":"","sticky":false,"template":"","format":"standard","meta":{"footnotes":""},"categories":[18],"tags":[],"class_list":["post-35682","post","type-post","status-publish","format-standard","has-post-thumbnail","hentry","category-saude"],"_links":{"self":[{"href":"https:\/\/diarioalagoas.com.br\/index.php?rest_route=\/wp\/v2\/posts\/35682","targetHints":{"allow":["GET"]}}],"collection":[{"href":"https:\/\/diarioalagoas.com.br\/index.php?rest_route=\/wp\/v2\/posts"}],"about":[{"href":"https:\/\/diarioalagoas.com.br\/index.php?rest_route=\/wp\/v2\/types\/post"}],"author":[{"embeddable":true,"href":"https:\/\/diarioalagoas.com.br\/index.php?rest_route=\/wp\/v2\/users\/1"}],"replies":[{"embeddable":true,"href":"https:\/\/diarioalagoas.com.br\/index.php?rest_route=%2Fwp%2Fv2%2Fcomments&post=35682"}],"version-history":[{"count":0,"href":"https:\/\/diarioalagoas.com.br\/index.php?rest_route=\/wp\/v2\/posts\/35682\/revisions"}],"wp:featuredmedia":[{"embeddable":true,"href":"https:\/\/diarioalagoas.com.br\/index.php?rest_route=\/wp\/v2\/media\/35683"}],"wp:attachment":[{"href":"https:\/\/diarioalagoas.com.br\/index.php?rest_route=%2Fwp%2Fv2%2Fmedia&parent=35682"}],"wp:term":[{"taxonomy":"category","embeddable":true,"href":"https:\/\/diarioalagoas.com.br\/index.php?rest_route=%2Fwp%2Fv2%2Fcategories&post=35682"},{"taxonomy":"post_tag","embeddable":true,"href":"https:\/\/diarioalagoas.com.br\/index.php?rest_route=%2Fwp%2Fv2%2Ftags&post=35682"}],"curies":[{"name":"wp","href":"https:\/\/api.w.org\/{rel}","templated":true}]}}