{"id":35684,"date":"2026-09-05T16:42:34","date_gmt":"2026-09-05T19:42:34","guid":{"rendered":"https:\/\/diarioalagoas.com.br\/?p=35684"},"modified":"2026-09-05T16:42:34","modified_gmt":"2026-09-05T19:42:34","slug":"prefeitura-de-maceio-rua-aberta-tera-funcionamento-especial-no","status":"publish","type":"post","link":"https:\/\/diarioalagoas.com.br\/?p=35684","title":{"rendered":"Prefeitura de Macei\u00f3 | Rua Aberta ter\u00e1 funcionamento especial no\u2026"},"content":{"rendered":"<p> <br \/>\n<\/p>\n<div id=\"\">\n<p>A Rua Aberta, na orla de Ponta Verde, ter\u00e1 funcionamento especial nesta segunda-feira (7), feriado da Independ\u00eancia do Brasil. Das 8h \u00e0s 18h, maceioenses e turistas poder\u00e3o aproveitar o espa\u00e7o para atividades de lazer, esporte e conviv\u00eancia \u00e0 beira-mar.<\/p>\n<p>A programa\u00e7\u00e3o amplia as op\u00e7\u00f5es para quem pretende aproveitar o feriado na capital alagoana e refor\u00e7a a utiliza\u00e7\u00e3o democr\u00e1tica da orla, com um ambiente destinado a pedestres, ciclistas, corredores e fam\u00edlias.<\/p>\n<p>Al\u00e9m do funcionamento especial na segunda-feira, a Rua Aberta mant\u00e9m a programa\u00e7\u00e3o habitual aos finais de semana. Aos s\u00e1bados, o espa\u00e7o funciona das 17h \u00e0s 23h, e aos domingos, das 7h \u00e0s 18h.<\/p>\n<p>Durante o funcionamento, o tr\u00e1fego de ve\u00edculos fica temporariamente suspenso no trecho da Rua Aberta, garantindo mais seguran\u00e7a e conforto para quem utiliza a regi\u00e3o para atividades recreativas e esportivas.<\/p>\n<div class=\"gabinate\">\n<a href=\"https:\/\/maceio.al.gov.br\/secretarias-e-orgaos\/semsc\">SEMSC<\/a><\/p>\n<h2>Secretaria Municipal de Seguran\u00e7a Cidad\u00e3<\/h2>\n<p><span><\/p>\n<p>Av. Gov. Afr\u00e2nio Lages, 297, Farol &#8211; Macei\u00f3-AL.<br \/>CEP-57050-015<br \/>Telefones: (82) 3312-5270 | (82) 3312-5277 (disque-den\u00fancia) | (82) 3312-5289 (ouvidoria) | <br \/>WhatsApp (82) 98882-8170 (eventos) <br \/>Hor\u00e1rio de atendimento: segunda a sexta, de 8h \u00e0s 14h.<br \/>Guarda Municipal: Av. Gov. Afr\u00e2nio Lages, 297, Farol &#8211; Macei\u00f3-AL.<br \/>CEP: 57014-510 \/\/ Fone: 153<\/p>\n<p><\/span><\/div>\n<\/div>\n<p><script async defer crossorigin=\"anonymous\" src=\"https:\/\/connect.facebook.net\/pt_BR\/sdk.js#xfbml=1&#038;version=v12.0\" nonce=\"0pFl3y7T\"><\/script><br \/>\n<br \/><br \/>\n<br \/><a href=\"https:\/\/maceio.al.gov.br\/noticias\/semsc\/rua-aberta-tera-funcionamento-especial-no-feriado-de-7-de-setembro-em-maceio\">Prefeitura de Macei\u00f3 <\/a><\/p>\n","protected":false},"excerpt":{"rendered":"<p>A Rua Aberta, na orla de Ponta Verde, ter\u00e1 funcionamento especial nesta segunda-feira (7), feriado da Independ\u00eancia do Brasil. Das 8h \u00e0s 18h, maceioenses e turistas poder\u00e3o aproveitar o espa\u00e7o para atividades de lazer, esporte e conviv\u00eancia \u00e0 beira-mar. A programa\u00e7\u00e3o amplia as op\u00e7\u00f5es para quem pretende aproveitar o feriado na capital alagoana e refor\u00e7a [&hellip;]<\/p>\n","protected":false},"author":1,"featured_media":35685,"comment_status":"closed","ping_status":"","sticky":false,"template":"","format":"standard","meta":{"footnotes":""},"categories":[9],"tags":[],"class_list":["post-35684","post","type-post","status-publish","format-standard","has-post-thumbnail","hentry","category-maceio"],"_links":{"self":[{"href":"https:\/\/diarioalagoas.com.br\/index.php?rest_route=\/wp\/v2\/posts\/35684","targetHints":{"allow":["GET"]}}],"collection":[{"href":"https:\/\/diarioalagoas.com.br\/index.php?rest_route=\/wp\/v2\/posts"}],"about":[{"href":"https:\/\/diarioalagoas.com.br\/index.php?rest_route=\/wp\/v2\/types\/post"}],"author":[{"embeddable":true,"href":"https:\/\/diarioalagoas.com.br\/index.php?rest_route=\/wp\/v2\/users\/1"}],"replies":[{"embeddable":true,"href":"https:\/\/diarioalagoas.com.br\/index.php?rest_route=%2Fwp%2Fv2%2Fcomments&post=35684"}],"version-history":[{"count":0,"href":"https:\/\/diarioalagoas.com.br\/index.php?rest_route=\/wp\/v2\/posts\/35684\/revisions"}],"wp:featuredmedia":[{"embeddable":true,"href":"https:\/\/diarioalagoas.com.br\/index.php?rest_route=\/wp\/v2\/media\/35685"}],"wp:attachment":[{"href":"https:\/\/diarioalagoas.com.br\/index.php?rest_route=%2Fwp%2Fv2%2Fmedia&parent=35684"}],"wp:term":[{"taxonomy":"category","embeddable":true,"href":"https:\/\/diarioalagoas.com.br\/index.php?rest_route=%2Fwp%2Fv2%2Fcategories&post=35684"},{"taxonomy":"post_tag","embeddable":true,"href":"https:\/\/diarioalagoas.com.br\/index.php?rest_route=%2Fwp%2Fv2%2Ftags&post=35684"}],"curies":[{"name":"wp","href":"https:\/\/api.w.org\/{rel}","templated":true}]}}