{"id":35686,"date":"2026-09-05T19:33:46","date_gmt":"2026-09-05T22:33:46","guid":{"rendered":"https:\/\/diarioalagoas.com.br\/?p=35686"},"modified":"2026-09-05T19:33:46","modified_gmt":"2026-09-05T22:33:46","slug":"anvisa-aprova-importacao-de-remedio-experimental-para-piloto-lito","status":"publish","type":"post","link":"https:\/\/diarioalagoas.com.br\/?p=35686","title":{"rendered":"Anvisa aprova importa\u00e7\u00e3o de rem\u00e9dio experimental para piloto Lito"},"content":{"rendered":"<p> <br \/>\n<\/p>\n<div>\n<p><strong>A Ag\u00eancia Nacional de Vigil\u00e2ncia Sanit\u00e1ria (Anvisa) autorizou a importa\u00e7\u00e3o e o uso de uma medica\u00e7\u00e3o experimental para o tratamento do piloto e youtuber Lito Sousa, diagnosticado com <a href=\"https:\/\/agenciabrasil.ebc.com.br\/saude\/noticia\/2026-08\/entenda-doenca-de-creutzfeldt-jakob-diagnostico-do-piloto-lito-sousa\" target=\"_blank\">Doen\u00e7a de Creutzfeldt-Jakob<\/a>. A informa\u00e7\u00e3o foi confirmada pela fam\u00edlia via redes sociais.<\/strong><img decoding=\"async\" src=\"https:\/\/agenciabrasil.ebc.com.br\/ebc.png?id=1701654&amp;o=node\" style=\"width:1px; height:1px; display:inline;\"\/><img decoding=\"async\" src=\"https:\/\/agenciabrasil.ebc.com.br\/ebc.gif?id=1701654&amp;o=node\" style=\"width:1px; height:1px; display:inline;\"\/><\/p>\n<p>Segundo a esposa de Lito, Mila Seidl, a expectativa \u00e9 que a medica\u00e7\u00e3o chegue ao Brasil entre sete e nove dias a contar da \u00faltima sexta-feira (4). \u201cO imposs\u00edvel est\u00e1 virando realidade! Estamos prontos para receber o tratamento\u201d, comemorou Mila no <em>post<\/em>, destacando que n\u00e3o houve regalias no processo.<\/p>\n<blockquote>\n<p>\u201cVi algumas pessoas dizendo que a Anvisa abriu uma exce\u00e7\u00e3o rara. N\u00e3o foi. Isso \u00e9 um regulamento, est\u00e1 previsto em lei. Alguns pa\u00edses adotam o uso compassivo de medica\u00e7\u00e3o e a\u00ed voc\u00ea tem um tr\u00e2mite legal que precisa ser cumprido. N\u00e3o \u00e9 algo que foi feito excepcionalmente para o Lito\u201d, explicou a esposa do <em>youtuber<\/em>.<\/p>\n<\/blockquote>\n<p>Mila lembrou que qualquer pessoa em situa\u00e7\u00e3o similar pode pleitear o mesmo tipo de autoriza\u00e7\u00e3o. \u201cCabe \u00e0 Anvisa analisar, deferir ou indeferir. A gente apresentou bastante documenta\u00e7\u00e3o. [O processo] estava bem robusto\u201d, completou, a citar documentos enviados pela farmac\u00eautica e exames diversos.<\/p>\n<p>\u201cUma das nossas miss\u00f5es \u00e9 mostrar o caminho que fam\u00edlias que passam por isso \u2013 por doen\u00e7as raras, n\u00e3o necessariamente a nossa, mas outras \u2013 podem seguir para conseguir o uso experimental de medicamentos, a importa\u00e7\u00e3o, a entrada em estudos\u201d, destacou a esposa de Lito.<\/p>\n<p><strong>Ainda segundo Mila, houve um entendimento, por parte do governo brasileiro, incluindo o Minist\u00e9rio da Sa\u00fade e a pr\u00f3pria Anvisa, bem como da Food and Drug Administration (FDA), ag\u00eancia reguladora de medicamentos dos Estados Unidos, sobre a urg\u00eancia e a celeridade da causa de Lito.<\/strong><\/p>\n<p>\u201cMesmo assim, sendo muito sincera, foi muito angustiante porque esse fluxo mais r\u00e1pido levou cerca de uma semana e, em uma semana, a gente perdeu algumas coisas\u201d, disse, ao se referir ao quadro do marido. \u201cMas eu entendo. Eles t\u00eam que estar cal\u00e7ados de que est\u00e3o fazendo a coisa certa. N\u00e3o podem canetar, precisam apreciar.\u201d<\/p>\n<h2>A doen\u00e7a<\/h2>\n<p>A comunidade cient\u00edfica tem, at\u00e9 o momento, mais perguntas e hip\u00f3teses do que certezas absolutas a respeito da Doen\u00e7a de Creutzfeldt-Jakob. A condi\u00e7\u00e3o \u00e9 rara, com menos de 100 casos suspeitos registrados por ano no Brasil.<\/p>\n<p>A doen\u00e7a se instala quando formas anormais de uma prote\u00edna produzida dentro das c\u00e9lulas cerebrais, os pr\u00edons, passam a se acumular, comprometendo o funcionamento do \u00f3rg\u00e3o. O quadro progride rapidamente com desfecho fatal.<\/p>\n<p>      <!-- Relacionada --><\/p>\n<p>            <!-- Relacionada -->\n    <\/div>\n<p><br \/>\n<br \/><a href=\"https:\/\/agenciabrasil.ebc.com.br\/saude\/noticia\/2026-09\/anvisa-aprova-importacao-de-remedio-experimental-para-piloto-lito\">Ag\u00eancia Brasil<\/a><\/p>\n","protected":false},"excerpt":{"rendered":"<p>A Ag\u00eancia Nacional de Vigil\u00e2ncia Sanit\u00e1ria (Anvisa) autorizou a importa\u00e7\u00e3o e o uso de uma medica\u00e7\u00e3o experimental para o tratamento do piloto e youtuber Lito Sousa, diagnosticado com Doen\u00e7a de Creutzfeldt-Jakob. A informa\u00e7\u00e3o foi confirmada pela fam\u00edlia via redes sociais. Segundo a esposa de Lito, Mila Seidl, a expectativa \u00e9 que a medica\u00e7\u00e3o chegue ao [&hellip;]<\/p>\n","protected":false},"author":1,"featured_media":35687,"comment_status":"closed","ping_status":"","sticky":false,"template":"","format":"standard","meta":{"footnotes":""},"categories":[18],"tags":[],"class_list":["post-35686","post","type-post","status-publish","format-standard","has-post-thumbnail","hentry","category-saude"],"_links":{"self":[{"href":"https:\/\/diarioalagoas.com.br\/index.php?rest_route=\/wp\/v2\/posts\/35686","targetHints":{"allow":["GET"]}}],"collection":[{"href":"https:\/\/diarioalagoas.com.br\/index.php?rest_route=\/wp\/v2\/posts"}],"about":[{"href":"https:\/\/diarioalagoas.com.br\/index.php?rest_route=\/wp\/v2\/types\/post"}],"author":[{"embeddable":true,"href":"https:\/\/diarioalagoas.com.br\/index.php?rest_route=\/wp\/v2\/users\/1"}],"replies":[{"embeddable":true,"href":"https:\/\/diarioalagoas.com.br\/index.php?rest_route=%2Fwp%2Fv2%2Fcomments&post=35686"}],"version-history":[{"count":0,"href":"https:\/\/diarioalagoas.com.br\/index.php?rest_route=\/wp\/v2\/posts\/35686\/revisions"}],"wp:featuredmedia":[{"embeddable":true,"href":"https:\/\/diarioalagoas.com.br\/index.php?rest_route=\/wp\/v2\/media\/35687"}],"wp:attachment":[{"href":"https:\/\/diarioalagoas.com.br\/index.php?rest_route=%2Fwp%2Fv2%2Fmedia&parent=35686"}],"wp:term":[{"taxonomy":"category","embeddable":true,"href":"https:\/\/diarioalagoas.com.br\/index.php?rest_route=%2Fwp%2Fv2%2Fcategories&post=35686"},{"taxonomy":"post_tag","embeddable":true,"href":"https:\/\/diarioalagoas.com.br\/index.php?rest_route=%2Fwp%2Fv2%2Ftags&post=35686"}],"curies":[{"name":"wp","href":"https:\/\/api.w.org\/{rel}","templated":true}]}}